{"id":14155,"date":"2022-01-31T15:55:47","date_gmt":"2022-01-31T15:55:47","guid":{"rendered":"http:\/\/www.pasadenahoy.com\/primero\/?p=14155"},"modified":"2022-01-31T15:55:50","modified_gmt":"2022-01-31T15:55:50","slug":"discurso-sobre-el-estado-de-la-ciudad-programado-para-el-24-de-febrero","status":"publish","type":"post","link":"http:\/\/www.pasadenahoy.com\/primero\/el-gobierno-local\/discurso-sobre-el-estado-de-la-ciudad-programado-para-el-24-de-febrero\/","title":{"rendered":"Discurso sobre el estado de la ciudad programado para el 24 de febrero"},"content":{"rendered":"\n<figure class=\"wp-block-image alignnone size-large\"><figure class=\"alignnone\"><img loading=\"lazy\" width=\"700\" height=\"378\" src=\"http:\/\/www.pasadenahoy.com\/primero\/wp-content\/uploads\/2022\/01\/pic-10-1.png\" alt=\"\" class=\"wp-image-14156\" srcset=\"http:\/\/www.pasadenahoy.com\/primero\/wp-content\/uploads\/2022\/01\/pic-10-1.png 700w, http:\/\/www.pasadenahoy.com\/primero\/wp-content\/uploads\/2022\/01\/pic-10-1-300x162.png 300w, http:\/\/www.pasadenahoy.com\/primero\/wp-content\/uploads\/2022\/01\/pic-10-1-241x130.png 241w, http:\/\/www.pasadenahoy.com\/primero\/wp-content\/uploads\/2022\/01\/pic-10-1-333x180.png 333w, http:\/\/www.pasadenahoy.com\/primero\/wp-content\/uploads\/2022\/01\/pic-10-1-360x194.png 360w\" sizes=\"100vw\" \/><figcaption><span class=\"caption-text\">El alcalde de Pasadena, Victor Gordo, pronuncia virtualmente el discurso sobre el estado de la ciudad de 2021 desde su casa. (Captura de pantalla a trav\u00e9s de Pasadena Media)<\/span><\/figcaption><\/figure><\/figure>\n\n\n\n<p><br>El alcalde V\u00edctor Gordo dar\u00e1 el discurso anual sobre el estado de la ciudad a las 7 p.m. el 24 de febrero en el Westerbrook Hall for the Performing Arts del Pasadena City College.<\/p>\n\n\n\n<p>De acuerdo con el estatuto, \u201cA m\u00e1s tardar en febrero de cada a\u00f1o, el alcalde presentar\u00e1 un mensaje de presupuesto tem\u00e1tico para el pr\u00f3ximo a\u00f1o fiscal al Concejo Municipal\u201d.<\/p>\n\n\n\n<p>El prop\u00f3sito del discurso es alentar las sugerencias y comentarios del p\u00fablico sobre el presupuesto de la Ciudad antes de su preparaci\u00f3n y aprobaci\u00f3n final por parte del Concejo Municipal.<\/p>\n\n\n\n<p>El discurso del a\u00f1o pasado se llev\u00f3 a cabo virtualmente debido a la pandemia de COVID-19. El formato del evento de este a\u00f1o a\u00fan no se ha decidido y se anunciar\u00e1 en una fecha posterior.<\/p>\n\n\n\n<p>Est\u00e1 previsto que Gordo sea el orador invitado en la reuni\u00f3n semanal del Club Rotario de Pasadena el mi\u00e9rcoles 2 de febrero, que comienza al mediod\u00eda.<\/p>\n\n\n\n<p>La reuni\u00f3n se transmitir\u00e1 por Zoom y est\u00e1 abierta al p\u00fablico.<\/p>\n\n\n\n<p>El alcalde Gordo brindar\u00e1 una descripci\u00f3n general del estado actual de la ciudad.<\/p>\n\n\n\n<p>V\u00edctor Gordo fue elegido alcalde de Pasadena en noviembre de 2020 despu\u00e9s de servir en el Concejo Municipal desde 2001. Naci\u00f3 en Zacatecas, M\u00e9xico y creci\u00f3 en Pasadena como el mayor de seis hijos, donde su madre trabajaba como costurera y su padre como un restaurante lavavajillas y cocinera.<\/p>\n\n\n\n<p>Gordo consigui\u00f3 su primer trabajo a los 9 a\u00f1os repartiendo peri\u00f3dicos, lo que continu\u00f3 haciendo mientras asist\u00eda a la Escuela Secundaria de Pasadena. En la escuela secundaria, se destac\u00f3 en f\u00fatbol americano, b\u00e9isbol y f\u00fatbol. Fue el primero en su familia en ir a la universidad, primero en Pasadena City College y luego en Azusa Pacific University. Se abri\u00f3 camino en la universidad como mesero y gerente de un restaurante.<\/p>\n\n\n\n<p>Despu\u00e9s de la universidad, Gordo se convirti\u00f3 en director de programa de Pasadena Day One Community Partnership, y luego se convirti\u00f3 en representante de campo del concejal del Distrito 5, Bill Crowfoot. Mientras trabajaba como representante de campo, Gordo pasaba de cuatro a cinco noches a la semana asistiendo a la facultad de derecho en la Universidad de La Verne. Ya estaba sirviendo en el Concejo Municipal de Pasadena cuando aprob\u00f3 el examen del Colegio de Abogados de California en julio de 2001.<\/p>\n\n\n\n<p>Durante su tiempo en el Concejo Municipal, Gordo abog\u00f3 por el crecimiento econ\u00f3mico y la estabilidad en los distritos comerciales locales, se opuso al desarrollo excesivo, defendi\u00f3 un salario digno, luch\u00f3 por mejorar los resultados educativos de los ni\u00f1os, apoy\u00f3 las escuelas p\u00fablicas y presion\u00f3 para aumentar la transparencia y responsabilidad del gobierno.<\/p>\n\n\n\n<p>En 2007, fue seleccionado como representante del Concejo Municipal en Rose Bowl Operating Company (RBOC). En 2009, la Junta Directiva lo eligi\u00f3 Presidente para supervisar la renovaci\u00f3n del Estadio Rose Bowl. Gordo se desempe\u00f1\u00f3 como presidente de RBOC durante 10 a\u00f1os, el presidente con m\u00e1s a\u00f1os de servicio en la historia de la compa\u00f1\u00eda.<\/p>\n\n\n\n<p>La reuni\u00f3n del mi\u00e9rcoles ser\u00e1 solo en Zoom.<\/p>\n\n\n\n<p>Para participar en la reuni\u00f3n, ingrese a<a href=\" https:\/\/us02web.zoom.us\/j\/85447667313?pwd=YmFGZnpIOGNMdWYyc2lEc29vTm9kUT09.\"> https:\/\/us02web.zoom.us\/j\/85447667313?pwd=YmFGZnpIOGNMdWYyc2lEc29vTm9kUT09.<\/a> El ID de la reuni\u00f3n es 854 4766 7313 y el c\u00f3digo de acceso es 036132.<\/p>\n\n\n\n<p>Para obtener m\u00e1s informaci\u00f3n, llame al (626) 683-8243, env\u00ede un correo electr\u00f3nico a <a href=\"mailto:office@pasadenarotary.com\">office@pasadenarotary.com<\/a> o visite<a href=\"http:\/\/www.pasadenarotary.com\/\"> www.pasadenarotary.com.<\/a><\/p>\n","protected":false},"excerpt":{"rendered":"<p>El alcalde V\u00edctor Gordo dar\u00e1 el discurso anual sobre el estado de la ciudad a las 7 p.m. el 24 de febrero en el Westerbrook Hall for the Performing Arts del Pasadena City College. De acuerdo con el estatuto, \u201cA m\u00e1s tardar en febrero de cada a\u00f1o, el alcalde presentar\u00e1 un mensaje de presupuesto tem\u00e1tico para el pr\u00f3ximo a\u00f1o fiscal al Concejo Municipal\u201d. El prop\u00f3sito del discurso es alentar las sugerencias y comentarios del p\u00fablico sobre el presupuesto de la [&hellip;]<\/p>\n","protected":false},"author":4,"featured_media":0,"comment_status":"open","ping_status":"closed","sticky":false,"template":"","format":"standard","meta":[],"categories":[6],"tags":[],"acf":[],"_links":{"self":[{"href":"http:\/\/www.pasadenahoy.com\/primero\/wp-json\/wp\/v2\/posts\/14155"}],"collection":[{"href":"http:\/\/www.pasadenahoy.com\/primero\/wp-json\/wp\/v2\/posts"}],"about":[{"href":"http:\/\/www.pasadenahoy.com\/primero\/wp-json\/wp\/v2\/types\/post"}],"author":[{"embeddable":true,"href":"http:\/\/www.pasadenahoy.com\/primero\/wp-json\/wp\/v2\/users\/4"}],"replies":[{"embeddable":true,"href":"http:\/\/www.pasadenahoy.com\/primero\/wp-json\/wp\/v2\/comments?post=14155"}],"version-history":[{"count":2,"href":"http:\/\/www.pasadenahoy.com\/primero\/wp-json\/wp\/v2\/posts\/14155\/revisions"}],"predecessor-version":[{"id":14158,"href":"http:\/\/www.pasadenahoy.com\/primero\/wp-json\/wp\/v2\/posts\/14155\/revisions\/14158"}],"wp:attachment":[{"href":"http:\/\/www.pasadenahoy.com\/primero\/wp-json\/wp\/v2\/media?parent=14155"}],"wp:term":[{"taxonomy":"category","embeddable":true,"href":"http:\/\/www.pasadenahoy.com\/primero\/wp-json\/wp\/v2\/categories?post=14155"},{"taxonomy":"post_tag","embeddable":true,"href":"http:\/\/www.pasadenahoy.com\/primero\/wp-json\/wp\/v2\/tags?post=14155"}],"curies":[{"name":"wp","href":"https:\/\/api.w.org\/{rel}","templated":true}]}}