{"id":14163,"date":"2022-02-01T15:00:14","date_gmt":"2022-02-01T15:00:14","guid":{"rendered":"http:\/\/www.pasadenahoy.com\/primero\/?p=14163"},"modified":"2022-02-01T15:00:16","modified_gmt":"2022-02-01T15:00:16","slug":"el-concejo-municipal-discute-investigaciones-de-tiroteos-involucrados-por-oficiales","status":"publish","type":"post","link":"http:\/\/www.pasadenahoy.com\/primero\/el-gobierno-local\/el-concejo-municipal-discute-investigaciones-de-tiroteos-involucrados-por-oficiales\/","title":{"rendered":"El Concejo Municipal Discute Investigaciones de Tiroteos Involucrados por Oficiales"},"content":{"rendered":"\n<figure class=\"wp-block-image alignnone size-large\"><figure class=\"alignnone\"><img loading=\"lazy\" width=\"700\" height=\"378\" src=\"http:\/\/www.pasadenahoy.com\/primero\/wp-content\/uploads\/2022\/02\/pic-1.jpg\" alt=\"\" class=\"wp-image-14164\" srcset=\"http:\/\/www.pasadenahoy.com\/primero\/wp-content\/uploads\/2022\/02\/pic-1.jpg 700w, http:\/\/www.pasadenahoy.com\/primero\/wp-content\/uploads\/2022\/02\/pic-1-300x162.jpg 300w, http:\/\/www.pasadenahoy.com\/primero\/wp-content\/uploads\/2022\/02\/pic-1-241x130.jpg 241w, http:\/\/www.pasadenahoy.com\/primero\/wp-content\/uploads\/2022\/02\/pic-1-333x180.jpg 333w, http:\/\/www.pasadenahoy.com\/primero\/wp-content\/uploads\/2022\/02\/pic-1-360x194.jpg 360w\" sizes=\"100vw\" \/><\/figure><\/figure>\n\n\n\n<p>El Concejo Municipal escuch\u00f3 y discuti\u00f3 una presentaci\u00f3n sobre el proceso de investigaci\u00f3n de tiroteos involucrados por un oficial de polic\u00eda (OIS, por sus siglas en ingl\u00e9s) de Pasadena y las pol\u00edticas relacionadas durante la reuni\u00f3n del Concejo Municipal del lunes.<\/p>\n\n\n\n<p>Programado como un elemento de informaci\u00f3n \u00fanicamente, el elemento no result\u00f3 en una votaci\u00f3n que pudiera conducir a cambios en la pol\u00edtica policial.<\/p>\n\n\n\n<p>El departamento de polic\u00eda cae bajo la jurisdicci\u00f3n del Jefe de Polic\u00eda que responde al Administrador de la Ciudad y no al Concejo Municipal.<\/p>\n\n\n\n<p>\u201cEs importante para todos nosotros tener la oportunidad de discutir las limitaciones\u201d, dijo el alcalde V\u00edctor Gordo. \u201cEl consejo no tiene toda la autoridad que se nos pide que empleemos. A veces se necesita un cambio de la carta. Tenemos que lidiar con las limitaciones y restricciones de la carta\u201d.<\/p>\n\n\n\n<p>Gordo dijo que las largas investigaciones no mejoran la seguridad p\u00fablica ni la confianza y pidi\u00f3 al jefe de polic\u00eda que redacte una carta p\u00fablica pidi\u00e9ndole al fiscal de distrito del condado de Los \u00c1ngeles que dedique m\u00e1s recursos a investigar incidentes de tiroteos.<\/p>\n\n\n\n<p>Tambi\u00e9n pidi\u00f3 que se programe el tema cuando el consejo se re\u00fana con la supervisora \u200b\u200bKathryn Barger.<\/p>\n\n\n\n<p>\u201cCreo que deber\u00edamos hacer todo lo posible como ciudad para persuadir a los jefes de polic\u00eda de ideas afines y otros funcionarios electos para que lleven este asunto al fiscal de distrito\u201d.<\/p>\n\n\n\n<p>A nivel local, el administrador de la ciudad se desempe\u00f1a como director ejecutivo de la ciudad y dirige todos los departamentos de la ciudad, excepto los que est\u00e1n a cargo del secretario municipal y el fiscal\/fiscal de la ciudad.<\/p>\n\n\n\n<p>Legalmente, el Concejo Municipal no puede interferir en las investigaciones policiales ni instruir al Administrador de la Ciudad sobre esos asuntos.<\/p>\n\n\n\n<p>Seg\u00fan la presentaci\u00f3n del lunes, el Concejo Municipal puede \u201cindagar\u201d en asuntos administrativos e instruir al Administrador de la Ciudad en todos los asuntos de pol\u00edtica. El Concejo Municipal no puede \u201cintentar influir o dirigir a ning\u00fan subordinado del Administrador de la Ciudad\u201d.<\/p>\n\n\n\n<p>Las disposiciones de los estatutos de la ciudad impiden que el Ayuntamiento imponga medidas disciplinarias a los agentes de polic\u00eda. La carta solo puede ser enmendada por los votantes de Pasadena.<\/p>\n\n\n\n<p>Los residentes de Altadena y los residentes que viven en otras ciudades cercanas no pueden votar para cambiar los estatutos de Pasadena.<\/p>\n\n\n\n<p>Los memorandos de entendimiento entre la polic\u00eda y la ciudad citan al administrador de la ciudad y no los poderes de toma de decisiones del consejo de la ciudad, junto con la carta.<\/p>\n\n\n\n<p>En 2004, un juez interpret\u00f3 una disposici\u00f3n constitucional similar a la de Pasadena y permiti\u00f3 la investigaci\u00f3n por parte del Concejo Municipal y los miembros individuales del concejo al personal subordinado al Administrador de la Ciudad, pero prohibi\u00f3 las \u00f3rdenes del mismo.<\/p>\n\n\n\n<p>De acuerdo con la pol\u00edtica policial actual de Pasadena, luego de una OIS, una muerte bajo custodia y otros incidentes cr\u00edticos, los detectives de Pasadena y la Oficina del Fiscal de Distrito del Condado de Los \u00c1ngeles realizan investigaciones criminales por separado.<\/p>\n\n\n\n<p>El equipo de respuesta del fiscal del distrito se presenta al mismo tiempo que los detectives locales despu\u00e9s de que ocurre el tiroteo.<\/p>\n\n\n\n<p>El fiscal de distrito produce un hallazgo basado tanto en la investigaci\u00f3n policial como en su investigaci\u00f3n para determinar si los oficiales actuaron dentro del marco de la ley.<\/p>\n\n\n\n<p>Si se determina que los oficiales actuaron fuera de ese marco, los fiscales determinan si se deben presentar cargos penales contra los oficiales involucrados.<\/p>\n\n\n\n<p>un fiscal de distrito La investigaci\u00f3n est\u00e1 en curso en la muerte a tiros de Anthony McClain, residente de Pasadena, involucrada por un oficial para determinar si se viol\u00f3 la ley durante ese incidente.<\/p>\n\n\n\n<p>Los residentes locales afirmaron incorrectamente que el Concejo Municipal puede despedir a los agentes de polic\u00eda involucrados en ese incidente a pesar de que el abogado de la ciudad, el administrador de la ciudad y el alcalde les informaron varias veces que el concejo no tiene la autoridad para contratar o despedir a los agentes.<\/p>\n\n\n\n<p>El 15 de agosto de 2020, McClain era pasajero en un autom\u00f3vil que la polic\u00eda detuvo en North Raymond Avenue, cerca del parque La Pintoresca, por no mostrar una placa delantera. Despu\u00e9s de que se les pidi\u00f3 al conductor y a McClain que salieran del auto, McClain huy\u00f3 de los oficiales.<\/p>\n\n\n\n<p>La polic\u00eda dice que McClain se quit\u00f3 una pistola de la cintura mientras hu\u00eda, lo que provoc\u00f3 que el oficial Edwin Dumaguindin abriera fuego. McClain sigui\u00f3 corriendo una corta distancia antes de arrojar el arma al otro lado de la calle y colapsar, seg\u00fan la polic\u00eda.<\/p>\n\n\n\n<p>Algunos residentes locales dicen que no ven un arma en las im\u00e1genes de video del evento. La polic\u00eda dice que se encontr\u00f3 un arma en la escena. Los investigadores dicen que el ADN de McClain se recuper\u00f3 del arma.<\/p>\n\n\n\n<p>DA Los investigadores recibieron el caso McClain a fines de 2020, pero a\u00fan no han emitido un hallazgo. A menudo, toma de varios meses a varios a\u00f1os obtener un hallazgo de la oficina del fiscal.<\/p>\n\n\n\n<p>La unidad de Asuntos Internos del Departamento de Polic\u00eda de Pasadena tambi\u00e9n responde a los tiroteos para comenzar una investigaci\u00f3n administrativa sobre el incidente despu\u00e9s de que ocurre un tiroteo en el que est\u00e1 involucrado un oficial. Esa investigaci\u00f3n se enfoca principalmente en violaciones de pol\u00edticas, capacitaci\u00f3n y t\u00e1cticas utilizadas.<\/p>\n\n\n\n<p>La unidad de Asuntos Internos generalmente esperar\u00e1 para completar su investigaci\u00f3n hasta que los hallazgos de la oficina del fiscal regresen para que los investigadores administrativos tengan la informaci\u00f3n necesaria.<\/p>\n\n\n\n<p>rmaci\u00f3n para llegar a una conclusi\u00f3n.<\/p>\n\n\n\n<p>El concejal Tyron Hampton ha preguntado varias veces sobre la investigaci\u00f3n del tiroteo de McClain y ha criticado el tiempo que ha llevado la investigaci\u00f3n.<\/p>\n\n\n\n<p>Los tiroteos locales tambi\u00e9n se han remitido a la Oficina de Revisi\u00f3n Independiente (OIR) para una revisi\u00f3n independiente de los hechos.<\/p>\n\n\n\n<p>La OIR no realiza una investigaci\u00f3n criminal, pero busca el cumplimiento de la pol\u00edtica de la ciudad.<\/p>\n\n\n\n<p>Actualmente, la OIR tambi\u00e9n est\u00e1 investigando el tiroteo de McClain.<\/p>\n\n\n\n<p>Por lo general, el administrador de la ciudad, en colaboraci\u00f3n con la polic\u00eda y no con el Concejo Municipal, controla la divulgaci\u00f3n de informaci\u00f3n sobre las investigaciones de la OIS.<\/p>\n\n\n\n<p>En el tiroteo de Kendrec McDade en 2012, el entonces administrador de la ciudad, Michael Beck, inicialmente se neg\u00f3 a publicar el informe completo de OIR, pero prometi\u00f3 publicar el resumen, que fue un cambio con respecto a incidentes anteriores (cuando se publicaron los informes completos).<\/p>\n\n\n\n<p>La ciudad cambi\u00f3 de tono y pidi\u00f3 la publicaci\u00f3n del informe completo cuando el asunto lleg\u00f3 a los tribunales, pero la Asociaci\u00f3n de Oficiales de Polic\u00eda de Pasadena sigui\u00f3 oponi\u00e9ndose a la publicaci\u00f3n de los archivos.<\/p>\n\n\n\n<p>Despu\u00e9s de la resoluci\u00f3n de dos juicios federales, varias protestas p\u00fablicas, numerosas historias en los medios, varias audiencias en el Tribunal Superior y un fallo del tribunal de apelaciones estatal, se public\u00f3 el informe.<\/p>\n\n\n\n<p>Dos polic\u00edas de Pasadena dispararon y mataron a McDade despu\u00e9s de que una persona que llam\u00f3 le dijo al despachador del 911 que McDade estaba armado cuando el adolescente lo rob\u00f3 en 2012.<\/p>\n\n\n\n<p>Los oficiales dijeron que cre\u00edan que McDade estaba armado antes de perseguirlo en Sunset Avenue justo antes de las 11 p.m. la noche del tiroteo, seg\u00fan la llamada al 911. Toda la persecuci\u00f3n dur\u00f3 solo 65 segundos. La persona que llam\u00f3 m\u00e1s tarde se retract\u00f3 de su historia.<\/p>\n\n\n\n<p>Los dos oficiales fueron absueltos de irregularidades en investigaciones separadas realizadas por la oficina del fiscal, el Departamento de Polic\u00eda y el Departamento de Justicia de EE. UU.<\/p>\n\n\n\n<p><\/p>\n","protected":false},"excerpt":{"rendered":"<p>El Concejo Municipal escuch\u00f3 y discuti\u00f3 una presentaci\u00f3n sobre el proceso de investigaci\u00f3n de tiroteos involucrados por un oficial de polic\u00eda (OIS, por sus siglas en ingl\u00e9s) de Pasadena y las pol\u00edticas relacionadas durante la reuni\u00f3n del Concejo Municipal del lunes. Programado como un elemento de informaci\u00f3n \u00fanicamente, el elemento no result\u00f3 en una votaci\u00f3n que pudiera conducir a cambios en la pol\u00edtica policial. El departamento de polic\u00eda cae bajo la jurisdicci\u00f3n del Jefe de Polic\u00eda que responde al Administrador [&hellip;]<\/p>\n","protected":false},"author":4,"featured_media":14164,"comment_status":"open","ping_status":"closed","sticky":false,"template":"","format":"standard","meta":[],"categories":[6],"tags":[],"acf":[],"_links":{"self":[{"href":"http:\/\/www.pasadenahoy.com\/primero\/wp-json\/wp\/v2\/posts\/14163"}],"collection":[{"href":"http:\/\/www.pasadenahoy.com\/primero\/wp-json\/wp\/v2\/posts"}],"about":[{"href":"http:\/\/www.pasadenahoy.com\/primero\/wp-json\/wp\/v2\/types\/post"}],"author":[{"embeddable":true,"href":"http:\/\/www.pasadenahoy.com\/primero\/wp-json\/wp\/v2\/users\/4"}],"replies":[{"embeddable":true,"href":"http:\/\/www.pasadenahoy.com\/primero\/wp-json\/wp\/v2\/comments?post=14163"}],"version-history":[{"count":2,"href":"http:\/\/www.pasadenahoy.com\/primero\/wp-json\/wp\/v2\/posts\/14163\/revisions"}],"predecessor-version":[{"id":14166,"href":"http:\/\/www.pasadenahoy.com\/primero\/wp-json\/wp\/v2\/posts\/14163\/revisions\/14166"}],"wp:featuredmedia":[{"embeddable":true,"href":"http:\/\/www.pasadenahoy.com\/primero\/wp-json\/wp\/v2\/media\/14164"}],"wp:attachment":[{"href":"http:\/\/www.pasadenahoy.com\/primero\/wp-json\/wp\/v2\/media?parent=14163"}],"wp:term":[{"taxonomy":"category","embeddable":true,"href":"http:\/\/www.pasadenahoy.com\/primero\/wp-json\/wp\/v2\/categories?post=14163"},{"taxonomy":"post_tag","embeddable":true,"href":"http:\/\/www.pasadenahoy.com\/primero\/wp-json\/wp\/v2\/tags?post=14163"}],"curies":[{"name":"wp","href":"https:\/\/api.w.org\/{rel}","templated":true}]}}