{"id":14171,"date":"2022-02-01T15:10:06","date_gmt":"2022-02-01T15:10:06","guid":{"rendered":"http:\/\/www.pasadenahoy.com\/primero\/?p=14171"},"modified":"2022-02-01T15:10:08","modified_gmt":"2022-02-01T15:10:08","slug":"ayuntamiento-aprueba-empresa-de-busqueda-en-busqueda-de-administrador-de-la-ciudad","status":"publish","type":"post","link":"http:\/\/www.pasadenahoy.com\/primero\/el-gobierno-local\/ayuntamiento-aprueba-empresa-de-busqueda-en-busqueda-de-administrador-de-la-ciudad\/","title":{"rendered":"Ayuntamiento aprueba empresa de b\u00fasqueda en b\u00fasqueda de administrador de la ciudad"},"content":{"rendered":"\n<figure class=\"wp-block-image alignnone size-large\"><figure class=\"alignnone\"><img loading=\"lazy\" width=\"700\" height=\"378\" src=\"http:\/\/www.pasadenahoy.com\/primero\/wp-content\/uploads\/2022\/02\/pic-3.jpg\" alt=\"\" class=\"wp-image-14172\" srcset=\"http:\/\/www.pasadenahoy.com\/primero\/wp-content\/uploads\/2022\/02\/pic-3.jpg 700w, http:\/\/www.pasadenahoy.com\/primero\/wp-content\/uploads\/2022\/02\/pic-3-300x162.jpg 300w, http:\/\/www.pasadenahoy.com\/primero\/wp-content\/uploads\/2022\/02\/pic-3-241x130.jpg 241w, http:\/\/www.pasadenahoy.com\/primero\/wp-content\/uploads\/2022\/02\/pic-3-333x180.jpg 333w, http:\/\/www.pasadenahoy.com\/primero\/wp-content\/uploads\/2022\/02\/pic-3-360x194.jpg 360w\" sizes=\"100vw\" \/><\/figure><\/figure>\n\n\n\n<p>El Concejo Municipal aprob\u00f3 un contrato de $32,800 para aprobar una firma de b\u00fasqueda en la b\u00fasqueda del administrador de la ciudad el lunes.<\/p>\n\n\n\n<p>Brown Creative Partners llevar\u00e1 a cabo el proceso de reclutamiento y organizar\u00e1 una reuni\u00f3n inicial con WBCP y el Concejo Municipal para analizar estrategias para la participaci\u00f3n de la comunidad, determinar el plan y el cronograma de reclutamiento y comenzar el proceso de creaci\u00f3n de un perfil de candidato ideal.<\/p>\n\n\n\n<p>En septiembre, el alcalde V\u00edctor Gordo dijo que la ciudad realizar\u00eda una b\u00fasqueda nacional de un nuevo administrador municipal.<\/p>\n\n\n\n<p>La firma fue elegida a trav\u00e9s de un proceso de RFP que result\u00f3 en entrevistas con las firmas m\u00e1s calificadas por parte de un comit\u00e9 ad hoc compuesto por el vicealcalde Andy Wilson y los concejales John Kennedy, Gene Masuda y Jessica Rivas.<\/p>\n\n\n\n<p>El administrador de la ciudad, Steve Mermell, se jubil\u00f3 en diciembre despu\u00e9s de m\u00e1s de 30 a\u00f1os en la ciudad.<\/p>\n\n\n\n<p>Se form\u00f3 un segundo comit\u00e9 ad-hoc para entrevistar a candidatos calificados.<\/p>\n\n\n\n<p>Ese comit\u00e9 est\u00e1 presidido por Gordo y est\u00e1 formado por los concejales Tyron Hampton, Felicia Williams y Steve Madison. Despu\u00e9s de que el comit\u00e9 ad-hoc haga sus recomendaciones iniciales, todo el consejo entrevistar\u00e1 a los finalistas.<\/p>\n\n\n\n<p>Durante el proceso que trajo a Michael Beck, el \u00faltimo administrador de la ciudad contratado fuera de Pasadena, un comit\u00e9 de selecci\u00f3n ad-hoc compuesto por los entonces concejales Jacque Robinson, Sid Tyler y Margaret McAustin viaj\u00f3 a Riverside y entrevist\u00f3 a Beck y varios de sus asociados.<\/p>\n\n\n\n<p>Despu\u00e9s de que seleccionaron a Beck, Tyler dijo: \u201cTrabajamos bastante bien con \u00e9l durante la visita al sitio. No solo en persona, sino a trav\u00e9s de las personas que lo conocen\u201d.<\/p>\n\n\n\n<p>No se sabe si el comit\u00e9 ad-hoc actual realizar\u00e1 visitas al sitio o qu\u00e9 tan profunda ser\u00e1 la investigaci\u00f3n.<\/p>\n\n\n\n<p>El administrador de la ciudad es uno de los tres puestos que el Ayuntamiento se encarga de cubrir. El consejo tambi\u00e9n contrata al secretario de la ciudad y al abogado de la ciudad.<\/p>\n\n\n\n<p>Pasadena tiene un tipo de gobierno de concejo-administrador de la ciudad, que requiere que el Concejo Municipal electo act\u00fae como el cuerpo legislativo principal de la ciudad y designe un administrador de la ciudad para supervisar las operaciones municipales diarias, redactar un presupuesto, implementar y hacer cumplir las la pol\u00edtica del consejo y las iniciativas legislativas, y supervisar 14 de los 16 departamentos de la ciudad.<\/p>\n\n\n\n<p>Los tres alcaldes electos en los tiempos modernos han dirigido al Concejo Municipal a trav\u00e9s del proceso de elecci\u00f3n de un nuevo Administrador Municipal.<\/p>\n\n\n\n<p>Bill Bogaard dirigi\u00f3 el proceso para elegir a Michael Beck y Terry Tornek estaba al mando cuando se seleccion\u00f3 a Mermell.<\/p>\n","protected":false},"excerpt":{"rendered":"<p>El Concejo Municipal aprob\u00f3 un contrato de $32,800 para aprobar una firma de b\u00fasqueda en la b\u00fasqueda del administrador de la ciudad el lunes. Brown Creative Partners llevar\u00e1 a cabo el proceso de reclutamiento y organizar\u00e1 una reuni\u00f3n inicial con WBCP y el Concejo Municipal para analizar estrategias para la participaci\u00f3n de la comunidad, determinar el plan y el cronograma de reclutamiento y comenzar el proceso de creaci\u00f3n de un perfil de candidato ideal. En septiembre, el alcalde V\u00edctor Gordo [&hellip;]<\/p>\n","protected":false},"author":4,"featured_media":14172,"comment_status":"open","ping_status":"closed","sticky":false,"template":"","format":"standard","meta":[],"categories":[6],"tags":[],"acf":[],"_links":{"self":[{"href":"http:\/\/www.pasadenahoy.com\/primero\/wp-json\/wp\/v2\/posts\/14171"}],"collection":[{"href":"http:\/\/www.pasadenahoy.com\/primero\/wp-json\/wp\/v2\/posts"}],"about":[{"href":"http:\/\/www.pasadenahoy.com\/primero\/wp-json\/wp\/v2\/types\/post"}],"author":[{"embeddable":true,"href":"http:\/\/www.pasadenahoy.com\/primero\/wp-json\/wp\/v2\/users\/4"}],"replies":[{"embeddable":true,"href":"http:\/\/www.pasadenahoy.com\/primero\/wp-json\/wp\/v2\/comments?post=14171"}],"version-history":[{"count":2,"href":"http:\/\/www.pasadenahoy.com\/primero\/wp-json\/wp\/v2\/posts\/14171\/revisions"}],"predecessor-version":[{"id":14174,"href":"http:\/\/www.pasadenahoy.com\/primero\/wp-json\/wp\/v2\/posts\/14171\/revisions\/14174"}],"wp:featuredmedia":[{"embeddable":true,"href":"http:\/\/www.pasadenahoy.com\/primero\/wp-json\/wp\/v2\/media\/14172"}],"wp:attachment":[{"href":"http:\/\/www.pasadenahoy.com\/primero\/wp-json\/wp\/v2\/media?parent=14171"}],"wp:term":[{"taxonomy":"category","embeddable":true,"href":"http:\/\/www.pasadenahoy.com\/primero\/wp-json\/wp\/v2\/categories?post=14171"},{"taxonomy":"post_tag","embeddable":true,"href":"http:\/\/www.pasadenahoy.com\/primero\/wp-json\/wp\/v2\/tags?post=14171"}],"curies":[{"name":"wp","href":"https:\/\/api.w.org\/{rel}","templated":true}]}}