{"id":14179,"date":"2022-02-01T15:25:47","date_gmt":"2022-02-01T15:25:47","guid":{"rendered":"http:\/\/www.pasadenahoy.com\/primero\/?p=14179"},"modified":"2022-02-01T15:25:48","modified_gmt":"2022-02-01T15:25:48","slug":"el-numero-de-hospitalizaciones-por-covid-en-el-condado-de-los-angeles-vuelve-a-caer-40-muertes-mas-reportadas","status":"publish","type":"post","link":"http:\/\/www.pasadenahoy.com\/primero\/la-comunidad\/el-numero-de-hospitalizaciones-por-covid-en-el-condado-de-los-angeles-vuelve-a-caer-40-muertes-mas-reportadas\/","title":{"rendered":"El n\u00famero de hospitalizaciones por COVID en el condado de Los \u00c1ngeles vuelve a caer; 40 muertes m\u00e1s reportadas"},"content":{"rendered":"\n<figure class=\"wp-block-image alignnone size-large\"><figure class=\"alignnone\"><img loading=\"lazy\" width=\"700\" height=\"378\" src=\"http:\/\/www.pasadenahoy.com\/primero\/wp-content\/uploads\/2022\/02\/pic-5.jpg\" alt=\"\" class=\"wp-image-14180\" srcset=\"http:\/\/www.pasadenahoy.com\/primero\/wp-content\/uploads\/2022\/02\/pic-5.jpg 700w, http:\/\/www.pasadenahoy.com\/primero\/wp-content\/uploads\/2022\/02\/pic-5-300x162.jpg 300w, http:\/\/www.pasadenahoy.com\/primero\/wp-content\/uploads\/2022\/02\/pic-5-241x130.jpg 241w, http:\/\/www.pasadenahoy.com\/primero\/wp-content\/uploads\/2022\/02\/pic-5-333x180.jpg 333w, http:\/\/www.pasadenahoy.com\/primero\/wp-content\/uploads\/2022\/02\/pic-5-360x194.jpg 360w\" sizes=\"100vw\" \/><\/figure><\/figure>\n\n\n\n<p>El n\u00famero de pacientes con COVID-positivo en los hospitales del condado de Los \u00c1ngeles volvi\u00f3 a caer el lunes, continuando con una serie de descensos diarios de una semana, pero se informaron otras 40 muertes relacionadas con el virus.<\/p>\n\n\n\n<p>Las 40 nuevas muertes aumentaron el n\u00famero total de muertes por el virus en el condado a 28,963. El lunes se informaron otros 10,715 casos de COVID, lo que le da al condado un total acumulativo de pandemia de 2,659,414.<\/p>\n\n\n\n<p>Seg\u00fan cifras estatales, hab\u00eda 3720 pacientes con COVID positivo en los hospitales del condado hasta el lunes, frente a los 3852 del domingo. Hace una semana, hab\u00eda casi 4600 pacientes con COVID positivo, pero el n\u00famero ha ido disminuyendo constantemente.<\/p>\n\n\n\n<p>De los pacientes actuales, 749 estaban siendo tratados en cuidados intensivos, una ca\u00edda con respecto a los 759 del d\u00eda anterior.<\/p>\n\n\n\n<p>Los funcionarios del condado han dicho que algunos de estos pacientes, en un momento dado, alrededor del 50%, ingresaron a un hospital por otras razones y solo descubrieron que ten\u00edan el coronavirus despu\u00e9s de una prueba obligatoria.<\/p>\n\n\n\n<p>Es probable que la cantidad de nuevos casos y muertes de COVID confirmados el lunes sea un recuento insuficiente, lo que representa retrasos en los informes del fin de semana.<\/p>\n\n\n\n<p>La tasa diaria promedio de personas que dan positivo por el virus tambi\u00e9n contin\u00faa cayendo, alcanzando el 8,8% a partir del lunes, por debajo del 9,1% del d\u00eda anterior y por debajo de la tasa del 13,2% de la semana anterior.<\/p>\n\n\n\n<p>El Departamento de Salud P\u00fablica del condado inform\u00f3 un buen cumplimiento general de los requisitos de uso de mascarillas y vacunas entre empresas como restaurantes, bares, clubes nocturnos y cervecer\u00edas. Seg\u00fan el condado, el cumplimiento estuvo por encima del 90 % en dichos establecimientos durante la semana del 21 al 27 de enero. La tasa fue de alrededor del 80 % para el cumplimiento del uso de mascarillas en los gimnasios esa semana, y de alrededor del 74 % en los fabricantes de prendas.<\/p>\n\n\n\n<p>\u201cNos alientan las altas tasas de cumplimiento en las empresas locales donde durante meses los clientes y empleados han asumido la responsabilidad de usar m\u00e1scaras\u201d, dijo la directora de salud p\u00fablica del condado, Barbara Ferrer, en un comunicado. \u201cCon miles de personas nuevas infectadas cada d\u00eda y una variante circulando que evade parte de la protecci\u00f3n de nuestra vacuna, el enmascaramiento, cuando est\u00e1 en contacto cercano con otros, sigue siendo una capa importante de protecci\u00f3n, especialmente para los trabajadores esenciales\u201d.<\/p>\n","protected":false},"excerpt":{"rendered":"<p>El n\u00famero de pacientes con COVID-positivo en los hospitales del condado de Los \u00c1ngeles volvi\u00f3 a caer el lunes, continuando con una serie de descensos diarios de una semana, pero se informaron otras 40 muertes relacionadas con el virus. Las 40 nuevas muertes aumentaron el n\u00famero total de muertes por el virus en el condado a 28,963. El lunes se informaron otros 10,715 casos de COVID, lo que le da al condado un total acumulativo de pandemia de 2,659,414. Seg\u00fan [&hellip;]<\/p>\n","protected":false},"author":4,"featured_media":0,"comment_status":"open","ping_status":"closed","sticky":false,"template":"","format":"standard","meta":[],"categories":[4],"tags":[],"acf":[],"_links":{"self":[{"href":"http:\/\/www.pasadenahoy.com\/primero\/wp-json\/wp\/v2\/posts\/14179"}],"collection":[{"href":"http:\/\/www.pasadenahoy.com\/primero\/wp-json\/wp\/v2\/posts"}],"about":[{"href":"http:\/\/www.pasadenahoy.com\/primero\/wp-json\/wp\/v2\/types\/post"}],"author":[{"embeddable":true,"href":"http:\/\/www.pasadenahoy.com\/primero\/wp-json\/wp\/v2\/users\/4"}],"replies":[{"embeddable":true,"href":"http:\/\/www.pasadenahoy.com\/primero\/wp-json\/wp\/v2\/comments?post=14179"}],"version-history":[{"count":2,"href":"http:\/\/www.pasadenahoy.com\/primero\/wp-json\/wp\/v2\/posts\/14179\/revisions"}],"predecessor-version":[{"id":14182,"href":"http:\/\/www.pasadenahoy.com\/primero\/wp-json\/wp\/v2\/posts\/14179\/revisions\/14182"}],"wp:attachment":[{"href":"http:\/\/www.pasadenahoy.com\/primero\/wp-json\/wp\/v2\/media?parent=14179"}],"wp:term":[{"taxonomy":"category","embeddable":true,"href":"http:\/\/www.pasadenahoy.com\/primero\/wp-json\/wp\/v2\/categories?post=14179"},{"taxonomy":"post_tag","embeddable":true,"href":"http:\/\/www.pasadenahoy.com\/primero\/wp-json\/wp\/v2\/tags?post=14179"}],"curies":[{"name":"wp","href":"https:\/\/api.w.org\/{rel}","templated":true}]}}