{"id":14183,"date":"2022-02-01T15:32:29","date_gmt":"2022-02-01T15:32:29","guid":{"rendered":"http:\/\/www.pasadenahoy.com\/primero\/?p=14183"},"modified":"2022-02-01T15:32:30","modified_gmt":"2022-02-01T15:32:30","slug":"persecucion-policial-obtiene-2-personas-en-libertad-condicional-y-2-armas-cargadas","status":"publish","type":"post","link":"http:\/\/www.pasadenahoy.com\/primero\/la-comunidad\/persecucion-policial-obtiene-2-personas-en-libertad-condicional-y-2-armas-cargadas\/","title":{"rendered":"Persecuci\u00f3n policial obtiene 2 personas en libertad condicional y 2 armas cargadas"},"content":{"rendered":"\n<figure class=\"wp-block-image alignnone size-large\"><figure class=\"alignnone\"><img loading=\"lazy\" width=\"700\" height=\"378\" src=\"http:\/\/www.pasadenahoy.com\/primero\/wp-content\/uploads\/2022\/02\/pic-6.png\" alt=\"\" class=\"wp-image-14184\" srcset=\"http:\/\/www.pasadenahoy.com\/primero\/wp-content\/uploads\/2022\/02\/pic-6.png 700w, http:\/\/www.pasadenahoy.com\/primero\/wp-content\/uploads\/2022\/02\/pic-6-300x162.png 300w, http:\/\/www.pasadenahoy.com\/primero\/wp-content\/uploads\/2022\/02\/pic-6-241x130.png 241w, http:\/\/www.pasadenahoy.com\/primero\/wp-content\/uploads\/2022\/02\/pic-6-333x180.png 333w, http:\/\/www.pasadenahoy.com\/primero\/wp-content\/uploads\/2022\/02\/pic-6-360x194.png 360w\" sizes=\"100vw\" \/><\/figure><\/figure>\n\n\n\n<p>La polic\u00eda de Pasadena persigui\u00f3 un autom\u00f3vil que luego se descubri\u00f3 que estaba ocupado por dos personas en libertad condicional armadas despu\u00e9s de que el conductor no se detuviera durante una parada de tr\u00e1fico el lunes por la noche, dijo la polic\u00eda.<\/p>\n\n\n\n<p>El teniente Sean Dawkins dijo que la persecuci\u00f3n comenz\u00f3 a las 7:21 p.m. cuando los oficiales intentaron detener un autom\u00f3vil que conten\u00eda a dos hombres por varias infracciones de tr\u00e1nsito cerca de la intersecci\u00f3n de Navarro y Tremont.<\/p>\n\n\n\n<p>El conductor continu\u00f3 y se dirigi\u00f3 hacia el este hasta Fair Oaks Avenue, donde gir\u00f3 hacia el sur.<\/p>\n\n\n\n<p>\u201cMientras segu\u00edan el veh\u00edculo, pudieron ver que el pasajero delantero se acercaba al compartimento trasero del veh\u00edculo\u201d, dijo Dawkins.<\/p>\n\n\n\n<p>El veh\u00edculo finalmente se detuvo en Fair Oaks Avenue en Howard Street, dijo.<\/p>\n\n\n\n<p>\u201cTomamos todas las precauciones e hicimos una parada de alto riesgo basada en la persecuci\u00f3n y sus acciones\u201d, dijo Dawkins. \u201cSe determin\u00f3 que las dos personas en el veh\u00edculo, el conductor y el pasajero, estaban en libertad condicional\u201d.<\/p>\n\n\n\n<p>Los oficiales registraron el veh\u00edculo y \u201cencontraron dos armas de fuego completamente cargadas dentro del veh\u00edculo\u201d, seg\u00fan Dawkins.<\/p>\n\n\n\n<p>Dijo que los oficiales arrestaron a Gregory Michael McKinley, de 29 a\u00f1os, residente de Pasadena, y a Davian Thomas, de 26, tambi\u00e9n de Pasadena.<\/p>\n\n\n\n<p>Ambos hombres permanec\u00edan bajo custodia en la c\u00e1rcel de la ciudad de Pasadena hasta el martes por la ma\u00f1ana, seg\u00fan los registros electr\u00f3nicos de reserva.<\/p>\n","protected":false},"excerpt":{"rendered":"<p>La polic\u00eda de Pasadena persigui\u00f3 un autom\u00f3vil que luego se descubri\u00f3 que estaba ocupado por dos personas en libertad condicional armadas despu\u00e9s de que el conductor no se detuviera durante una parada de tr\u00e1fico el lunes por la noche, dijo la polic\u00eda. El teniente Sean Dawkins dijo que la persecuci\u00f3n comenz\u00f3 a las 7:21 p.m. cuando los oficiales intentaron detener un autom\u00f3vil que conten\u00eda a dos hombres por varias infracciones de tr\u00e1nsito cerca de la intersecci\u00f3n de Navarro y Tremont. [&hellip;]<\/p>\n","protected":false},"author":4,"featured_media":0,"comment_status":"open","ping_status":"closed","sticky":false,"template":"","format":"standard","meta":[],"categories":[4],"tags":[],"acf":[],"_links":{"self":[{"href":"http:\/\/www.pasadenahoy.com\/primero\/wp-json\/wp\/v2\/posts\/14183"}],"collection":[{"href":"http:\/\/www.pasadenahoy.com\/primero\/wp-json\/wp\/v2\/posts"}],"about":[{"href":"http:\/\/www.pasadenahoy.com\/primero\/wp-json\/wp\/v2\/types\/post"}],"author":[{"embeddable":true,"href":"http:\/\/www.pasadenahoy.com\/primero\/wp-json\/wp\/v2\/users\/4"}],"replies":[{"embeddable":true,"href":"http:\/\/www.pasadenahoy.com\/primero\/wp-json\/wp\/v2\/comments?post=14183"}],"version-history":[{"count":2,"href":"http:\/\/www.pasadenahoy.com\/primero\/wp-json\/wp\/v2\/posts\/14183\/revisions"}],"predecessor-version":[{"id":14186,"href":"http:\/\/www.pasadenahoy.com\/primero\/wp-json\/wp\/v2\/posts\/14183\/revisions\/14186"}],"wp:attachment":[{"href":"http:\/\/www.pasadenahoy.com\/primero\/wp-json\/wp\/v2\/media?parent=14183"}],"wp:term":[{"taxonomy":"category","embeddable":true,"href":"http:\/\/www.pasadenahoy.com\/primero\/wp-json\/wp\/v2\/categories?post=14183"},{"taxonomy":"post_tag","embeddable":true,"href":"http:\/\/www.pasadenahoy.com\/primero\/wp-json\/wp\/v2\/tags?post=14183"}],"curies":[{"name":"wp","href":"https:\/\/api.w.org\/{rel}","templated":true}]}}