{"id":14190,"date":"2022-02-02T15:00:59","date_gmt":"2022-02-02T15:00:59","guid":{"rendered":"http:\/\/www.pasadenahoy.com\/primero\/?p=14190"},"modified":"2022-02-02T15:01:02","modified_gmt":"2022-02-02T15:01:02","slug":"algunos-oficiales-de-policia-de-pasadena-estaran-equipados-con-tecnologia-que-activa-automaticamente-las-camaras-corporales","status":"publish","type":"post","link":"http:\/\/www.pasadenahoy.com\/primero\/la-comunidad\/algunos-oficiales-de-policia-de-pasadena-estaran-equipados-con-tecnologia-que-activa-automaticamente-las-camaras-corporales\/","title":{"rendered":"Algunos oficiales de polic\u00eda de Pasadena estar\u00e1n equipados con tecnolog\u00eda que activa autom\u00e1ticamente las c\u00e1maras corporales"},"content":{"rendered":"\n<figure class=\"wp-block-image alignnone size-large\"><figure class=\"alignnone\"><img loading=\"lazy\" width=\"700\" height=\"378\" src=\"http:\/\/www.pasadenahoy.com\/primero\/wp-content\/uploads\/2022\/02\/pic-1-1.jpg\" alt=\"\" class=\"wp-image-14191\" srcset=\"http:\/\/www.pasadenahoy.com\/primero\/wp-content\/uploads\/2022\/02\/pic-1-1.jpg 700w, http:\/\/www.pasadenahoy.com\/primero\/wp-content\/uploads\/2022\/02\/pic-1-1-300x162.jpg 300w, http:\/\/www.pasadenahoy.com\/primero\/wp-content\/uploads\/2022\/02\/pic-1-1-241x130.jpg 241w, http:\/\/www.pasadenahoy.com\/primero\/wp-content\/uploads\/2022\/02\/pic-1-1-333x180.jpg 333w, http:\/\/www.pasadenahoy.com\/primero\/wp-content\/uploads\/2022\/02\/pic-1-1-360x194.jpg 360w\" sizes=\"100vw\" \/><figcaption><span class=\"caption-text\">Se muestran las c\u00e1maras de polic\u00eda corporales Axon cargadas en una estaci\u00f3n de acoplamiento. La polic\u00eda dijo que la estaci\u00f3n de acoplamiento carga las unidades, descarga los datos capturados y los carga en el servidor de la polic\u00eda de Pasadena, y tambi\u00e9n actualiza el software de la c\u00e1mara seg\u00fan lo necesite el fabricante. [Imagen cortes\u00eda del Departamento de Polic\u00eda de Pasadena]<\/span><\/figcaption><\/figure><\/figure>\n\n\n\n<p>El Departamento de Polic\u00eda de Pasadena actualmente est\u00e1 probando una nueva tecnolog\u00eda que podr\u00eda brindar una capa adicional de responsabilidad a los oficiales de polic\u00eda locales.<br>Signal Sidearm alerta de forma inal\u00e1mbrica a las c\u00e1maras corporales Axon cercanas para que comiencen a grabar cuando un oficial saca su arma de fuego.<\/p>\n\n\n\n<p>La tecnolog\u00eda permite a los oficiales capturar informaci\u00f3n importante de principio a fin sin presionar un bot\u00f3n y podr\u00eda garantizar que las c\u00e1maras corporales de los oficiales de polic\u00eda est\u00e9n encendidas durante un incidente cr\u00edtico.<\/p>\n\n\n\n<p>Veinte oficiales de polic\u00eda de Pasadena estar\u00e1n equipados con la tecnolog\u00eda en una prueba de 90 d\u00edas. El departamento no ha recibido el equipo hasta el momento, seg\u00fan el teniente William Grisafe.<\/p>\n\n\n\n<p>\u201cEstamos entusiasmados de probar esta tecnolog\u00eda y creemos que ayudar\u00e1 a minimizar el aspecto de error humano del trabajo policial durante incidentes de alta tensi\u00f3n y evoluci\u00f3n r\u00e1pida\u201d, dijo Grisafe. \u201cCada vez que hay avances tecnol\u00f3gicos para mejorar el desempe\u00f1o del Departamento de Polic\u00eda, vale la pena evaluarlos para determinar si la herramienta puede ayudar a resolver delitos de manera efectiva\u201d.<\/p>\n\n\n\n<p>El dispositivo funciona con una bater\u00eda con una vida \u00fatil de 1,5 a\u00f1os que alerta autom\u00e1ticamente al usuario cuando est\u00e1 baja.<\/p>\n\n\n\n<p>Una vez que un oficial de polic\u00eda saca su arma, el sensor se activa y alerta a todas las c\u00e1maras Axon dentro de un rango de 30 pies para comenzar a grabar.<\/p>\n\n\n\n<p>El Departamento de Polic\u00eda de Pasadena inici\u00f3 un programa de c\u00e1maras corporales en 2016.<\/p>\n\n\n\n<p>Actualmente, el departamento de polic\u00eda despliega 295 de la flota de 313 c\u00e1maras corporales.<\/p>\n\n\n\n<p>Las c\u00e1maras se asignan a miembros del departamento de personal juramentados y profesionales que habitualmente entran en contacto con el p\u00fablico mientras trabajan en el campo.<\/p>\n\n\n\n<p>En el tiroteo fatal de Anthony McClain en el que particip\u00f3 un oficial, uno de los oficiales de polic\u00eda no encendi\u00f3 su c\u00e1mara.<\/p>\n\n\n\n<p>La ciudad modific\u00f3 su contrato con Axon en diciembre.<\/p>\n\n\n\n<p>En diciembre, el Concejo Municipal vot\u00f3 para enmendar su contrato de c\u00e1maras corporales con Axon a un costo que no exceda los $1.7 millones para el sistema de c\u00e1maras corporales del departamento de polic\u00eda.<\/p>\n\n\n\n<p>Desde entonces, el departamento ha subido m\u00e1s de un mill\u00f3n de elementos probatorios, incluidos videos, grabaciones de voz y documentos, a la plataforma segura del sistema de gesti\u00f3n de evidencia digital basada en la nube de Axon Enterprise llamada Evidence.com, seg\u00fan un informe del personal de la ciudad.<\/p>\n\n\n\n<p>Las pruebas de grabaci\u00f3n de voz y video de casos penales se han enviado electr\u00f3nicamente a la Oficina del Fiscal de la Ciudad\/Fiscal\u00eda de Distrito para el enjuiciamiento de los casos.<\/p>\n\n\n\n<p>En muchos casos, las im\u00e1genes est\u00e1n disponibles para el p\u00fablico a trav\u00e9s de una ley de registros p\u00fablicos. La ciudad tambi\u00e9n publica im\u00e1genes de incidentes cr\u00edticos, generalmente mucho antes de la fecha l\u00edmite de 45 d\u00edas.<\/p>\n\n\n\n<p>El mes pasado, la ciudad public\u00f3 im\u00e1genes de la c\u00e1mara corporal de un sospechoso de tiroteo en East Pasadena, quien dispar\u00f3 contra la polic\u00eda despu\u00e9s de que le dispar\u00f3 fatalmente a Gevork Minissian, residente de Pasadena, de 70 a\u00f1os.<\/p>\n\n\n\n<p>Axon continuar\u00e1 brindando almacenamiento de datos ilimitado, equipo nuevo, garant\u00eda completa en todo el hardware e integraci\u00f3n con el Despacho asistido por computadora del Departamento para etiquetar autom\u00e1ticamente las llamadas de servicio con el video correspondiente.<\/p>\n\n\n\n<p>El departamento responde a aproximadamente 1,600 solicitudes al a\u00f1o de im\u00e1genes de c\u00e1maras corporales para la corte y solicitudes de registros p\u00fablicos.<\/p>\n\n\n\n<p>Seg\u00fan Axon, la empresa ha mejorado mucho su tecnolog\u00eda relacionada con la revisi\u00f3n de videos para incluir la reproducci\u00f3n multic\u00e1mara y la transcripci\u00f3n de audio que reducir\u00e1 los recursos del personal para localizar videos y realizar transcripciones para solicitudes de registros p\u00fablicos y judiciales.<\/p>\n\n\n\n<p>El Ayuntamiento ha aprobado varios contratos de tecnolog\u00eda para ayudar a la polic\u00eda, incluidos m\u00e1s lectores autom\u00e1ticos de matr\u00edculas y ShotSpotter, que triangula los disparos y notifica a la polic\u00eda.<\/p>\n","protected":false},"excerpt":{"rendered":"<p>El Departamento de Polic\u00eda de Pasadena actualmente est\u00e1 probando una nueva tecnolog\u00eda que podr\u00eda brindar una capa adicional de responsabilidad a los oficiales de polic\u00eda locales.Signal Sidearm alerta de forma inal\u00e1mbrica a las c\u00e1maras corporales Axon cercanas para que comiencen a grabar cuando un oficial saca su arma de fuego. La tecnolog\u00eda permite a los oficiales capturar informaci\u00f3n importante de principio a fin sin presionar un bot\u00f3n y podr\u00eda garantizar que las c\u00e1maras corporales de los oficiales de polic\u00eda est\u00e9n [&hellip;]<\/p>\n","protected":false},"author":4,"featured_media":14191,"comment_status":"open","ping_status":"closed","sticky":false,"template":"","format":"standard","meta":[],"categories":[4],"tags":[],"acf":[],"_links":{"self":[{"href":"http:\/\/www.pasadenahoy.com\/primero\/wp-json\/wp\/v2\/posts\/14190"}],"collection":[{"href":"http:\/\/www.pasadenahoy.com\/primero\/wp-json\/wp\/v2\/posts"}],"about":[{"href":"http:\/\/www.pasadenahoy.com\/primero\/wp-json\/wp\/v2\/types\/post"}],"author":[{"embeddable":true,"href":"http:\/\/www.pasadenahoy.com\/primero\/wp-json\/wp\/v2\/users\/4"}],"replies":[{"embeddable":true,"href":"http:\/\/www.pasadenahoy.com\/primero\/wp-json\/wp\/v2\/comments?post=14190"}],"version-history":[{"count":2,"href":"http:\/\/www.pasadenahoy.com\/primero\/wp-json\/wp\/v2\/posts\/14190\/revisions"}],"predecessor-version":[{"id":14193,"href":"http:\/\/www.pasadenahoy.com\/primero\/wp-json\/wp\/v2\/posts\/14190\/revisions\/14193"}],"wp:featuredmedia":[{"embeddable":true,"href":"http:\/\/www.pasadenahoy.com\/primero\/wp-json\/wp\/v2\/media\/14191"}],"wp:attachment":[{"href":"http:\/\/www.pasadenahoy.com\/primero\/wp-json\/wp\/v2\/media?parent=14190"}],"wp:term":[{"taxonomy":"category","embeddable":true,"href":"http:\/\/www.pasadenahoy.com\/primero\/wp-json\/wp\/v2\/categories?post=14190"},{"taxonomy":"post_tag","embeddable":true,"href":"http:\/\/www.pasadenahoy.com\/primero\/wp-json\/wp\/v2\/tags?post=14190"}],"curies":[{"name":"wp","href":"https:\/\/api.w.org\/{rel}","templated":true}]}}