{"id":14194,"date":"2022-02-02T15:06:10","date_gmt":"2022-02-02T15:06:10","guid":{"rendered":"http:\/\/www.pasadenahoy.com\/primero\/?p=14194"},"modified":"2022-02-02T15:06:11","modified_gmt":"2022-02-02T15:06:11","slug":"la-comision-quiere-que-el-concejo-municipal-cree-una-nueva-politica-para-combatir-la-informacion-erronea-antes-de-la-temporada-electoral","status":"publish","type":"post","link":"http:\/\/www.pasadenahoy.com\/primero\/el-gobierno-local\/la-comision-quiere-que-el-concejo-municipal-cree-una-nueva-politica-para-combatir-la-informacion-erronea-antes-de-la-temporada-electoral\/","title":{"rendered":"La Comisi\u00f3n quiere que el Concejo Municipal cree una nueva pol\u00edtica para combatir la informaci\u00f3n err\u00f3nea antes de la temporada electoral"},"content":{"rendered":"\n<figure class=\"wp-block-image alignnone size-large\"><figure class=\"alignnone\"><img loading=\"lazy\" width=\"700\" height=\"378\" src=\"http:\/\/www.pasadenahoy.com\/primero\/wp-content\/uploads\/2022\/02\/pic-2.jpg\" alt=\"\" class=\"wp-image-14195\" srcset=\"http:\/\/www.pasadenahoy.com\/primero\/wp-content\/uploads\/2022\/02\/pic-2.jpg 700w, http:\/\/www.pasadenahoy.com\/primero\/wp-content\/uploads\/2022\/02\/pic-2-300x162.jpg 300w, http:\/\/www.pasadenahoy.com\/primero\/wp-content\/uploads\/2022\/02\/pic-2-241x130.jpg 241w, http:\/\/www.pasadenahoy.com\/primero\/wp-content\/uploads\/2022\/02\/pic-2-333x180.jpg 333w, http:\/\/www.pasadenahoy.com\/primero\/wp-content\/uploads\/2022\/02\/pic-2-360x194.jpg 360w\" sizes=\"100vw\" \/><\/figure><\/figure>\n\n\n\n<p>La Comisi\u00f3n de Relaciones Humanas de Pasadena recomendar\u00e1 al Concejo Municipal la creaci\u00f3n de una nueva pol\u00edtica que aborde la difusi\u00f3n de informaci\u00f3n falsa a los residentes de Pasadena antes de la temporada electoral.<\/p>\n\n\n\n<p>La comisi\u00f3n comenz\u00f3 a discutir posibles recomendaciones al Concejo Municipal para abordar la informaci\u00f3n err\u00f3nea en enero pasado despu\u00e9s de que se informara en diciembre que se distribuyeron volantes llenos de teor\u00edas antisemitas sobre COVID-19 en Pasadena.<\/p>\n\n\n\n<p>Durante una reuni\u00f3n el martes, la comisionada Wilhelmina Robertson, quien trajo a colaci\u00f3n la discusi\u00f3n, explic\u00f3 que es necesaria una nueva medida para abordar la informaci\u00f3n falsa, especialmente con las pr\u00f3ximas elecciones.<\/p>\n\n\n\n<p>El Concejo Municipal aprob\u00f3 recientemente resoluciones electorales que solicitan una Elecci\u00f3n Municipal Primaria para los miembros del Concejo Municipal en los Distritos 3, 5 y 7 que se llevar\u00e1 a cabo el 7 de junio de 2022.<\/p>\n\n\n\n<p>\u201cLe mencion\u00e9 a los comisionados que lo abordemos (informaci\u00f3n err\u00f3nea), ya que estamos entrando en la temporada pol\u00edtica\u201d, dijo Robertson. \u201cSent\u00ed que simplemente estamos permitiendo que suceda. Algunas personas creer\u00e1n lo que venga porque piensan que proviene de una fuente cre\u00edble\u201d.<\/p>\n\n\n\n<p>El comisionado Jonathan Horton se hizo eco de los sentimientos de Robertson.<\/p>\n\n\n\n<p>\u201cRealmente creo que es importante que la Ciudad realmente se enfoque m\u00e1s en combatir estas cosas\u201d.<\/p>\n\n\n\n<p>\u201cA medida que se acerca esta nueva temporada de elecciones, habr\u00e1 mucha desinformaci\u00f3n de los votantes y creo que es muy importante que la Ciudad haga algo para combatir eso\u201d.<\/p>\n\n\n\n<p>Horton sugiri\u00f3 que el Concejo Municipal cree un puesto o un grupo de trabajo dentro de la Oficina de Informaci\u00f3n P\u00fablica, que se enfocar\u00e1 en contrarrestar la informaci\u00f3n falsa y asegurarse de que todos los residentes de Pasadena sepan qu\u00e9 es informaci\u00f3n verdadera y qu\u00e9 es falsa.<\/p>\n\n\n\n<p>\u201cLa informaci\u00f3n debe provenir directamente de la ciudad, en la que la gente tiende a confiar un poco m\u00e1s\u201d, agreg\u00f3 Horton.<\/p>\n\n\n\n<p>El presidente de la Comisi\u00f3n, Brandon Lamar, estuvo de acuerdo en que se debe abordar la difusi\u00f3n de informaci\u00f3n falsa. Sin embargo, tambi\u00e9n dijo que se necesita m\u00e1s investigaci\u00f3n sobre el asunto antes de que la comisi\u00f3n haga una recomendaci\u00f3n al Concejo Municipal.<\/p>\n\n\n\n<p>\u201cS\u00e9 que esta informaci\u00f3n err\u00f3nea y desinformaci\u00f3n es definitivamente parte de la comunidad, pero desde el punto de vista de la ciudad, realmente no veo c\u00f3mo pueden abordar eso cuando se trata de personas que expresan su opini\u00f3n, especialmente cuando se trata de las redes sociales de otra persona o de alguien. el cartel y los volantes de otra persona\u201d.<\/p>\n\n\n\n<p>Los comisionados acordaron invitar a oradores que los ayudar\u00e1n a hacer recomendaciones al Concejo Municipal para una pr\u00f3xima reuni\u00f3n.<\/p>\n","protected":false},"excerpt":{"rendered":"<p>La Comisi\u00f3n de Relaciones Humanas de Pasadena recomendar\u00e1 al Concejo Municipal la creaci\u00f3n de una nueva pol\u00edtica que aborde la difusi\u00f3n de informaci\u00f3n falsa a los residentes de Pasadena antes de la temporada electoral. La comisi\u00f3n comenz\u00f3 a discutir posibles recomendaciones al Concejo Municipal para abordar la informaci\u00f3n err\u00f3nea en enero pasado despu\u00e9s de que se informara en diciembre que se distribuyeron volantes llenos de teor\u00edas antisemitas sobre COVID-19 en Pasadena. Durante una reuni\u00f3n el martes, la comisionada Wilhelmina Robertson, [&hellip;]<\/p>\n","protected":false},"author":4,"featured_media":14195,"comment_status":"open","ping_status":"closed","sticky":false,"template":"","format":"standard","meta":[],"categories":[6],"tags":[],"acf":[],"_links":{"self":[{"href":"http:\/\/www.pasadenahoy.com\/primero\/wp-json\/wp\/v2\/posts\/14194"}],"collection":[{"href":"http:\/\/www.pasadenahoy.com\/primero\/wp-json\/wp\/v2\/posts"}],"about":[{"href":"http:\/\/www.pasadenahoy.com\/primero\/wp-json\/wp\/v2\/types\/post"}],"author":[{"embeddable":true,"href":"http:\/\/www.pasadenahoy.com\/primero\/wp-json\/wp\/v2\/users\/4"}],"replies":[{"embeddable":true,"href":"http:\/\/www.pasadenahoy.com\/primero\/wp-json\/wp\/v2\/comments?post=14194"}],"version-history":[{"count":2,"href":"http:\/\/www.pasadenahoy.com\/primero\/wp-json\/wp\/v2\/posts\/14194\/revisions"}],"predecessor-version":[{"id":14197,"href":"http:\/\/www.pasadenahoy.com\/primero\/wp-json\/wp\/v2\/posts\/14194\/revisions\/14197"}],"wp:featuredmedia":[{"embeddable":true,"href":"http:\/\/www.pasadenahoy.com\/primero\/wp-json\/wp\/v2\/media\/14195"}],"wp:attachment":[{"href":"http:\/\/www.pasadenahoy.com\/primero\/wp-json\/wp\/v2\/media?parent=14194"}],"wp:term":[{"taxonomy":"category","embeddable":true,"href":"http:\/\/www.pasadenahoy.com\/primero\/wp-json\/wp\/v2\/categories?post=14194"},{"taxonomy":"post_tag","embeddable":true,"href":"http:\/\/www.pasadenahoy.com\/primero\/wp-json\/wp\/v2\/tags?post=14194"}],"curies":[{"name":"wp","href":"https:\/\/api.w.org\/{rel}","templated":true}]}}