{"id":14198,"date":"2022-02-02T15:13:34","date_gmt":"2022-02-02T15:13:34","guid":{"rendered":"http:\/\/www.pasadenahoy.com\/primero\/?p=14198"},"modified":"2022-02-02T15:13:53","modified_gmt":"2022-02-02T15:13:53","slug":"teatro-laemmle-en-busca-de-una-nueva-ubicacion-en-pasadena","status":"publish","type":"post","link":"http:\/\/www.pasadenahoy.com\/primero\/la-comunidad\/teatro-laemmle-en-busca-de-una-nueva-ubicacion-en-pasadena\/","title":{"rendered":"Teatro Laemmle en busca de una nueva ubicaci\u00f3n en Pasadena"},"content":{"rendered":"\n<figure class=\"wp-block-image alignnone size-large\"><figure class=\"alignnone\"><img loading=\"lazy\" width=\"700\" height=\"378\" src=\"http:\/\/www.pasadenahoy.com\/primero\/wp-content\/uploads\/2022\/02\/pic-3.png\" alt=\"\" class=\"wp-image-14199\" srcset=\"http:\/\/www.pasadenahoy.com\/primero\/wp-content\/uploads\/2022\/02\/pic-3.png 700w, http:\/\/www.pasadenahoy.com\/primero\/wp-content\/uploads\/2022\/02\/pic-3-300x162.png 300w, http:\/\/www.pasadenahoy.com\/primero\/wp-content\/uploads\/2022\/02\/pic-3-241x130.png 241w, http:\/\/www.pasadenahoy.com\/primero\/wp-content\/uploads\/2022\/02\/pic-3-333x180.png 333w, http:\/\/www.pasadenahoy.com\/primero\/wp-content\/uploads\/2022\/02\/pic-3-360x194.png 360w\" sizes=\"100vw\" \/><figcaption><span class=\"caption-text\">Laemmle Playhouse 7. Cortes\u00eda de Laemmle.com<\/span><\/figcaption><\/figure><\/figure>\n\n\n\n<p>Seg\u00fan un letrero que se muestra en el Pasadena Playhouse 7 de Laemmle el martes, el teatro contin\u00faa teniendo un acuerdo de arrendamiento para operar en 673 E Colorado Blvd.<\/p>\n\n\n\n<p>\u201cDesafortunadamente, tuvimos que vender la propiedad del teatro Playhouse 7 durante el cierre de 13 meses que nos oblig\u00f3 la pandemia\u201d, dice el letrero. &#8220;Contrariamente a la informaci\u00f3n contenida en la historia reciente de Pasadena Now, de hecho tenemos un contrato de arrendamiento&#8221;.<\/p>\n\n\n\n<p>Pasadena Now<a href=\"https:\/\/www.pasadenanow.com\/main\/laemmle-sells-pasadena-building-then-leases-back-the-movie-theater-inside\"> inform\u00f3 la venta y<\/a> el arrendamiento posterior el 1 de febrero de 2021.<\/p>\n\n\n\n<p>\u201cLa venta tambi\u00e9n incluy\u00f3 un arrendamiento posterior que permitir\u00e1 que el teatro contin\u00fae operando\u201d, dijo la historia de Pasadena Now.<\/p>\n\n\n\n<p>No se materializaron planes para incluir el teatro en el redise\u00f1o del edificio por parte de sus nuevos propietarios.<\/p>\n\n\n\n<p>Un arrendamiento posterior es un acuerdo en el que la empresa que vende un activo arrienda la totalidad o una parte de ese mismo activo del comprador.<\/p>\n\n\n\n<p>Laemmle Theatres anunci\u00f3 en febrero la venta de su ubicaci\u00f3n de Pasadena de 22,897 pies cuadrados en Colorado Boulevard cerca de El Molino Avenue en el moderno Playhouse Village de la ciudad a GD Realty Group de Los \u00c1ngeles, propietario y desarrollador de bienes ra\u00edces comerciales urbanos en ubicaciones privilegiadas del sur de California.<\/p>\n\n\n\n<p>Seg\u00fan un comunicado emitido en el momento del anuncio, la venta tambi\u00e9n inclu\u00eda un contrato de arrendamiento que permitir\u00eda que el teatro siguiera operando, seg\u00fan inform\u00f3 Pasadena Now.<\/p>\n\n\n\n<p>El letrero actual dec\u00eda que Laemmle&#8217;s Playhouse 7 continuar\u00e1 operando bajo el acuerdo de arrendamiento por &#8220;varios meses m\u00e1s&#8221;.<\/p>\n\n\n\n<p>\u201cEstamos en conversaciones con el due\u00f1o de la propiedad y extendiendo el contrato de arrendamiento hasta que est\u00e9n listos para seguir adelante con la renovaci\u00f3n propuesta que fue aprobada recientemente por el panel de Revisi\u00f3n Arquitect\u00f3nica de la Ciudad de Pasadena\u201d, dec\u00eda el letrero.<\/p>\n\n\n\n<p>El cartel actual concluye diciendo que el teatro est\u00e1 buscando una nueva ubicaci\u00f3n.<\/p>\n\n\n\n<p>Establecida en 1938 por Kurt y Max Laemmle, sobrinos del legendario fundador de Universal Pictures, Carl Laemmle, la compa\u00f1\u00eda actualmente est\u00e1 dirigida por Robert Laemmle y su hijo, Greg Laemmle. La cadena de cines ha atendido a m\u00e1s de 1 mill\u00f3n de espectadores cada a\u00f1o desde siete ubicaciones en la regi\u00f3n metropolitana de Los \u00c1ngeles.<\/p>\n\n\n\n<p>La cadena ha disfrutado de una larga relaci\u00f3n con Pasadena que se remonta a casi 60 a\u00f1os.<\/p>\n\n\n\n<p>En 1964, la cadena Laemmle abri\u00f3 el Teatro Esquire en Colorado Boulevard, cerca de San Gabriel Boulevard. La cadena tambi\u00e9n operaba The Colorado, que estaba ubicado una cuadra al oeste de all\u00ed, en Colorado Boulevard cerca de Vinedo Avenue, y abri\u00f3 Laemmle Playhouse 7 en Colorado Boulevard en 1999. Los teatros Esquire y The Colorado se cerraron al a\u00f1o siguiente.<\/p>\n","protected":false},"excerpt":{"rendered":"<p>Seg\u00fan un letrero que se muestra en el Pasadena Playhouse 7 de Laemmle el martes, el teatro contin\u00faa teniendo un acuerdo de arrendamiento para operar en 673 E Colorado Blvd. \u201cDesafortunadamente, tuvimos que vender la propiedad del teatro Playhouse 7 durante el cierre de 13 meses que nos oblig\u00f3 la pandemia\u201d, dice el letrero. &#8220;Contrariamente a la informaci\u00f3n contenida en la historia reciente de Pasadena Now, de hecho tenemos un contrato de arrendamiento&#8221;. Pasadena Now inform\u00f3 la venta y el [&hellip;]<\/p>\n","protected":false},"author":4,"featured_media":14199,"comment_status":"open","ping_status":"closed","sticky":false,"template":"","format":"standard","meta":[],"categories":[4],"tags":[],"acf":[],"_links":{"self":[{"href":"http:\/\/www.pasadenahoy.com\/primero\/wp-json\/wp\/v2\/posts\/14198"}],"collection":[{"href":"http:\/\/www.pasadenahoy.com\/primero\/wp-json\/wp\/v2\/posts"}],"about":[{"href":"http:\/\/www.pasadenahoy.com\/primero\/wp-json\/wp\/v2\/types\/post"}],"author":[{"embeddable":true,"href":"http:\/\/www.pasadenahoy.com\/primero\/wp-json\/wp\/v2\/users\/4"}],"replies":[{"embeddable":true,"href":"http:\/\/www.pasadenahoy.com\/primero\/wp-json\/wp\/v2\/comments?post=14198"}],"version-history":[{"count":3,"href":"http:\/\/www.pasadenahoy.com\/primero\/wp-json\/wp\/v2\/posts\/14198\/revisions"}],"predecessor-version":[{"id":14202,"href":"http:\/\/www.pasadenahoy.com\/primero\/wp-json\/wp\/v2\/posts\/14198\/revisions\/14202"}],"wp:featuredmedia":[{"embeddable":true,"href":"http:\/\/www.pasadenahoy.com\/primero\/wp-json\/wp\/v2\/media\/14199"}],"wp:attachment":[{"href":"http:\/\/www.pasadenahoy.com\/primero\/wp-json\/wp\/v2\/media?parent=14198"}],"wp:term":[{"taxonomy":"category","embeddable":true,"href":"http:\/\/www.pasadenahoy.com\/primero\/wp-json\/wp\/v2\/categories?post=14198"},{"taxonomy":"post_tag","embeddable":true,"href":"http:\/\/www.pasadenahoy.com\/primero\/wp-json\/wp\/v2\/tags?post=14198"}],"curies":[{"name":"wp","href":"https:\/\/api.w.org\/{rel}","templated":true}]}}