{"id":14203,"date":"2022-02-02T15:17:26","date_gmt":"2022-02-02T15:17:26","guid":{"rendered":"http:\/\/www.pasadenahoy.com\/primero\/?p=14203"},"modified":"2022-02-02T15:17:27","modified_gmt":"2022-02-02T15:17:27","slug":"se-espera-que-los-vientos-regresen-a-pasadena-el-miercoles","status":"publish","type":"post","link":"http:\/\/www.pasadenahoy.com\/primero\/la-comunidad\/se-espera-que-los-vientos-regresen-a-pasadena-el-miercoles\/","title":{"rendered":"Se espera que los vientos regresen a Pasadena el mi\u00e9rcoles"},"content":{"rendered":"\n<figure class=\"wp-block-image alignnone size-large\"><figure class=\"alignnone\"><img loading=\"lazy\" width=\"700\" height=\"378\" src=\"http:\/\/www.pasadenahoy.com\/primero\/wp-content\/uploads\/2022\/02\/pic-4.png\" alt=\"\" class=\"wp-image-14204\" srcset=\"http:\/\/www.pasadenahoy.com\/primero\/wp-content\/uploads\/2022\/02\/pic-4.png 700w, http:\/\/www.pasadenahoy.com\/primero\/wp-content\/uploads\/2022\/02\/pic-4-300x162.png 300w, http:\/\/www.pasadenahoy.com\/primero\/wp-content\/uploads\/2022\/02\/pic-4-241x130.png 241w, http:\/\/www.pasadenahoy.com\/primero\/wp-content\/uploads\/2022\/02\/pic-4-333x180.png 333w, http:\/\/www.pasadenahoy.com\/primero\/wp-content\/uploads\/2022\/02\/pic-4-360x194.png 360w\" sizes=\"100vw\" \/><\/figure><\/figure>\n\n\n\n<p>Se esperaba que los vientos racheados de Santa Ana soplaran a trav\u00e9s de Pasadena el mi\u00e9rcoles y probablemente persistieran durante la noche, lo que llev\u00f3 al Servicio Meteorol\u00f3gico Nacional a emitir un aviso de viento vigente hasta el mediod\u00eda del jueves.<\/p>\n\n\n\n<p>Se pronosticaron vientos de 15 mph a 25 mph, posiblemente con r\u00e1fagas de entre 40 mph y 45 mph, para el Valle de San Gabriel.<\/p>\n\n\n\n<p>Seg\u00fan el servicio meteorol\u00f3gico, los vientos m\u00e1s d\u00e9biles podr\u00edan persistir hasta el viernes, seguidos de un breve descanso el s\u00e1bado antes de que se desarrolle otro patr\u00f3n de Santa Ana para el domingo y el lunes.<\/p>\n\n\n\n<p>Mientras tanto, el clima sigue siendo fr\u00edo, con temperaturas m\u00e1ximas en los 60 hasta el viernes. El fin de semana ser\u00e1 soleado y c\u00e1lido.<\/p>\n\n\n\n<p>Mi\u00e9rcoles: Soleado, la m\u00e1xima alrededor de 63. Viento del noreste entre 10 y 15 mph, con r\u00e1fagas de hasta 20 mph.<\/p>\n\n\n\n<p>por la Noche: Despejado, la m\u00ednima alrededor de 41. Viento del nor noreste alrededor de 10 mph.<\/p>\n\n\n\n<p>Jueves: Soleado, la m\u00e1xima alrededor de 64. Viento del nor noreste alrededor de 10 mph.<\/p>\n\n\n\n<p>por la Noche: Mayormente despejado, la m\u00ednima alrededor de 40. Viento del nor noreste alrededor de 10 mph, con r\u00e1fagas de hasta 15 mph.<\/p>\n\n\n\n<p>Viernes: Soleado, la m\u00e1xima alrededor de 68.<\/p>\n\n\n\n<p>Vie. por la Noche: Mayormente despejado, la m\u00ednima alrededor de 41.<\/p>\n\n\n\n<p>S\u00e1bado: Soleado, la m\u00e1xima alrededor de 70.<\/p>\n\n\n\n<p>S\u00e1b. por la Noche: Mayormente despejado, la m\u00ednima alrededor de 45.<\/p>\n\n\n\n<p>Domingo: Soleado, la m\u00e1xima alrededor de 74.<\/p>\n\n\n\n<p>Dom. por la Noche: Mayormente despejado, la m\u00ednima alrededor de 45.<\/p>\n\n\n\n<p>Lunes: Soleado, la m\u00e1xima alrededor de 75.<\/p>\n\n\n\n<p>Lun. por la Noche: Mayormente despejado, la m\u00ednima alrededor de 47.<\/p>\n\n\n\n<p>Martes: Soleado, la m\u00e1xima alrededor de 76.<\/p>\n","protected":false},"excerpt":{"rendered":"<p>Se esperaba que los vientos racheados de Santa Ana soplaran a trav\u00e9s de Pasadena el mi\u00e9rcoles y probablemente persistieran durante la noche, lo que llev\u00f3 al Servicio Meteorol\u00f3gico Nacional a emitir un aviso de viento vigente hasta el mediod\u00eda del jueves. Se pronosticaron vientos de 15 mph a 25 mph, posiblemente con r\u00e1fagas de entre 40 mph y 45 mph, para el Valle de San Gabriel. Seg\u00fan el servicio meteorol\u00f3gico, los vientos m\u00e1s d\u00e9biles podr\u00edan persistir hasta el viernes, seguidos [&hellip;]<\/p>\n","protected":false},"author":4,"featured_media":0,"comment_status":"open","ping_status":"closed","sticky":false,"template":"","format":"standard","meta":[],"categories":[4],"tags":[],"acf":[],"_links":{"self":[{"href":"http:\/\/www.pasadenahoy.com\/primero\/wp-json\/wp\/v2\/posts\/14203"}],"collection":[{"href":"http:\/\/www.pasadenahoy.com\/primero\/wp-json\/wp\/v2\/posts"}],"about":[{"href":"http:\/\/www.pasadenahoy.com\/primero\/wp-json\/wp\/v2\/types\/post"}],"author":[{"embeddable":true,"href":"http:\/\/www.pasadenahoy.com\/primero\/wp-json\/wp\/v2\/users\/4"}],"replies":[{"embeddable":true,"href":"http:\/\/www.pasadenahoy.com\/primero\/wp-json\/wp\/v2\/comments?post=14203"}],"version-history":[{"count":2,"href":"http:\/\/www.pasadenahoy.com\/primero\/wp-json\/wp\/v2\/posts\/14203\/revisions"}],"predecessor-version":[{"id":14206,"href":"http:\/\/www.pasadenahoy.com\/primero\/wp-json\/wp\/v2\/posts\/14203\/revisions\/14206"}],"wp:attachment":[{"href":"http:\/\/www.pasadenahoy.com\/primero\/wp-json\/wp\/v2\/media?parent=14203"}],"wp:term":[{"taxonomy":"category","embeddable":true,"href":"http:\/\/www.pasadenahoy.com\/primero\/wp-json\/wp\/v2\/categories?post=14203"},{"taxonomy":"post_tag","embeddable":true,"href":"http:\/\/www.pasadenahoy.com\/primero\/wp-json\/wp\/v2\/tags?post=14203"}],"curies":[{"name":"wp","href":"https:\/\/api.w.org\/{rel}","templated":true}]}}