{"id":14207,"date":"2022-02-02T15:22:28","date_gmt":"2022-02-02T15:22:28","guid":{"rendered":"http:\/\/www.pasadenahoy.com\/primero\/?p=14207"},"modified":"2022-02-02T15:22:29","modified_gmt":"2022-02-02T15:22:29","slug":"no-hay-accion-reportable-en-la-demanda-de-torneo-despues-de-la-reunion-del-consejo-de-sesion-cerrada","status":"publish","type":"post","link":"http:\/\/www.pasadenahoy.com\/primero\/el-gobierno-local\/no-hay-accion-reportable-en-la-demanda-de-torneo-despues-de-la-reunion-del-consejo-de-sesion-cerrada\/","title":{"rendered":"No hay acci\u00f3n reportable en la demanda de torneo despu\u00e9s de la reuni\u00f3n del consejo de sesi\u00f3n cerrada"},"content":{"rendered":"\n<figure class=\"wp-block-image alignnone size-large\"><figure class=\"alignnone\"><img loading=\"lazy\" width=\"700\" height=\"377\" src=\"http:\/\/www.pasadenahoy.com\/primero\/wp-content\/uploads\/2022\/02\/pic-5.png\" alt=\"\" class=\"wp-image-14208\" srcset=\"http:\/\/www.pasadenahoy.com\/primero\/wp-content\/uploads\/2022\/02\/pic-5.png 700w, http:\/\/www.pasadenahoy.com\/primero\/wp-content\/uploads\/2022\/02\/pic-5-300x162.png 300w, http:\/\/www.pasadenahoy.com\/primero\/wp-content\/uploads\/2022\/02\/pic-5-241x130.png 241w, http:\/\/www.pasadenahoy.com\/primero\/wp-content\/uploads\/2022\/02\/pic-5-334x180.png 334w, http:\/\/www.pasadenahoy.com\/primero\/wp-content\/uploads\/2022\/02\/pic-5-360x194.png 360w\" sizes=\"100vw\" \/><\/figure><\/figure>\n\n\n\n<p>Seg\u00fan el alcalde V\u00edctor Gordo, no hubo ninguna acci\u00f3n que informar despu\u00e9s de una conferencia del consejo de la ciudad con un asesor legal sobre la continua batalla legal de la ciudad con el Torneo de las Rosas.<\/p>\n\n\n\n<p>La conferencia tuvo lugar en una sesi\u00f3n cerrada antes de la reuni\u00f3n del Concejo Municipal del lunes.<\/p>\n\n\n\n<p>Gordo actualiz\u00f3 a la comunidad al comienzo de la reuni\u00f3n.<\/p>\n\n\n\n<p>El Torneo de las Rosas solicit\u00f3 a la Corte de Apelaciones del Noveno Circuito que reviviera sus reclamos contra la ciudad despu\u00e9s de perder una demanda en julio derivada de la decisi\u00f3n del Torneo de trasladar el juego a Arlington, Texas en 2021.<\/p>\n\n\n\n<p>El problema condujo a un cisma que ha causado un da\u00f1o significativo a la relaci\u00f3n entre la ciudad y el Torneo.<\/p>\n\n\n\n<p>En julio, el juez Andre Birotte se puso del lado de la ciudad al desestimar todos menos uno de los cargos presentados por el Torneo en su demanda de febrero por infracci\u00f3n de marca registrada, competencia desleal, asociaci\u00f3n falsa, calumnias y publicidad enga\u00f1osa.<\/p>\n\n\n\n<p>El Torneo ha interpuesto recurso de apelaci\u00f3n en el Noveno Circuito.<\/p>\n\n\n\n<p>Los problemas comenzaron cuando las restricciones de COVID-19 derivadas de la pandemia de COVID-19 provocaron la cancelaci\u00f3n del Desfile de las Rosas anual y prohibieron a los fan\u00e1ticos asistir al Juego del Rose Bowl en Pasadena. El juego finalmente se traslad\u00f3 fuera de Pasadena, lo que marca la primera vez desde 1942 que el juego del Rose Bowl se jug\u00f3 fuera de Pasadena.<\/p>\n\n\n\n<p>Una demanda judicial federal afirm\u00f3 que el Torneo invoc\u00f3 la cl\u00e1usula de \u201cfuerza mayor\u201d de su contrato, sosteniendo que la pandemia estaba fuera de su control, por lo que la asociaci\u00f3n ten\u00eda derecho a trasladar el juego de Pasadena al estadio AT&amp;T en Arlington.<\/p>\n\n\n\n<p>Se llev\u00f3 a cabo una conferencia con negociadores de la Pasadena Management Association, (PMA).<\/p>\n\n\n\n<p>(PMA) es la unidad de negociaci\u00f3n para 500 empleados administrativos de la Ciudad de Pasadena, que representa a los gerentes superiores, intermedios y profesionales. Los gerentes en el nivel ejecutivo, los gerentes confidenciales y los miembros jurados de los departamentos de Polic\u00eda y Bomberos no est\u00e1n representados.<\/p>\n\n\n\n<p>No se inform\u00f3 ninguna acci\u00f3n sobre ese elemento.<\/p>\n","protected":false},"excerpt":{"rendered":"<p>Seg\u00fan el alcalde V\u00edctor Gordo, no hubo ninguna acci\u00f3n que informar despu\u00e9s de una conferencia del consejo de la ciudad con un asesor legal sobre la continua batalla legal de la ciudad con el Torneo de las Rosas. La conferencia tuvo lugar en una sesi\u00f3n cerrada antes de la reuni\u00f3n del Concejo Municipal del lunes. Gordo actualiz\u00f3 a la comunidad al comienzo de la reuni\u00f3n. El Torneo de las Rosas solicit\u00f3 a la Corte de Apelaciones del Noveno Circuito que [&hellip;]<\/p>\n","protected":false},"author":4,"featured_media":0,"comment_status":"open","ping_status":"closed","sticky":false,"template":"","format":"standard","meta":[],"categories":[6],"tags":[],"acf":[],"_links":{"self":[{"href":"http:\/\/www.pasadenahoy.com\/primero\/wp-json\/wp\/v2\/posts\/14207"}],"collection":[{"href":"http:\/\/www.pasadenahoy.com\/primero\/wp-json\/wp\/v2\/posts"}],"about":[{"href":"http:\/\/www.pasadenahoy.com\/primero\/wp-json\/wp\/v2\/types\/post"}],"author":[{"embeddable":true,"href":"http:\/\/www.pasadenahoy.com\/primero\/wp-json\/wp\/v2\/users\/4"}],"replies":[{"embeddable":true,"href":"http:\/\/www.pasadenahoy.com\/primero\/wp-json\/wp\/v2\/comments?post=14207"}],"version-history":[{"count":2,"href":"http:\/\/www.pasadenahoy.com\/primero\/wp-json\/wp\/v2\/posts\/14207\/revisions"}],"predecessor-version":[{"id":14210,"href":"http:\/\/www.pasadenahoy.com\/primero\/wp-json\/wp\/v2\/posts\/14207\/revisions\/14210"}],"wp:attachment":[{"href":"http:\/\/www.pasadenahoy.com\/primero\/wp-json\/wp\/v2\/media?parent=14207"}],"wp:term":[{"taxonomy":"category","embeddable":true,"href":"http:\/\/www.pasadenahoy.com\/primero\/wp-json\/wp\/v2\/categories?post=14207"},{"taxonomy":"post_tag","embeddable":true,"href":"http:\/\/www.pasadenahoy.com\/primero\/wp-json\/wp\/v2\/tags?post=14207"}],"curies":[{"name":"wp","href":"https:\/\/api.w.org\/{rel}","templated":true}]}}