{"id":14223,"date":"2022-02-03T13:32:11","date_gmt":"2022-02-03T13:32:11","guid":{"rendered":"http:\/\/www.pasadenahoy.com\/primero\/?p=14223"},"modified":"2022-02-03T13:32:12","modified_gmt":"2022-02-03T13:32:12","slug":"holden-presenta-proyecto-de-ley-para-garantizar-que-los-campamentos-para-ninos-sean-seguros","status":"publish","type":"post","link":"http:\/\/www.pasadenahoy.com\/primero\/el-gobierno-local\/holden-presenta-proyecto-de-ley-para-garantizar-que-los-campamentos-para-ninos-sean-seguros\/","title":{"rendered":"Holden presenta proyecto de ley para garantizar que los campamentos para ni\u00f1os sean seguros"},"content":{"rendered":"\n<figure class=\"wp-block-image alignnone size-large\"><figure class=\"alignnone\"><img loading=\"lazy\" width=\"700\" height=\"378\" src=\"http:\/\/www.pasadenahoy.com\/primero\/wp-content\/uploads\/2022\/02\/pic-2-1.jpg\" alt=\"\" class=\"wp-image-14224\" srcset=\"http:\/\/www.pasadenahoy.com\/primero\/wp-content\/uploads\/2022\/02\/pic-2-1.jpg 700w, http:\/\/www.pasadenahoy.com\/primero\/wp-content\/uploads\/2022\/02\/pic-2-1-300x162.jpg 300w, http:\/\/www.pasadenahoy.com\/primero\/wp-content\/uploads\/2022\/02\/pic-2-1-241x130.jpg 241w, http:\/\/www.pasadenahoy.com\/primero\/wp-content\/uploads\/2022\/02\/pic-2-1-333x180.jpg 333w, http:\/\/www.pasadenahoy.com\/primero\/wp-content\/uploads\/2022\/02\/pic-2-1-360x194.jpg 360w\" sizes=\"100vw\" \/><\/figure><\/figure>\n\n\n\n<p>Esta semana, en respuesta a la muerte por ahogamiento totalmente evitable de Roxie Forbes, de 6 a\u00f1os, en 2019 en un campamento de verano de Altadena, as\u00ed como a un historial de incidentes traum\u00e1ticos en campamentos para ni\u00f1os en todo el estado, el asamble\u00edsta Chris Holden present\u00f3 la AB 1737, una medida pendiente desde hace mucho tiempo que establece est\u00e1ndares de salud y seguridad para proteger a millones de ni\u00f1os campistas y consejeros.<\/p>\n\n\n\n<p>\u201cCuando los padres llevan a sus hijos a campamentos diurnos durante todo el a\u00f1o, se supone que estar\u00e1n protegidos, har\u00e1n amigos y regresar\u00e1n a casa sanos y salvos despu\u00e9s\u201d, dijo el asamble\u00edsta Chris Holden. \u201cQueremos brindar tranquilidad a los padres y tutores para asegurarnos de que sepan que su hijo est\u00e1 seguro en California\u201d.<\/p>\n\n\n\n<p>Roxie Forbes se ahog\u00f3 en Summerkids Camp en Altadena el 28 de junio de 2019. En respuesta a la muerte prevenible de su hija, Doug Forbes y su esposa Elena lanzaron la Fundaci\u00f3n Meow Meow, la \u00fanica organizaci\u00f3n sin fines de lucro de seguridad en campamentos del pa\u00eds. Establecieron con \u00e9xito nuevas leyes de seguridad en campamentos y prevenci\u00f3n de ahogamientos en el condado de Los \u00c1ngeles y trabajan con legisladores y expertos en salud y seguridad en todo EE. UU. para establecer medidas que protejan a millones de ni\u00f1os en campamentos de da\u00f1os totalmente prevenibles.<\/p>\n\n\n\n<p>\u201cEl campamento responsable de la muerte de mi hija permaneci\u00f3 abierto todo el d\u00eda de su muerte y todos los d\u00edas posteriores\u201d, dijo el padre de Roxie, Doug Forbes. \u201cLos propietarios de los campamentos enviaron correos electr\u00f3nicos a miles de padres dici\u00e9ndoles que quer\u00edan \u2018mantener el d\u00eda lo m\u00e1s normal posible\u2019 y evitaron que esos padres recogieran a sus hijos traumatizados. Me puse en contacto con Asm. Holden porque nada es normal en otorgar a los campamentos la libertad de infligir tal da\u00f1o sin responsabilidad. No me detendr\u00e9 ante nada para evitar que los ni\u00f1os y los padres sufran un sufrimiento similar\u201d.<\/p>\n\n\n\n<p>AB 1737 aclarar\u00eda que los campamentos diurnos y nocturnos a los que asisten ni\u00f1os est\u00e1n sujetos a las regulaciones del Departamento de Salud P\u00fablica de California (CDPH) y describe espec\u00edficamente las obligaciones del CDPH, las agencias locales y los campamentos para ni\u00f1os antes y durante la operaci\u00f3n de los campamentos para ni\u00f1os.<\/p>\n\n\n\n<p>El proyecto de ley tambi\u00e9n requerir\u00eda que los campamentos infantiles incluyan en su plan operativo presentado a su agencia local procedimientos de operaci\u00f3n normal, procedimientos de seguridad y emergencia, pol\u00edticas de salud y seguridad, e indicar si el campamento ofrece actividades de alto riesgo, como nataci\u00f3n y equitaci\u00f3n. .<\/p>\n\n\n\n<p>\u201cLos ni\u00f1os no deben preocuparse por su propia seguridad, es responsabilidad de los adultos brindar supervisi\u00f3n mientras sus padres o tutores est\u00e1n en el trabajo\u201d, dijo Holden.<\/p>\n","protected":false},"excerpt":{"rendered":"<p>Esta semana, en respuesta a la muerte por ahogamiento totalmente evitable de Roxie Forbes, de 6 a\u00f1os, en 2019 en un campamento de verano de Altadena, as\u00ed como a un historial de incidentes traum\u00e1ticos en campamentos para ni\u00f1os en todo el estado, el asamble\u00edsta Chris Holden present\u00f3 la AB 1737, una medida pendiente desde hace mucho tiempo que establece est\u00e1ndares de salud y seguridad para proteger a millones de ni\u00f1os campistas y consejeros. \u201cCuando los padres llevan a sus hijos [&hellip;]<\/p>\n","protected":false},"author":4,"featured_media":14224,"comment_status":"open","ping_status":"closed","sticky":false,"template":"","format":"standard","meta":[],"categories":[6],"tags":[],"acf":[],"_links":{"self":[{"href":"http:\/\/www.pasadenahoy.com\/primero\/wp-json\/wp\/v2\/posts\/14223"}],"collection":[{"href":"http:\/\/www.pasadenahoy.com\/primero\/wp-json\/wp\/v2\/posts"}],"about":[{"href":"http:\/\/www.pasadenahoy.com\/primero\/wp-json\/wp\/v2\/types\/post"}],"author":[{"embeddable":true,"href":"http:\/\/www.pasadenahoy.com\/primero\/wp-json\/wp\/v2\/users\/4"}],"replies":[{"embeddable":true,"href":"http:\/\/www.pasadenahoy.com\/primero\/wp-json\/wp\/v2\/comments?post=14223"}],"version-history":[{"count":2,"href":"http:\/\/www.pasadenahoy.com\/primero\/wp-json\/wp\/v2\/posts\/14223\/revisions"}],"predecessor-version":[{"id":14226,"href":"http:\/\/www.pasadenahoy.com\/primero\/wp-json\/wp\/v2\/posts\/14223\/revisions\/14226"}],"wp:featuredmedia":[{"embeddable":true,"href":"http:\/\/www.pasadenahoy.com\/primero\/wp-json\/wp\/v2\/media\/14224"}],"wp:attachment":[{"href":"http:\/\/www.pasadenahoy.com\/primero\/wp-json\/wp\/v2\/media?parent=14223"}],"wp:term":[{"taxonomy":"category","embeddable":true,"href":"http:\/\/www.pasadenahoy.com\/primero\/wp-json\/wp\/v2\/categories?post=14223"},{"taxonomy":"post_tag","embeddable":true,"href":"http:\/\/www.pasadenahoy.com\/primero\/wp-json\/wp\/v2\/tags?post=14223"}],"curies":[{"name":"wp","href":"https:\/\/api.w.org\/{rel}","templated":true}]}}