{"id":14227,"date":"2022-02-03T13:43:45","date_gmt":"2022-02-03T13:43:45","guid":{"rendered":"http:\/\/www.pasadenahoy.com\/primero\/?p=14227"},"modified":"2022-02-03T13:43:47","modified_gmt":"2022-02-03T13:43:47","slug":"el-departamento-de-salud-publica-de-pasadena-lanza-concurso-de-videos-sobre-vacunas","status":"publish","type":"post","link":"http:\/\/www.pasadenahoy.com\/primero\/la-comunidad\/el-departamento-de-salud-publica-de-pasadena-lanza-concurso-de-videos-sobre-vacunas\/","title":{"rendered":"El Departamento de Salud P\u00fablica de Pasadena lanza concurso de videos sobre vacunas"},"content":{"rendered":"\n<figure class=\"wp-block-image alignnone size-large\"><figure class=\"alignnone\"><img loading=\"lazy\" width=\"700\" height=\"378\" src=\"http:\/\/www.pasadenahoy.com\/primero\/wp-content\/uploads\/2022\/02\/pic-2-1.png\" alt=\"\" class=\"wp-image-14228\" srcset=\"http:\/\/www.pasadenahoy.com\/primero\/wp-content\/uploads\/2022\/02\/pic-2-1.png 700w, http:\/\/www.pasadenahoy.com\/primero\/wp-content\/uploads\/2022\/02\/pic-2-1-300x162.png 300w, http:\/\/www.pasadenahoy.com\/primero\/wp-content\/uploads\/2022\/02\/pic-2-1-241x130.png 241w, http:\/\/www.pasadenahoy.com\/primero\/wp-content\/uploads\/2022\/02\/pic-2-1-333x180.png 333w, http:\/\/www.pasadenahoy.com\/primero\/wp-content\/uploads\/2022\/02\/pic-2-1-360x194.png 360w\" sizes=\"100vw\" \/><\/figure><\/figure>\n\n\n\n<p>El Departamento de Salud P\u00fablica de Pasadena lanz\u00f3 un innovador concurso de videos sobre la vacuna contra el COVID-19 para resaltar los beneficios de elegir la vacunaci\u00f3n, contrarrestar los mitos da\u00f1inos y promover un di\u00e1logo abierto sobre el COVID-19 y las vacunas mediante el intercambio de experiencias en las plataformas de redes sociales.<\/p>\n\n\n\n<p>El concurso de videos #VacunatePasadena 2022 invita a los estudiantes de 4 a 24 a\u00f1os (grados TK-12 y universidad) a crear y enviar obras de arte o compartir un video corto en TikTok o Instagram con un mensaje poderoso y positivo sobre la vacuna COVID-19.<\/p>\n\n\n\n<p>Los estudiantes en diferentes categor\u00edas de grado (escuela primaria, secundaria, preparatoria y universidad) competir\u00e1n por premios monetarios para su equipo y escuela. Los premios est\u00e1n financiados por una subvenci\u00f3n a trav\u00e9s de L.A. Care Health Plan y oscilan entre $50 y $1,500.<\/p>\n\n\n\n<p>\u201cCOVID-19 ha impactado dram\u00e1ticamente a ni\u00f1os y adultos j\u00f3venes a nivel personal. Este concurso brinda a los estudiantes una forma creativa de compartir con sus compa\u00f1eros y otras personas de la comunidad c\u00f3mo la vacunaci\u00f3n cambi\u00f3 la trayectoria de esta pandemia y renov\u00f3 la esperanza y el optimismo que tienen para el futuro\u201d, dijo el Dr. Ying-Ying Goh, Salud P\u00fablica de Pasadena. Director de Departamento y Oficial de Salud. \u201cEstamos ansiosos por ver las entradas y mostrar a los ganadores\u201d.<\/p>\n\n\n\n<p>Los Centros para el Control y la Prevenci\u00f3n de Enfermedades (CDC) recomiendan que todas las personas mayores de 5 a\u00f1os se vacunen contra el COVID-19, y que todas las personas mayores de 12 a\u00f1os se vacunen. En Pasadena, los ni\u00f1os y algunos adultos j\u00f3venes van a la zaga de otros grupos de edad en las tasas de vacunaci\u00f3n <a href=\"https:\/\/www.cityofpasadena.net\/public-health\/covid-19-dashboard\/#vaccinations&gt;.\">https:\/\/www.cityofpasadena.net\/public-health\/covid-19-dashboard\/#vaccinations>.<\/a> Los mensajes entre pares pueden ser una fuerte influencia positiva entre los ni\u00f1os y los j\u00f3venes, y las redes sociales son un medio popular para mostrar la creatividad y la pasi\u00f3n de los j\u00f3venes por temas importantes.<\/p>\n\n\n\n<p>Todos los estudiantes de 4 a 24 a\u00f1os actualmente inscritos en los grados TK-universitarios en las escuelas de Pasadena (incluidas todas las escuelas del distrito escolar del PUSD) son elegibles para participar en el concurso de videos #VacunatePasadena en:<\/p>\n\n\n\n<figure class=\"wp-block-embed-wordpress wp-block-embed is-type-wp-embed is-provider-public-health-department\"><div class=\"wp-block-embed__wrapper\">\n<blockquote class=\"wp-embedded-content\" data-secret=\"82ysVJQ8Zg\"><a href=\"https:\/\/www.cityofpasadena.net\/public-health\/2022-vaccinatepasadena-video-contest\/\">2022 #VaccinatePasadena Video Contest<\/a><\/blockquote><iframe class=\"wp-embedded-content\" sandbox=\"allow-scripts\" security=\"restricted\" style=\"position: absolute; clip: rect(1px, 1px, 1px, 1px);\" title=\"&#8220;2022 #VaccinatePasadena Video Contest&#8221; &#8212; Public Health Department\" src=\"https:\/\/www.cityofpasadena.net\/public-health\/2022-vaccinatepasadena-video-contest\/embed\/#?secret=KRaqJ4RhVA#?secret=82ysVJQ8Zg\" data-secret=\"82ysVJQ8Zg\" width=\"600\" height=\"338\" frameborder=\"0\" marginwidth=\"0\" marginheight=\"0\" scrolling=\"no\"><\/iframe>\n<\/div><\/figure>\n\n\n\n<p>Los ganadores se anunciar\u00e1n durante una ceremonia de premiaci\u00f3n virtual en marzo. La fecha l\u00edmite para participar es el 17 de febrero. Los detalles completos del concurso y las reglas oficiales est\u00e1n disponibles en<a href=\" https:\/\/cityofpasadena.net\/vaccinatepasadena.\"> https:\/\/cityofpasadena.net\/vaccinatepasadena.<\/a><\/p>\n","protected":false},"excerpt":{"rendered":"<p>El Departamento de Salud P\u00fablica de Pasadena lanz\u00f3 un innovador concurso de videos sobre la vacuna contra el COVID-19 para resaltar los beneficios de elegir la vacunaci\u00f3n, contrarrestar los mitos da\u00f1inos y promover un di\u00e1logo abierto sobre el COVID-19 y las vacunas mediante el intercambio de experiencias en las plataformas de redes sociales. El concurso de videos #VacunatePasadena 2022 invita a los estudiantes de 4 a 24 a\u00f1os (grados TK-12 y universidad) a crear y enviar obras de arte o [&hellip;]<\/p>\n","protected":false},"author":4,"featured_media":14228,"comment_status":"open","ping_status":"closed","sticky":false,"template":"","format":"standard","meta":[],"categories":[4],"tags":[],"acf":[],"_links":{"self":[{"href":"http:\/\/www.pasadenahoy.com\/primero\/wp-json\/wp\/v2\/posts\/14227"}],"collection":[{"href":"http:\/\/www.pasadenahoy.com\/primero\/wp-json\/wp\/v2\/posts"}],"about":[{"href":"http:\/\/www.pasadenahoy.com\/primero\/wp-json\/wp\/v2\/types\/post"}],"author":[{"embeddable":true,"href":"http:\/\/www.pasadenahoy.com\/primero\/wp-json\/wp\/v2\/users\/4"}],"replies":[{"embeddable":true,"href":"http:\/\/www.pasadenahoy.com\/primero\/wp-json\/wp\/v2\/comments?post=14227"}],"version-history":[{"count":2,"href":"http:\/\/www.pasadenahoy.com\/primero\/wp-json\/wp\/v2\/posts\/14227\/revisions"}],"predecessor-version":[{"id":14230,"href":"http:\/\/www.pasadenahoy.com\/primero\/wp-json\/wp\/v2\/posts\/14227\/revisions\/14230"}],"wp:featuredmedia":[{"embeddable":true,"href":"http:\/\/www.pasadenahoy.com\/primero\/wp-json\/wp\/v2\/media\/14228"}],"wp:attachment":[{"href":"http:\/\/www.pasadenahoy.com\/primero\/wp-json\/wp\/v2\/media?parent=14227"}],"wp:term":[{"taxonomy":"category","embeddable":true,"href":"http:\/\/www.pasadenahoy.com\/primero\/wp-json\/wp\/v2\/categories?post=14227"},{"taxonomy":"post_tag","embeddable":true,"href":"http:\/\/www.pasadenahoy.com\/primero\/wp-json\/wp\/v2\/tags?post=14227"}],"curies":[{"name":"wp","href":"https:\/\/api.w.org\/{rel}","templated":true}]}}