{"id":14239,"date":"2022-02-03T14:36:47","date_gmt":"2022-02-03T14:36:47","guid":{"rendered":"http:\/\/www.pasadenahoy.com\/primero\/?p=14239"},"modified":"2022-02-03T14:36:48","modified_gmt":"2022-02-03T14:36:48","slug":"los-socios-de-la-comunidad-de-pasadena-inician-el-mes-de-la-historia-afroamericana-con-una-celebracion","status":"publish","type":"post","link":"http:\/\/www.pasadenahoy.com\/primero\/la-comunidad\/los-socios-de-la-comunidad-de-pasadena-inician-el-mes-de-la-historia-afroamericana-con-una-celebracion\/","title":{"rendered":"Los socios de la comunidad de Pasadena inician el mes de la historia afroamericana con una celebraci\u00f3n"},"content":{"rendered":"\n<figure class=\"wp-block-image alignnone size-large\"><figure class=\"alignnone\"><img loading=\"lazy\" width=\"700\" height=\"378\" src=\"http:\/\/www.pasadenahoy.com\/primero\/wp-content\/uploads\/2022\/02\/pic-5-1.jpg\" alt=\"\" class=\"wp-image-14240\" srcset=\"http:\/\/www.pasadenahoy.com\/primero\/wp-content\/uploads\/2022\/02\/pic-5-1.jpg 700w, http:\/\/www.pasadenahoy.com\/primero\/wp-content\/uploads\/2022\/02\/pic-5-1-300x162.jpg 300w, http:\/\/www.pasadenahoy.com\/primero\/wp-content\/uploads\/2022\/02\/pic-5-1-241x130.jpg 241w, http:\/\/www.pasadenahoy.com\/primero\/wp-content\/uploads\/2022\/02\/pic-5-1-333x180.jpg 333w, http:\/\/www.pasadenahoy.com\/primero\/wp-content\/uploads\/2022\/02\/pic-5-1-360x194.jpg 360w\" sizes=\"100vw\" \/><\/figure><\/figure>\n\n\n\n<p>Pasadena Community Partners inaugur\u00f3 el Mes de la Historia Negra el martes en Perry&#8217;s Joint y Community Health Alliance of Pasadena (ChapCare) en el noroeste de Pasadena.<\/p>\n\n\n\n<p>En todo el pa\u00eds, febrero es reconocido como el Mes de la Historia Negra.<\/p>\n\n\n\n<p>El caf\u00e9 social al aire libre reuni\u00f3 a l\u00edderes comunitarios, defensores y lugare\u00f1os para una celebraci\u00f3n \u00edntima y significativa de inicio del Mes de la Historia Negra.<\/p>\n\n\n\n<p>Reflexionando sobre lo que habr\u00eda sido el 40\u00ba Desfile Anual de la Historia Negra, cancelado este a\u00f1o por preocupaciones de COVID, la conversaci\u00f3n de la ma\u00f1ana honr\u00f3 al difunto dos veces Gran Mariscal Michael Zinzun.<\/p>\n\n\n\n<p>Descrito como un miembro querido y venerado de la comunidad, Zinzun fue reconocido por su b\u00fasqueda de la justicia social y su participaci\u00f3n en los movimientos de derechos civiles en Pasadena e internacionalmente.<\/p>\n\n\n\n<p>El documental \u201cZinzun A Revolutionary Activist\u201d basado en su vida y defensa producido por Pasadena African American Film Foundation (paaffoundation.org) se estrenar\u00e1 en l\u00ednea el 14 de febrero seguido de una proyecci\u00f3n en persona el domingo 20 de febrero a las 4:00 p. m. Corte de Boston Pasadena.<\/p>\n\n\n\n<p>La conversaci\u00f3n fue moderada por James Farr, presentador del galardonado programa &#8220;The Conversation Live&#8221;. Los oradores destacados compartieron por qu\u00e9 hacen lo que hacen, c\u00f3mo planean celebrar, cu\u00e1l es su esperanza para la comunidad y qu\u00e9 creen que &#8220;nos llevar\u00e1 a llegar a un lugar de igualdad e inclusi\u00f3n&#8221;.<\/p>\n\n\n\n<p>\u201cLa fiesta inaugural del Mes de la Historia Negra fue simplemente una se\u00f1al de unidad\u201d, observ\u00f3 Brandon Lamar.<\/p>\n\n\n\n<p>\u201cFue una bocanada de aire fresco ver y sentir el amor negro\/marr\u00f3n en persona. Es importante que nunca olvidemos de d\u00f3nde venimos, especialmente la Historia Negra que est\u00e1 tan arraigada en nuestra ciudad. A pesar de la cancelaci\u00f3n del Black History Parade, creo que es importante que la comunidad asista y participe de manera segura en tantos eventos como sea posible y comprenda que celebramos la historia afroamericana todos los d\u00edas del a\u00f1o. Quiero expresar mi agradecimiento a los socios de la comunidad que hicieron que este primer d\u00eda fuera especial. La solidaridad es la forma en que preservamos nuestra historia\u201d, dijo Brandon.<\/p>\n\n\n\n<p>\u201cMuchas gracias a Christy [Zamani] y James [Farr] por la fiesta inaugural de hoy y la oportunidad de celebrar cara a cara con la comunidad y nuestros socios. \u00a1El optimismo y el entusiasmo de los oradores y la multitud renueva mi esperanza para el futuro!\u201d Martin A. Gordon, Presidente\/CEO Coalici\u00f3n Comunitaria de Pasadena.<\/p>\n","protected":false},"excerpt":{"rendered":"<p>Pasadena Community Partners inaugur\u00f3 el Mes de la Historia Negra el martes en Perry&#8217;s Joint y Community Health Alliance of Pasadena (ChapCare) en el noroeste de Pasadena. En todo el pa\u00eds, febrero es reconocido como el Mes de la Historia Negra. El caf\u00e9 social al aire libre reuni\u00f3 a l\u00edderes comunitarios, defensores y lugare\u00f1os para una celebraci\u00f3n \u00edntima y significativa de inicio del Mes de la Historia Negra. Reflexionando sobre lo que habr\u00eda sido el 40\u00ba Desfile Anual de la [&hellip;]<\/p>\n","protected":false},"author":4,"featured_media":14240,"comment_status":"open","ping_status":"closed","sticky":false,"template":"","format":"standard","meta":[],"categories":[4],"tags":[],"acf":[],"_links":{"self":[{"href":"http:\/\/www.pasadenahoy.com\/primero\/wp-json\/wp\/v2\/posts\/14239"}],"collection":[{"href":"http:\/\/www.pasadenahoy.com\/primero\/wp-json\/wp\/v2\/posts"}],"about":[{"href":"http:\/\/www.pasadenahoy.com\/primero\/wp-json\/wp\/v2\/types\/post"}],"author":[{"embeddable":true,"href":"http:\/\/www.pasadenahoy.com\/primero\/wp-json\/wp\/v2\/users\/4"}],"replies":[{"embeddable":true,"href":"http:\/\/www.pasadenahoy.com\/primero\/wp-json\/wp\/v2\/comments?post=14239"}],"version-history":[{"count":2,"href":"http:\/\/www.pasadenahoy.com\/primero\/wp-json\/wp\/v2\/posts\/14239\/revisions"}],"predecessor-version":[{"id":14242,"href":"http:\/\/www.pasadenahoy.com\/primero\/wp-json\/wp\/v2\/posts\/14239\/revisions\/14242"}],"wp:featuredmedia":[{"embeddable":true,"href":"http:\/\/www.pasadenahoy.com\/primero\/wp-json\/wp\/v2\/media\/14240"}],"wp:attachment":[{"href":"http:\/\/www.pasadenahoy.com\/primero\/wp-json\/wp\/v2\/media?parent=14239"}],"wp:term":[{"taxonomy":"category","embeddable":true,"href":"http:\/\/www.pasadenahoy.com\/primero\/wp-json\/wp\/v2\/categories?post=14239"},{"taxonomy":"post_tag","embeddable":true,"href":"http:\/\/www.pasadenahoy.com\/primero\/wp-json\/wp\/v2\/tags?post=14239"}],"curies":[{"name":"wp","href":"https:\/\/api.w.org\/{rel}","templated":true}]}}