{"id":14255,"date":"2022-02-04T13:17:15","date_gmt":"2022-02-04T13:17:15","guid":{"rendered":"http:\/\/www.pasadenahoy.com\/primero\/?p=14255"},"modified":"2022-02-04T13:17:20","modified_gmt":"2022-02-04T13:17:20","slug":"funcionario-de-audiencia-suspende-audiencia-publica-para-determinar-si-se-debe-revocar-el-permiso-para-operar-de-un-restaurante-local","status":"publish","type":"post","link":"http:\/\/www.pasadenahoy.com\/primero\/la-comunidad\/funcionario-de-audiencia-suspende-audiencia-publica-para-determinar-si-se-debe-revocar-el-permiso-para-operar-de-un-restaurante-local\/","title":{"rendered":"Funcionario de audiencia suspende audiencia p\u00fablica para determinar si se debe revocar el permiso para operar de un restaurante local"},"content":{"rendered":"\n<figure class=\"wp-block-image alignnone size-large\"><figure class=\"alignnone\"><img loading=\"lazy\" width=\"700\" height=\"378\" src=\"http:\/\/www.pasadenahoy.com\/primero\/wp-content\/uploads\/2022\/02\/pic-1.png\" alt=\"\" class=\"wp-image-14256\" srcset=\"http:\/\/www.pasadenahoy.com\/primero\/wp-content\/uploads\/2022\/02\/pic-1.png 700w, http:\/\/www.pasadenahoy.com\/primero\/wp-content\/uploads\/2022\/02\/pic-1-300x162.png 300w, http:\/\/www.pasadenahoy.com\/primero\/wp-content\/uploads\/2022\/02\/pic-1-241x130.png 241w, http:\/\/www.pasadenahoy.com\/primero\/wp-content\/uploads\/2022\/02\/pic-1-333x180.png 333w, http:\/\/www.pasadenahoy.com\/primero\/wp-content\/uploads\/2022\/02\/pic-1-360x194.png 360w\" sizes=\"100vw\" \/><\/figure><\/figure>\n\n\n\n<p>El funcionario de audiencias de Pasadena anunci\u00f3 el mi\u00e9rcoles que el pr\u00f3ximo mes se escuchar\u00e1 una recomendaci\u00f3n del Departamento de Planificaci\u00f3n y Desarrollo Comunitario de revocar un Permiso de Uso Condicional emitido en una cervecer\u00eda y restaurante local.<\/p>\n\n\n\n<p>Der Wolfskopf, una cervecer\u00eda y restaurante de inspiraci\u00f3n alemana en 72 North Fair Oaks Ave., enfrenta presuntas violaciones del permiso de uso condicional.<\/p>\n\n\n\n<p>\u201cVoy a continuar con ese tema hasta la reuni\u00f3n del funcionario de audiencias del 2 de marzo de 2022 sin perjuicio\u201d. dijo el Oficial de Audiencia Paul Novak.<\/p>\n\n\n\n<p>Sin prejuicios significa que la persona puede volver a intentarlo.<\/p>\n\n\n\n<p>Seg\u00fan un informe del Departamento de Planificaci\u00f3n y Desarrollo Comunitario, se aleg\u00f3 que el negocio estaba \u201coperando de una manera que es perjudicial para la salud, la seguridad y el bienestar p\u00fablicos\u201d, y estaba creando una molestia p\u00fablica, citando hallazgos del Departamento de Polic\u00eda de Pasadena y el Departamento de Polic\u00eda de Pasadena. Divisi\u00f3n de Cumplimiento de C\u00f3digos de la Ciudad.<\/p>\n\n\n\n<p>\u201cDurante la pandemia de COVID-19, el negocio abri\u00f3 el comedor para reuniones y consumo de alcohol en violaci\u00f3n de las \u00f3rdenes M\u00e1s seguras en el hogar del estado de California y la ciudad de Pasadena dise\u00f1adas para frenar la propagaci\u00f3n del virus\u201d, dice el informe.<\/p>\n\n\n\n<p>\u201cAdem\u00e1s, las actividades que ocurrieron m\u00e1s all\u00e1 de la hora de cierre condicionada de la 1:30 a. m. en el sitio el 3 de mayo y el 17 de julio incluyeron peleas violentas que requirieron la respuesta del Departamento de Polic\u00eda de Pasadena. Tales actividades y operaciones representan un riesgo para la salud, la seguridad y el bienestar p\u00fablicos\u201d.<\/p>\n\n\n\n<p>El CUP de Der Wolfskopf fue aprobado originalmente por el funcionario de audiencias el 18 de agosto de 1993 y posteriormente modificado por la Junta de Apelaciones de Zonificaci\u00f3n el 13 de septiembre de 2001 y el 20 de marzo de 2002 debido a la violaci\u00f3n de las condiciones de aprobaci\u00f3n y problemas relacionados con la venta de alcohol. por un operador anterior.<\/p>\n\n\n\n<p>La CUP permite la venta de bebidas alcoh\u00f3licas, entretenimiento en vivo y entretenimiento comercial en conjunto con la operaci\u00f3n de un restaurante. El Departamento de Planificaci\u00f3n dijo que el Administrador de Zonificaci\u00f3n ha determinado que existen motivos razonables para la revocaci\u00f3n del CUP.<\/p>\n\n\n\n<p>Entre los incidentes incluidos en el informe se encuentran las inspecciones realizadas por el Departamento de Polic\u00eda de Pasadena y el personal de la Divisi\u00f3n de Cumplimiento de C\u00f3digos que alegaron en los hallazgos que el negocio viol\u00f3 las disposiciones de horas de operaci\u00f3n en el CUP y supuestamente estaba operando y vendiendo bebidas alcoh\u00f3licas m\u00e1s all\u00e1 de las horas aprobadas en el TAZA.<\/p>\n\n\n\n<p>\u201cEl 16 de mayo de 2020, el 27 de junio de 2020, el 4 de julio de 2020 y el 4 de septiembre, el Departamento de Polic\u00eda de Pasadena y la Divisi\u00f3n de Cumplimiento de C\u00f3digos observaron que las ventas de alcohol se realizaban despu\u00e9s de la 1 a. m. y que Der Wolfskopf operaba m\u00e1s all\u00e1 de la 1:30 a. m. soy\u201d, dec\u00eda el informe. \u201cLas quejas recibidas por el p\u00fablico indicaron que, en ocasiones, Der Wolfskopf estaba operando hasta las 5 a.m.\u201d<\/p>\n\n\n\n<p>El informe tambi\u00e9n menciona un incidente el 3 de mayo, cuando el Departamento de Polic\u00eda de Pasadena respondi\u00f3 al negocio debido a una llamada de disturbios relacionada con una pelea en curso en el negocio aproximadamente a las 3:07 a. m. Diez empleados de Der Wolfskopf supuestamente estaban en las instalaciones despu\u00e9s del incidente. hora de cierre requerida, seg\u00fan el informe.<\/p>\n\n\n\n<p>El 17 de julio, el Departamento de Polic\u00eda de Pasadena tambi\u00e9n recibi\u00f3 una llamada a las 2:01 a. m. relacionada con una pelea que involucr\u00f3 a 20 personas en el lugar, que result\u00f3 en tres arrestos. Ambos hechos violentos ocurrieron dentro del establecimiento m\u00e1s all\u00e1 de la restricci\u00f3n de la 1:30 a.m.<\/p>\n\n\n\n<p>Otras acusaciones incluyeron el cargo de que el negocio Der Wolfskopf no estaba sirviendo comida durante las horas en que se vend\u00edan bebidas alcoh\u00f3licas, en violaci\u00f3n de una condici\u00f3n en el CUP que dice que el servicio de comida permanecer\u00e1 abierto durante esas horas.<\/p>\n\n\n\n<p>Tambi\u00e9n se requiri\u00f3 que el negocio mantuviera al menos un guardia de seguridad uniformado y con licencia por cada 20 clientes entre las 8 p.m. y 1 a. m. Una inspecci\u00f3n el 27 de junio de 2020, el 4 de julio de 2020 y el 4 de septiembre revel\u00f3 que \u201cno hab\u00eda un guardia de seguridad uniformado y con licencia de servicio\u201d, en violaci\u00f3n de la condici\u00f3n, alega el informe de la ciudad.<\/p>\n\n\n\n<p>\u201cEs la determinaci\u00f3n del personal [de la ciudad] que existen motivos razonables para la revocaci\u00f3n del CUP\u201d, dijo el Departamento de Planificaci\u00f3n en el informe.<\/p>\n\n\n\n<p>La audiencia p\u00fablica del mi\u00e9rcoles comienza a las 5:30 p.m. Los miembros del p\u00fablico pueden acceder a la audiencia a trav\u00e9s de <a href=\"https:\/\/us02web.zoom.us\/j\/87223296241\">https:\/\/us02web.zoom.us\/j\/87223296241<\/a> o llamando al (669) 900-6833 y usando la identificaci\u00f3n del seminario web 872 2329 6241.<\/p>\n\n\n\n<p>Los comentarios p\u00fablicos pueden enviarse por correo electr\u00f3nico a <a href=\"mailto:htam@cityofpasadena.net\">htam@cityofpasadena.net<\/a>.<\/p>\n","protected":false},"excerpt":{"rendered":"<p>El funcionario de audiencias de Pasadena anunci\u00f3 el mi\u00e9rcoles que el pr\u00f3ximo mes se escuchar\u00e1 una recomendaci\u00f3n del Departamento de Planificaci\u00f3n y Desarrollo Comunitario de revocar un Permiso de Uso Condicional emitido en una cervecer\u00eda y restaurante local. Der Wolfskopf, una cervecer\u00eda y restaurante de inspiraci\u00f3n alemana en 72 North Fair Oaks Ave., enfrenta presuntas violaciones del permiso de uso condicional. \u201cVoy a continuar con ese tema hasta la reuni\u00f3n del funcionario de audiencias del 2 de marzo de 2022 [&hellip;]<\/p>\n","protected":false},"author":4,"featured_media":14256,"comment_status":"open","ping_status":"closed","sticky":false,"template":"","format":"standard","meta":[],"categories":[4],"tags":[],"acf":[],"_links":{"self":[{"href":"http:\/\/www.pasadenahoy.com\/primero\/wp-json\/wp\/v2\/posts\/14255"}],"collection":[{"href":"http:\/\/www.pasadenahoy.com\/primero\/wp-json\/wp\/v2\/posts"}],"about":[{"href":"http:\/\/www.pasadenahoy.com\/primero\/wp-json\/wp\/v2\/types\/post"}],"author":[{"embeddable":true,"href":"http:\/\/www.pasadenahoy.com\/primero\/wp-json\/wp\/v2\/users\/4"}],"replies":[{"embeddable":true,"href":"http:\/\/www.pasadenahoy.com\/primero\/wp-json\/wp\/v2\/comments?post=14255"}],"version-history":[{"count":2,"href":"http:\/\/www.pasadenahoy.com\/primero\/wp-json\/wp\/v2\/posts\/14255\/revisions"}],"predecessor-version":[{"id":14258,"href":"http:\/\/www.pasadenahoy.com\/primero\/wp-json\/wp\/v2\/posts\/14255\/revisions\/14258"}],"wp:featuredmedia":[{"embeddable":true,"href":"http:\/\/www.pasadenahoy.com\/primero\/wp-json\/wp\/v2\/media\/14256"}],"wp:attachment":[{"href":"http:\/\/www.pasadenahoy.com\/primero\/wp-json\/wp\/v2\/media?parent=14255"}],"wp:term":[{"taxonomy":"category","embeddable":true,"href":"http:\/\/www.pasadenahoy.com\/primero\/wp-json\/wp\/v2\/categories?post=14255"},{"taxonomy":"post_tag","embeddable":true,"href":"http:\/\/www.pasadenahoy.com\/primero\/wp-json\/wp\/v2\/tags?post=14255"}],"curies":[{"name":"wp","href":"https:\/\/api.w.org\/{rel}","templated":true}]}}