{"id":14264,"date":"2022-02-04T13:27:05","date_gmt":"2022-02-04T13:27:05","guid":{"rendered":"http:\/\/www.pasadenahoy.com\/primero\/?p=14264"},"modified":"2022-02-04T13:27:07","modified_gmt":"2022-02-04T13:27:07","slug":"legisladores-de-california-anuncian-becas-de-ensayo-y-artes-visuales-2022-para-crear-conciencia-sobre-el-genocidio-armenio","status":"publish","type":"post","link":"http:\/\/www.pasadenahoy.com\/primero\/la-comunidad\/legisladores-de-california-anuncian-becas-de-ensayo-y-artes-visuales-2022-para-crear-conciencia-sobre-el-genocidio-armenio\/","title":{"rendered":"Legisladores de California anuncian becas de ensayo y artes visuales 2022 para crear conciencia sobre el genocidio armenio"},"content":{"rendered":"\n<figure class=\"wp-block-image alignnone size-large\"><figure class=\"alignnone\"><img loading=\"lazy\" width=\"700\" height=\"378\" src=\"http:\/\/www.pasadenahoy.com\/primero\/wp-content\/uploads\/2022\/02\/pic-3-1.jpg\" alt=\"\" class=\"wp-image-14265\" srcset=\"http:\/\/www.pasadenahoy.com\/primero\/wp-content\/uploads\/2022\/02\/pic-3-1.jpg 700w, http:\/\/www.pasadenahoy.com\/primero\/wp-content\/uploads\/2022\/02\/pic-3-1-300x162.jpg 300w, http:\/\/www.pasadenahoy.com\/primero\/wp-content\/uploads\/2022\/02\/pic-3-1-241x130.jpg 241w, http:\/\/www.pasadenahoy.com\/primero\/wp-content\/uploads\/2022\/02\/pic-3-1-333x180.jpg 333w, http:\/\/www.pasadenahoy.com\/primero\/wp-content\/uploads\/2022\/02\/pic-3-1-360x194.jpg 360w\" sizes=\"100vw\" \/><\/figure><\/figure>\n\n\n\n<p>El asamble\u00edsta Chris Holden, como parte del Caucus Legislativo Armenio de California, anunci\u00f3 el concurso anual de becas el mi\u00e9rcoles.<\/p>\n\n\n\n<p>\u201cAunque no soy de ascendencia armenia, la historia y la historia del pueblo armenio me han tocado el coraz\u00f3n\u201d, dijo el asamble\u00edsta Chris Holden.<\/p>\n\n\n\n<p>La beca anual es un recordatorio de que la educaci\u00f3n tiene el poder de inspirar a generaciones y me siento honrado de ser parte de este esfuerzo.<\/p>\n\n\n\n<p>El caucus est\u00e1 organizando dos concursos de becas para el recuerdo del Genocidio Armenio de 2022. Los estudiantes de secundaria de California de los grados 9-12 est\u00e1n invitados a participar en un concurso de ensayos y\/o un concurso de artes visuales para aumentar la conciencia sobre el Genocidio Armenio en su aniversario.<\/p>\n\n\n\n<p>Todos los ganadores ser\u00e1n contactados directamente y anunciados a los principales medios de comunicaci\u00f3n armenios por el Caucus Legislativo Armenio de California el 15 de abril. Todos los ganadores recibir\u00e1n becas y ser\u00e1n reconocidos en el D\u00eda anual de defensa armenia del Caucus Legislativo Armenio de California y recibir\u00e1n un reconocimiento especial de los miembros del Caucus Armenio. Se solicitar\u00e1n obras de arte originales a los solicitantes de artes visuales si son seleccionados como finalistas para una posible exhibici\u00f3n en el Capitolio del Estado de California.<\/p>\n\n\n\n<p>Debido a las restricciones de COVID-19, los detalles finales se dar\u00e1n m\u00e1s cerca de la fecha del evento.<\/p>\n\n\n\n<p>Los criterios para cada concurso se detallan a continuaci\u00f3n. Los estudiantes pueden participar en ambos concursos, pero las presentaciones deben ingresarse por separado.<\/p>\n\n\n\n<p>Premios de becas de ensayo:<\/p>\n\n\n\n<p>Primer Lugar: $1,000<\/p>\n\n\n\n<p>Segundo Lugar: $750<\/p>\n\n\n\n<p>Tercer Lugar: $500<\/p>\n\n\n\n<p>Premios de becas de artes visuales:<\/p>\n\n\n\n<p>Primer Lugar: $1,000<\/p>\n\n\n\n<p>Segundo Lugar: $750<\/p>\n\n\n\n<p>Tercer Lugar: $500<\/p>\n\n\n\n<p>La fecha l\u00edmite para todas las presentaciones de ensayos y artes visuales es el 8 de abril de 2022.<\/p>\n\n\n\n<p>Para obtener m\u00e1s informaci\u00f3n, comun\u00edquese con la oficina del asamble\u00edsta Holden haciendo clic aqu\u00ed.<\/p>\n","protected":false},"excerpt":{"rendered":"<p>El asamble\u00edsta Chris Holden, como parte del Caucus Legislativo Armenio de California, anunci\u00f3 el concurso anual de becas el mi\u00e9rcoles. \u201cAunque no soy de ascendencia armenia, la historia y la historia del pueblo armenio me han tocado el coraz\u00f3n\u201d, dijo el asamble\u00edsta Chris Holden. La beca anual es un recordatorio de que la educaci\u00f3n tiene el poder de inspirar a generaciones y me siento honrado de ser parte de este esfuerzo. El caucus est\u00e1 organizando dos concursos de becas para [&hellip;]<\/p>\n","protected":false},"author":4,"featured_media":14265,"comment_status":"open","ping_status":"closed","sticky":false,"template":"","format":"standard","meta":[],"categories":[4],"tags":[],"acf":[],"_links":{"self":[{"href":"http:\/\/www.pasadenahoy.com\/primero\/wp-json\/wp\/v2\/posts\/14264"}],"collection":[{"href":"http:\/\/www.pasadenahoy.com\/primero\/wp-json\/wp\/v2\/posts"}],"about":[{"href":"http:\/\/www.pasadenahoy.com\/primero\/wp-json\/wp\/v2\/types\/post"}],"author":[{"embeddable":true,"href":"http:\/\/www.pasadenahoy.com\/primero\/wp-json\/wp\/v2\/users\/4"}],"replies":[{"embeddable":true,"href":"http:\/\/www.pasadenahoy.com\/primero\/wp-json\/wp\/v2\/comments?post=14264"}],"version-history":[{"count":2,"href":"http:\/\/www.pasadenahoy.com\/primero\/wp-json\/wp\/v2\/posts\/14264\/revisions"}],"predecessor-version":[{"id":14267,"href":"http:\/\/www.pasadenahoy.com\/primero\/wp-json\/wp\/v2\/posts\/14264\/revisions\/14267"}],"wp:featuredmedia":[{"embeddable":true,"href":"http:\/\/www.pasadenahoy.com\/primero\/wp-json\/wp\/v2\/media\/14265"}],"wp:attachment":[{"href":"http:\/\/www.pasadenahoy.com\/primero\/wp-json\/wp\/v2\/media?parent=14264"}],"wp:term":[{"taxonomy":"category","embeddable":true,"href":"http:\/\/www.pasadenahoy.com\/primero\/wp-json\/wp\/v2\/categories?post=14264"},{"taxonomy":"post_tag","embeddable":true,"href":"http:\/\/www.pasadenahoy.com\/primero\/wp-json\/wp\/v2\/tags?post=14264"}],"curies":[{"name":"wp","href":"https:\/\/api.w.org\/{rel}","templated":true}]}}