{"id":14282,"date":"2022-02-04T14:21:57","date_gmt":"2022-02-04T14:21:57","guid":{"rendered":"http:\/\/www.pasadenahoy.com\/primero\/?p=14282"},"modified":"2022-02-04T14:21:59","modified_gmt":"2022-02-04T14:21:59","slug":"inmediatamente-despues-de-la-renuncia-del-auditor-independiente-de-la-policia-renuncia-un-comisionado-de-supervision-policial","status":"publish","type":"post","link":"http:\/\/www.pasadenahoy.com\/primero\/la-comunidad\/inmediatamente-despues-de-la-renuncia-del-auditor-independiente-de-la-policia-renuncia-un-comisionado-de-supervision-policial\/","title":{"rendered":"Inmediatamente despu\u00e9s de la renuncia del auditor independiente de la polic\u00eda, renuncia un comisionado de supervisi\u00f3n policial"},"content":{"rendered":"\n<figure class=\"wp-block-image alignnone size-large\"><figure class=\"alignnone\"><img loading=\"lazy\" width=\"700\" height=\"378\" src=\"http:\/\/www.pasadenahoy.com\/primero\/wp-content\/uploads\/2022\/02\/pic7.png\" alt=\"\" class=\"wp-image-14283\" srcset=\"http:\/\/www.pasadenahoy.com\/primero\/wp-content\/uploads\/2022\/02\/pic7.png 700w, http:\/\/www.pasadenahoy.com\/primero\/wp-content\/uploads\/2022\/02\/pic7-300x162.png 300w, http:\/\/www.pasadenahoy.com\/primero\/wp-content\/uploads\/2022\/02\/pic7-241x130.png 241w, http:\/\/www.pasadenahoy.com\/primero\/wp-content\/uploads\/2022\/02\/pic7-333x180.png 333w, http:\/\/www.pasadenahoy.com\/primero\/wp-content\/uploads\/2022\/02\/pic7-360x194.png 360w\" sizes=\"100vw\" \/><\/figure><\/figure>\n\n\n\n<p>Un comisionado de la Comisi\u00f3n de Supervisi\u00f3n de la Polic\u00eda Comunitaria renunci\u00f3 recientemente, solo unas semanas despu\u00e9s de que Brian Maxey renunci\u00f3 como Auditor Independiente de la Polic\u00eda de la ciudad.<\/p>\n\n\n\n<p>Durante la reuni\u00f3n de la Comisi\u00f3n el jueves, la Analista Administrativa Principal Amanda Fowler anunci\u00f3 que la ciudad ya comenz\u00f3 el proceso formal de b\u00fasqueda de un nuevo comisionado para reemplazar a la abogada y activista Patricia Kinaga, la designada inicial del Distrito 6.<\/p>\n\n\n\n<p>\u201cDesafortunadamente, la comisionada Kinaga renunci\u00f3 a su cargo debido a un conflicto de intereses\u201d, dijo Fowler. \u201cEl proceso ha comenzado para iniciar su reemplazo\u201d.<\/p>\n\n\n\n<p>\u201cLe agradecemos su servicio. Le deseamos lo mejor en su nuevo cargo\u201d, agreg\u00f3.<\/p>\n\n\n\n<p>Seg\u00fan Fowler, el concejal del Distrito 6, Steve Madison, tiene la autoridad para hacer una nominaci\u00f3n para el nuevo comisionado que reemplazar\u00e1 a Kinaga y esta selecci\u00f3n ir\u00e1 al Concejo Municipal para su aprobaci\u00f3n.<\/p>\n\n\n\n<p>\u201cEsperamos que ese no sea un proceso largo y que para la pr\u00f3xima reuni\u00f3n, tengamos un reemplazo para su puesto\u201d.<\/p>\n\n\n\n<p>En la misma reuni\u00f3n, Fowler tambi\u00e9n anunci\u00f3 que un comit\u00e9 ad hoc del Concejo Municipal compuesto por los concejales Madison, Andy Wilson, Tyron Hampton y Felicia Williams se reunir\u00e1 para revisar las solicitudes de propuestas presentadas por empresas e individuos que solicitan el puesto de Auditor Independiente de la Polic\u00eda de Pasadena. .<\/p>\n\n\n\n<p>El per\u00edodo de solicitud finaliz\u00f3 el jueves a las 5 p.m. Durante la reuni\u00f3n no se mencion\u00f3 cu\u00e1ntas solicitudes se han recibido.<\/p>\n\n\n\n<p>Fowler asegur\u00f3 a la Comisi\u00f3n que la ciudad se est\u00e1 moviendo lo m\u00e1s r\u00e1pido posible para encontrar el reemplazo de Maxey.<\/p>\n\n\n\n<p>Maxey de Modern Policing dej\u00f3 la ciudad para regresar a Seattle el mes pasado.<\/p>\n\n\n\n<p>Algunos comisionados expresaron anteriormente su decepci\u00f3n por su renuncia, y el comisionado Alexis Abernethy dijo que era &#8220;muy perjudicial&#8221;, considerando que es el primer a\u00f1o de operaciones de la Comisi\u00f3n.<\/p>\n\n\n\n<p>La renuncia de Maxey se produjo solo dos meses despu\u00e9s de que los comisionados se reunieran formalmente para estudiar sus deberes y responsabilidades y discutir sus prioridades y plan de trabajo.<\/p>\n","protected":false},"excerpt":{"rendered":"<p>Un comisionado de la Comisi\u00f3n de Supervisi\u00f3n de la Polic\u00eda Comunitaria renunci\u00f3 recientemente, solo unas semanas despu\u00e9s de que Brian Maxey renunci\u00f3 como Auditor Independiente de la Polic\u00eda de la ciudad. Durante la reuni\u00f3n de la Comisi\u00f3n el jueves, la Analista Administrativa Principal Amanda Fowler anunci\u00f3 que la ciudad ya comenz\u00f3 el proceso formal de b\u00fasqueda de un nuevo comisionado para reemplazar a la abogada y activista Patricia Kinaga, la designada inicial del Distrito 6. \u201cDesafortunadamente, la comisionada Kinaga renunci\u00f3 [&hellip;]<\/p>\n","protected":false},"author":4,"featured_media":14283,"comment_status":"open","ping_status":"closed","sticky":false,"template":"","format":"standard","meta":[],"categories":[4],"tags":[],"acf":[],"_links":{"self":[{"href":"http:\/\/www.pasadenahoy.com\/primero\/wp-json\/wp\/v2\/posts\/14282"}],"collection":[{"href":"http:\/\/www.pasadenahoy.com\/primero\/wp-json\/wp\/v2\/posts"}],"about":[{"href":"http:\/\/www.pasadenahoy.com\/primero\/wp-json\/wp\/v2\/types\/post"}],"author":[{"embeddable":true,"href":"http:\/\/www.pasadenahoy.com\/primero\/wp-json\/wp\/v2\/users\/4"}],"replies":[{"embeddable":true,"href":"http:\/\/www.pasadenahoy.com\/primero\/wp-json\/wp\/v2\/comments?post=14282"}],"version-history":[{"count":2,"href":"http:\/\/www.pasadenahoy.com\/primero\/wp-json\/wp\/v2\/posts\/14282\/revisions"}],"predecessor-version":[{"id":14285,"href":"http:\/\/www.pasadenahoy.com\/primero\/wp-json\/wp\/v2\/posts\/14282\/revisions\/14285"}],"wp:featuredmedia":[{"embeddable":true,"href":"http:\/\/www.pasadenahoy.com\/primero\/wp-json\/wp\/v2\/media\/14283"}],"wp:attachment":[{"href":"http:\/\/www.pasadenahoy.com\/primero\/wp-json\/wp\/v2\/media?parent=14282"}],"wp:term":[{"taxonomy":"category","embeddable":true,"href":"http:\/\/www.pasadenahoy.com\/primero\/wp-json\/wp\/v2\/categories?post=14282"},{"taxonomy":"post_tag","embeddable":true,"href":"http:\/\/www.pasadenahoy.com\/primero\/wp-json\/wp\/v2\/tags?post=14282"}],"curies":[{"name":"wp","href":"https:\/\/api.w.org\/{rel}","templated":true}]}}