{"id":14286,"date":"2022-02-04T14:28:19","date_gmt":"2022-02-04T14:28:19","guid":{"rendered":"http:\/\/www.pasadenahoy.com\/primero\/?p=14286"},"modified":"2022-02-04T14:28:21","modified_gmt":"2022-02-04T14:28:21","slug":"la-escuela-charter-local-se-enfrenta-a-una-decision-de-mudanza","status":"publish","type":"post","link":"http:\/\/www.pasadenahoy.com\/primero\/la-comunidad\/la-escuela-charter-local-se-enfrenta-a-una-decision-de-mudanza\/","title":{"rendered":"La escuela ch\u00e1rter local se enfrenta a una decisi\u00f3n de mudanza"},"content":{"rendered":"\n<figure class=\"wp-block-image alignnone size-large\"><figure class=\"alignnone\"><img loading=\"lazy\" width=\"700\" height=\"378\" src=\"http:\/\/www.pasadenahoy.com\/primero\/wp-content\/uploads\/2022\/02\/pic-8.jpg\" alt=\"\" class=\"wp-image-14287\" srcset=\"http:\/\/www.pasadenahoy.com\/primero\/wp-content\/uploads\/2022\/02\/pic-8.jpg 700w, http:\/\/www.pasadenahoy.com\/primero\/wp-content\/uploads\/2022\/02\/pic-8-300x162.jpg 300w, http:\/\/www.pasadenahoy.com\/primero\/wp-content\/uploads\/2022\/02\/pic-8-241x130.jpg 241w, http:\/\/www.pasadenahoy.com\/primero\/wp-content\/uploads\/2022\/02\/pic-8-333x180.jpg 333w, http:\/\/www.pasadenahoy.com\/primero\/wp-content\/uploads\/2022\/02\/pic-8-360x194.jpg 360w\" sizes=\"100vw\" \/><\/figure><\/figure>\n\n\n\n<p>La facultad, el personal y los padres de la Escuela P\u00fablica Alma Fuerte, una peque\u00f1a escuela aut\u00f3noma TK-8 en Altadena, enfrentan la perspectiva de tener que mudar su campus en una propiedad arrendada del Distrito Escolar Unificado de Pasadena a una instalaci\u00f3n diferente este verano.<\/p>\n\n\n\n<p>Los funcionarios escolares dijeron que PUSD quiere que Alma Fuerte se traslade de su sitio actual, la antigua Escuela Primaria Edison en 119 W. Palm Street en Altadena, al antiguo campus de la Escuela Primaria Cleveland en 524 Palisade Street en Pasadena. Cleveland se cerr\u00f3 en un movimiento de reducci\u00f3n de costos en 2018.<\/p>\n\n\n\n<p>Alma Fuerte ha estado alquilando el espacio del campus en el antiguo campus de la Escuela Primaria Edison del PUSD desde 2019. Ha renovado su contrato de arrendamiento cada a\u00f1o con el apoyo de la Proposici\u00f3n 39, que permite que dicho arreglo beneficie a las escuelas aut\u00f3nomas peque\u00f1as dentro de los l\u00edmites de un distrito.<\/p>\n\n\n\n<p>Seg\u00fan la Asociaci\u00f3n de Escuelas Ch\u00e1rter de California, \u201cMuchas escuelas ch\u00e1rter se ven obligadas a gastar una cantidad desproporcionada de sus presupuestos para alquilar instalaciones, a pesar de que son escuelas p\u00fablicas. Este es dinero que se gastar\u00eda mejor en el sal\u00f3n de clases\u201d.<\/p>\n\n\n\n<p>\u201cLa Proposici\u00f3n 39 se redact\u00f3 para garantizar que todos los estudiantes de las escuelas p\u00fablicas compartan por igual las instalaciones del distrito\u201d, dijo la asociaci\u00f3n. \u201cLos estudiantes de las escuelas ch\u00e1rter deb\u00edan tener igual acceso a las instalaciones del distrito, si las escuelas ch\u00e1rter pueden cumplir con ciertos requisitos de elegibilidad\u201d.<\/p>\n\n\n\n<p>La directora de la escuela Alma Fuerte, Laurilie Keay, y Adriani Leon, gerente de operaciones, presentaron los escenarios para el futuro del campus en una reuni\u00f3n de Zoom del ayuntamiento celebrada el jueves.<\/p>\n\n\n\n<p>\u201cAplicamos todos los a\u00f1os para nuestro espacio, y siempre es una batalla\u201d, dijo Leon.<\/p>\n\n\n\n<p>Seg\u00fan Leon, los l\u00edderes del PUSD quer\u00edan trasladar el campus al antiguo sitio de Cleveland el a\u00f1o pasado, pero abandonaron la idea debido a la pandemia.<\/p>\n\n\n\n<p>El plan actual del PUSD es trasladar Alma Fuerte al antiguo campus de Cleveland y trasladar el campus de la escuela ch\u00e1rter Odyssey South a las instalaciones que Alma Fuerte dejar\u00e1 vacantes.<\/p>\n\n\n\n<p>Keay agreg\u00f3 que la oferta actual del PUSD es preliminar y dijo: \u201cLo que estamos tratando de hacer es negociar un contrato de arrendamiento a m\u00e1s largo plazo\u201d en el campus actual.<\/p>\n\n\n\n<p>Le\u00f3n dijo que la medida desplazar\u00eda a las familias de todas las escuelas involucradas. Seg\u00fan Le\u00f3n, ninguna de las partes involucradas ha pedido mudarse y todos preferir\u00edan quedarse en sus ubicaciones actuales.<\/p>\n\n\n\n<p>Los movimientos requerir\u00edan \u201cun esfuerzo y un gasto considerables para todas las partes involucradas, incluido el PUSD\u201d, agreg\u00f3 Leon.<\/p>\n\n\n\n<p>El campus de Cleveland es una propiedad considerablemente m\u00e1s grande que el campus de Edison, se se\u00f1al\u00f3 durante la reuni\u00f3n, con un gran campo de c\u00e9sped, un gran jard\u00edn existente, una estructura de juegos m\u00e1s nueva y un espacio de aprendizaje al aire libre compartido. Alma Fuerte tambi\u00e9n compartir\u00eda espacio con un preescolar que podr\u00eda servir como una \u201cescuela de alimentaci\u00f3n\u201d, dijo la presentaci\u00f3n.<\/p>\n\n\n\n<p>PUSD tambi\u00e9n proporcionar\u00eda un contrato de arrendamiento a largo plazo con la mudanza.<\/p>\n\n\n\n<p>Pero la presentaci\u00f3n tambi\u00e9n dijo que Alma Fuerte perder\u00eda su \u201cequidad laboral\u201d en el antiguo campus y que mudarse ser\u00eda costoso y dif\u00edcil de coordinar en medio del programa de la escuela de verano.<\/p>\n\n\n\n<p>Si Alma Fuerte impugnara la oferta del PUSD, dijo Keay, entonces se ver\u00eda obligada a demandar al PUSD, a un costo estimado de $70,000.<\/p>\n\n\n\n<p>La presentaci\u00f3n calific\u00f3 ese escenario como \u201cuna pelea dura, con muchas inc\u00f3gnitas\u201d, y dijo que Alma Fuerte podr\u00eda \u201ctodav\u00eda perder\u201d.<\/p>\n\n\n\n<p>Le\u00f3n dijo a la reuni\u00f3n que era necesario tomar una decisi\u00f3n r\u00e1pidamente.<\/p>\n\n\n\n<p>La mayor\u00eda de los padres que asistieron a la reuni\u00f3n parec\u00edan respaldar la decisi\u00f3n de luchar por el campus actual.<\/p>\n\n\n\n<p>Varios padres tambi\u00e9n expresaron su acuerdo con la idea de que \u201cDondequiera que vaya la escuela, ah\u00ed es donde iremos nosotros\u201d.<\/p>\n\n\n\n<p>Se solicita a los padres de familia de Alma Fuerte llenar una encuesta con sus opiniones en <a href=\"https:\/\/forms.gle\/mCP3E5tMBXhEzR779.\">https:\/\/forms.gle\/mCP3E5tMBXhEzR779.<\/a><\/p>\n","protected":false},"excerpt":{"rendered":"<p>La facultad, el personal y los padres de la Escuela P\u00fablica Alma Fuerte, una peque\u00f1a escuela aut\u00f3noma TK-8 en Altadena, enfrentan la perspectiva de tener que mudar su campus en una propiedad arrendada del Distrito Escolar Unificado de Pasadena a una instalaci\u00f3n diferente este verano. Los funcionarios escolares dijeron que PUSD quiere que Alma Fuerte se traslade de su sitio actual, la antigua Escuela Primaria Edison en 119 W. Palm Street en Altadena, al antiguo campus de la Escuela Primaria [&hellip;]<\/p>\n","protected":false},"author":4,"featured_media":14287,"comment_status":"open","ping_status":"closed","sticky":false,"template":"","format":"standard","meta":[],"categories":[4],"tags":[],"acf":[],"_links":{"self":[{"href":"http:\/\/www.pasadenahoy.com\/primero\/wp-json\/wp\/v2\/posts\/14286"}],"collection":[{"href":"http:\/\/www.pasadenahoy.com\/primero\/wp-json\/wp\/v2\/posts"}],"about":[{"href":"http:\/\/www.pasadenahoy.com\/primero\/wp-json\/wp\/v2\/types\/post"}],"author":[{"embeddable":true,"href":"http:\/\/www.pasadenahoy.com\/primero\/wp-json\/wp\/v2\/users\/4"}],"replies":[{"embeddable":true,"href":"http:\/\/www.pasadenahoy.com\/primero\/wp-json\/wp\/v2\/comments?post=14286"}],"version-history":[{"count":2,"href":"http:\/\/www.pasadenahoy.com\/primero\/wp-json\/wp\/v2\/posts\/14286\/revisions"}],"predecessor-version":[{"id":14289,"href":"http:\/\/www.pasadenahoy.com\/primero\/wp-json\/wp\/v2\/posts\/14286\/revisions\/14289"}],"wp:featuredmedia":[{"embeddable":true,"href":"http:\/\/www.pasadenahoy.com\/primero\/wp-json\/wp\/v2\/media\/14287"}],"wp:attachment":[{"href":"http:\/\/www.pasadenahoy.com\/primero\/wp-json\/wp\/v2\/media?parent=14286"}],"wp:term":[{"taxonomy":"category","embeddable":true,"href":"http:\/\/www.pasadenahoy.com\/primero\/wp-json\/wp\/v2\/categories?post=14286"},{"taxonomy":"post_tag","embeddable":true,"href":"http:\/\/www.pasadenahoy.com\/primero\/wp-json\/wp\/v2\/tags?post=14286"}],"curies":[{"name":"wp","href":"https:\/\/api.w.org\/{rel}","templated":true}]}}