{"id":14301,"date":"2022-02-07T15:02:30","date_gmt":"2022-02-07T15:02:30","guid":{"rendered":"http:\/\/www.pasadenahoy.com\/primero\/?p=14301"},"modified":"2022-02-07T15:02:31","modified_gmt":"2022-02-07T15:02:31","slug":"todos-los-profesores-de-pcc-que-ensenan-cara-a-cara-para-regresar-al-campus-hoy-2-semanas-despues-de-la-reapertura-del-campus","status":"publish","type":"post","link":"http:\/\/www.pasadenahoy.com\/primero\/la-comunidad\/todos-los-profesores-de-pcc-que-ensenan-cara-a-cara-para-regresar-al-campus-hoy-2-semanas-despues-de-la-reapertura-del-campus\/","title":{"rendered":"Todos los profesores de PCC que ense\u00f1an cara a cara para regresar al campus hoy, 2 semanas despu\u00e9s de la reapertura del campus"},"content":{"rendered":"\n<figure class=\"wp-block-image alignnone size-large\"><figure class=\"alignnone\"><img loading=\"lazy\" width=\"700\" height=\"378\" src=\"http:\/\/www.pasadenahoy.com\/primero\/wp-content\/uploads\/2022\/02\/pic-2-3.jpg\" alt=\"\" class=\"wp-image-14302\" srcset=\"http:\/\/www.pasadenahoy.com\/primero\/wp-content\/uploads\/2022\/02\/pic-2-3.jpg 700w, http:\/\/www.pasadenahoy.com\/primero\/wp-content\/uploads\/2022\/02\/pic-2-3-300x162.jpg 300w, http:\/\/www.pasadenahoy.com\/primero\/wp-content\/uploads\/2022\/02\/pic-2-3-241x130.jpg 241w, http:\/\/www.pasadenahoy.com\/primero\/wp-content\/uploads\/2022\/02\/pic-2-3-333x180.jpg 333w, http:\/\/www.pasadenahoy.com\/primero\/wp-content\/uploads\/2022\/02\/pic-2-3-360x194.jpg 360w\" sizes=\"100vw\" \/><\/figure><\/figure>\n\n\n\n<p>El viernes, la facultad y los administradores de Pasadena City College llegaron a un consenso sobre un acuerdo de condiciones laborales complementarias casi dos semanas despu\u00e9s de que la universidad reabriera oficialmente para la ense\u00f1anza en persona.<\/p>\n\n\n\n<p>El per\u00edodo estuvo marcado por manifestaciones y negociaciones tensas, ya que muchos profesores, creyendo que el campus era inseguro, protestaron por el regreso. Algunos profesores se arriesgaron a la insubordinaci\u00f3n al negarse a regresar a sus aulas.<\/p>\n\n\n\n<p>\u201cEste fue un proceso de negociaci\u00f3n muy desafiante y prolongado. Durante las \u00faltimas dos semanas, los representantes del Distrito y la Asociaci\u00f3n de Facultad se reunieron durante muchas horas en muchos d\u00edas, incluidos los fines de semana\u201d, escribieron el Superintendente Asistente\/Vicepresidente de Recursos Humanos Robert Blizinski y Mark Whitworth de la Asociaci\u00f3n de Facultad de Pasadena City College en una declaraci\u00f3n conjunta. Viernes. \u201cY aunque el proceso fue a menudo tenso, pudimos ponernos de acuerdo\u201d.<\/p>\n\n\n\n<p>La declaraci\u00f3n conjunta dijo que los t\u00e9rminos y el contenido del MOU se compartir\u00e1n ampliamente tras la ratificaci\u00f3n en la reuni\u00f3n de la Junta del 16 de febrero, pero la Asociaci\u00f3n de Facultad public\u00f3 algunos detalles en su sitio.<\/p>\n\n\n\n<p>Seg\u00fan el PCCFA, como resultado de las negociaciones, frente a la ca\u00edda de las tasas de infecci\u00f3n por COVID-19 y las hospitalizaciones en todo el condado, se espera que todos los profesores que ense\u00f1an cara a cara regresen al campus para ense\u00f1ar en su horario habitual a partir del lunes de febrero. 7.<\/p>\n\n\n\n<p>El acuerdo complementario tambi\u00e9n requiere que todos los profesores reciban vacunas de refuerzo a principios de mayo y les extiende un pago de $ 500 por demostrar que las tienen, seg\u00fan PCCFA.<\/p>\n\n\n\n<p>El mayor punto de fricci\u00f3n en las negociaciones fue la disciplina contra los profesores que se negaron a regresar a sus aulas y permanecieron trabajando de forma remota, inform\u00f3 la Asociaci\u00f3n.<\/p>\n\n\n\n<p>Dijo que el acuerdo alcanzado con los administradores es que todos los profesores que permanecieron remotos desde el 24 de enero hasta el 6 de febrero debido a sus preocupaciones de seguridad recibir\u00e1n una carta de asesoramiento que describe las expectativas y violaciones del contrato. Esa carta no formar\u00e1 parte del archivo personal del miembro de la unidad ni se utilizar\u00e1 como parte de la evaluaci\u00f3n del miembro de la unidad y ser\u00e1 destruida por la Asociaci\u00f3n de Facultad antes del 23 de diciembre de 2022, siempre que no ocurra una insubordinaci\u00f3n dentro del per\u00edodo de tiempo establecido.<\/p>\n\n\n\n<p>Los maestros se hab\u00edan opuesto a que se les exigiera regresar al campus para recibir instrucci\u00f3n en el aula en lo que dijeron que eran condiciones inseguras debido a la pandemia y se\u00f1alaron a la mayor\u00eda de las otras universidades locales, que mantuvieron el aprendizaje virtual despu\u00e9s de la reapertura de PCC el 24 de enero.<\/p>\n\n\n\n<p>Los administradores de la universidad se\u00f1alaron que la facultad hab\u00eda acordado en un acuerdo del 30 de diciembre regresar y que se estaba haciendo todo lo posible para seguir las reglas de seguridad y las pruebas rigurosas para hacer del campus un entorno seguro.<\/p>\n\n\n\n<p>Aproximadamente el 58 por ciento de los cursos de PCC se ofrecen cara a cara; el resto son clases h\u00edbridas o solo en l\u00ednea.<\/p>\n","protected":false},"excerpt":{"rendered":"<p>El viernes, la facultad y los administradores de Pasadena City College llegaron a un consenso sobre un acuerdo de condiciones laborales complementarias casi dos semanas despu\u00e9s de que la universidad reabriera oficialmente para la ense\u00f1anza en persona. El per\u00edodo estuvo marcado por manifestaciones y negociaciones tensas, ya que muchos profesores, creyendo que el campus era inseguro, protestaron por el regreso. Algunos profesores se arriesgaron a la insubordinaci\u00f3n al negarse a regresar a sus aulas. \u201cEste fue un proceso de negociaci\u00f3n [&hellip;]<\/p>\n","protected":false},"author":4,"featured_media":14302,"comment_status":"open","ping_status":"closed","sticky":false,"template":"","format":"standard","meta":[],"categories":[4],"tags":[],"acf":[],"_links":{"self":[{"href":"http:\/\/www.pasadenahoy.com\/primero\/wp-json\/wp\/v2\/posts\/14301"}],"collection":[{"href":"http:\/\/www.pasadenahoy.com\/primero\/wp-json\/wp\/v2\/posts"}],"about":[{"href":"http:\/\/www.pasadenahoy.com\/primero\/wp-json\/wp\/v2\/types\/post"}],"author":[{"embeddable":true,"href":"http:\/\/www.pasadenahoy.com\/primero\/wp-json\/wp\/v2\/users\/4"}],"replies":[{"embeddable":true,"href":"http:\/\/www.pasadenahoy.com\/primero\/wp-json\/wp\/v2\/comments?post=14301"}],"version-history":[{"count":2,"href":"http:\/\/www.pasadenahoy.com\/primero\/wp-json\/wp\/v2\/posts\/14301\/revisions"}],"predecessor-version":[{"id":14304,"href":"http:\/\/www.pasadenahoy.com\/primero\/wp-json\/wp\/v2\/posts\/14301\/revisions\/14304"}],"wp:featuredmedia":[{"embeddable":true,"href":"http:\/\/www.pasadenahoy.com\/primero\/wp-json\/wp\/v2\/media\/14302"}],"wp:attachment":[{"href":"http:\/\/www.pasadenahoy.com\/primero\/wp-json\/wp\/v2\/media?parent=14301"}],"wp:term":[{"taxonomy":"category","embeddable":true,"href":"http:\/\/www.pasadenahoy.com\/primero\/wp-json\/wp\/v2\/categories?post=14301"},{"taxonomy":"post_tag","embeddable":true,"href":"http:\/\/www.pasadenahoy.com\/primero\/wp-json\/wp\/v2\/tags?post=14301"}],"curies":[{"name":"wp","href":"https:\/\/api.w.org\/{rel}","templated":true}]}}