{"id":14305,"date":"2022-02-07T15:06:30","date_gmt":"2022-02-07T15:06:30","guid":{"rendered":"http:\/\/www.pasadenahoy.com\/primero\/?p=14305"},"modified":"2022-02-07T15:06:31","modified_gmt":"2022-02-07T15:06:31","slug":"no-hay-desfile-de-historia-negra-este-ano-celebracion-del-16-de-junio-bajo-consideracion","status":"publish","type":"post","link":"http:\/\/www.pasadenahoy.com\/primero\/la-comunidad\/no-hay-desfile-de-historia-negra-este-ano-celebracion-del-16-de-junio-bajo-consideracion\/","title":{"rendered":"No hay desfile de historia negra este a\u00f1o, celebraci\u00f3n del 16 de junio bajo consideraci\u00f3n"},"content":{"rendered":"\n<figure class=\"wp-block-image alignnone size-large\"><figure class=\"alignnone\"><img loading=\"lazy\" width=\"700\" height=\"378\" src=\"http:\/\/www.pasadenahoy.com\/primero\/wp-content\/uploads\/2022\/02\/pic-3-2.jpg\" alt=\"\" class=\"wp-image-14306\" srcset=\"http:\/\/www.pasadenahoy.com\/primero\/wp-content\/uploads\/2022\/02\/pic-3-2.jpg 700w, http:\/\/www.pasadenahoy.com\/primero\/wp-content\/uploads\/2022\/02\/pic-3-2-300x162.jpg 300w, http:\/\/www.pasadenahoy.com\/primero\/wp-content\/uploads\/2022\/02\/pic-3-2-241x130.jpg 241w, http:\/\/www.pasadenahoy.com\/primero\/wp-content\/uploads\/2022\/02\/pic-3-2-333x180.jpg 333w, http:\/\/www.pasadenahoy.com\/primero\/wp-content\/uploads\/2022\/02\/pic-3-2-360x194.jpg 360w\" sizes=\"100vw\" \/><\/figure><\/figure>\n\n\n\n<p>La ciudad no llevar\u00e1 a cabo el Desfile de la Historia Negra esta primavera, pero podr\u00eda haber un festival del 16 de junio en el horizonte.<\/p>\n\n\n\n<p>El Comit\u00e9 de Historia Negra se reuni\u00f3 la semana pasada y acord\u00f3 no realizar un Desfile de Historia Negra este a\u00f1o, pero expres\u00f3 inter\u00e9s en un evento que conmemora el 16 de junio.<\/p>\n\n\n\n<p>\u201cEl pr\u00f3ximo desfile se programar\u00e1 para febrero de 2023\u201d, dijo la subdirectora interina de la ciudad, Brenda Harvey-Williams. \u201cAl Comit\u00e9 le gustar\u00eda participar en la planificaci\u00f3n de una celebraci\u00f3n del 16 de junio m\u00e1s grande\u201d.<\/p>\n\n\n\n<p>Seg\u00fan Harvey-Williams, todos los miembros del comit\u00e9 presentes acordaron servir en un comit\u00e9 para planificar y organizar ese evento.<\/p>\n\n\n\n<p>Juneteenth se celebra el 19 de junio y conmemora el fin de la esclavitud en los Estados Unidos.<\/p>\n\n\n\n<p>El a\u00f1o pasado, m\u00e1s de cien residentes del \u00e1rea se reunieron para celebrar el feriado federal con discursos, premios y m\u00fasica en Charles White Park en Altadena.<\/p>\n\n\n\n<p>La ciudad anunci\u00f3 la cancelaci\u00f3n del Desfile anual de la Historia Negra el mes pasado debido a la propagaci\u00f3n del virus Omicron.<\/p>\n\n\n\n<p>Poco despu\u00e9s, el concejal Steve Madison expres\u00f3 su inter\u00e9s en que el comit\u00e9 se volviera a reunir para discutir la celebraci\u00f3n del desfile en la primavera.<\/p>\n\n\n\n<p>La administradora de la ciudad, Cynthia Kurtz, dijo que apoyaba la idea siempre que el evento pudiera realizarse de manera segura.<\/p>\n\n\n\n<p>El 19 de junio de 1865, dos a\u00f1os y medio despu\u00e9s de que el presidente Abraham Lincoln firmara la Proclamaci\u00f3n de Emancipaci\u00f3n, los soldados de la Uni\u00f3n, encabezados por el general de divisi\u00f3n Gordon Granger, aterrizaron en Galveston, Texas, con la noticia de que la guerra hab\u00eda terminado y que los esclavos eran libres.<\/p>\n\n\n\n<p>El presidente Joe Biden firm\u00f3 un proyecto de ley el a\u00f1o pasado que convirti\u00f3 el 16 de junio en un feriado nacional despu\u00e9s de que la C\u00e1mara de Representantes y el Senado aprobaran el proyecto de ley en una rara muestra de bipartidismo.<\/p>\n\n\n\n<p>La fiesta conmemora el fin de la esclavitud en los Estados Unidos.<br>La poblaci\u00f3n total de esclavos en el sur finalmente alcanz\u00f3 los cuatro millones en 1860.<\/p>\n\n\n\n<p>A medida que el pa\u00eds se expand\u00eda, los estados del sur intentaron extender la esclavitud a los nuevos territorios occidentales para permitir que las fuerzas a favor de la esclavitud mantuvieran su poder en el pa\u00eds. La controversia sobre la expansi\u00f3n de la esclavitud a nuevos territorios fue uno de los temas que condujo a la Guerra Civil.<\/p>\n\n\n\n<p>El presidente Lincoln finalmente firm\u00f3 la Proclamaci\u00f3n de Emancipaci\u00f3n, que solo liber\u00f3 a los esclavos en los estados confederados que estaban en guerra contra la uni\u00f3n, dejando en cautiverio a los negros en los estados fronterizos que permanecieron leales a la Uni\u00f3n.<\/p>\n\n\n\n<p>Pasadena se incorpor\u00f3 el 19 de junio de 1886 y muchos abolicionistas llegaron al \u00e1rea de Pasadena\/Altadena, incluidos Ellen Garrison Clark y el hijo de John Brown, Owen, que est\u00e1 enterrado en Altadena.<\/p>\n","protected":false},"excerpt":{"rendered":"<p>La ciudad no llevar\u00e1 a cabo el Desfile de la Historia Negra esta primavera, pero podr\u00eda haber un festival del 16 de junio en el horizonte. El Comit\u00e9 de Historia Negra se reuni\u00f3 la semana pasada y acord\u00f3 no realizar un Desfile de Historia Negra este a\u00f1o, pero expres\u00f3 inter\u00e9s en un evento que conmemora el 16 de junio. \u201cEl pr\u00f3ximo desfile se programar\u00e1 para febrero de 2023\u201d, dijo la subdirectora interina de la ciudad, Brenda Harvey-Williams. \u201cAl Comit\u00e9 le [&hellip;]<\/p>\n","protected":false},"author":4,"featured_media":14306,"comment_status":"open","ping_status":"closed","sticky":false,"template":"","format":"standard","meta":[],"categories":[4],"tags":[],"acf":[],"_links":{"self":[{"href":"http:\/\/www.pasadenahoy.com\/primero\/wp-json\/wp\/v2\/posts\/14305"}],"collection":[{"href":"http:\/\/www.pasadenahoy.com\/primero\/wp-json\/wp\/v2\/posts"}],"about":[{"href":"http:\/\/www.pasadenahoy.com\/primero\/wp-json\/wp\/v2\/types\/post"}],"author":[{"embeddable":true,"href":"http:\/\/www.pasadenahoy.com\/primero\/wp-json\/wp\/v2\/users\/4"}],"replies":[{"embeddable":true,"href":"http:\/\/www.pasadenahoy.com\/primero\/wp-json\/wp\/v2\/comments?post=14305"}],"version-history":[{"count":2,"href":"http:\/\/www.pasadenahoy.com\/primero\/wp-json\/wp\/v2\/posts\/14305\/revisions"}],"predecessor-version":[{"id":14308,"href":"http:\/\/www.pasadenahoy.com\/primero\/wp-json\/wp\/v2\/posts\/14305\/revisions\/14308"}],"wp:featuredmedia":[{"embeddable":true,"href":"http:\/\/www.pasadenahoy.com\/primero\/wp-json\/wp\/v2\/media\/14306"}],"wp:attachment":[{"href":"http:\/\/www.pasadenahoy.com\/primero\/wp-json\/wp\/v2\/media?parent=14305"}],"wp:term":[{"taxonomy":"category","embeddable":true,"href":"http:\/\/www.pasadenahoy.com\/primero\/wp-json\/wp\/v2\/categories?post=14305"},{"taxonomy":"post_tag","embeddable":true,"href":"http:\/\/www.pasadenahoy.com\/primero\/wp-json\/wp\/v2\/tags?post=14305"}],"curies":[{"name":"wp","href":"https:\/\/api.w.org\/{rel}","templated":true}]}}