{"id":14309,"date":"2022-02-07T15:15:49","date_gmt":"2022-02-07T15:15:49","guid":{"rendered":"http:\/\/www.pasadenahoy.com\/primero\/?p=14309"},"modified":"2022-02-07T15:15:51","modified_gmt":"2022-02-07T15:15:51","slug":"el-concejo-municipal-considera-arrendar-espacios-de-estacionamiento-a-un-concesionario-de-automoviles-local","status":"publish","type":"post","link":"http:\/\/www.pasadenahoy.com\/primero\/el-gobierno-local\/el-concejo-municipal-considera-arrendar-espacios-de-estacionamiento-a-un-concesionario-de-automoviles-local\/","title":{"rendered":"El Concejo Municipal Considera Arrendar Espacios de Estacionamiento a un Concesionario de Autom\u00f3viles Local"},"content":{"rendered":"\n<figure class=\"wp-block-image alignnone size-large\"><figure class=\"alignnone\"><img loading=\"lazy\" width=\"700\" height=\"378\" src=\"http:\/\/www.pasadenahoy.com\/primero\/wp-content\/uploads\/2022\/02\/pic-4-2.jpg\" alt=\"\" class=\"wp-image-14310\" srcset=\"http:\/\/www.pasadenahoy.com\/primero\/wp-content\/uploads\/2022\/02\/pic-4-2.jpg 700w, http:\/\/www.pasadenahoy.com\/primero\/wp-content\/uploads\/2022\/02\/pic-4-2-300x162.jpg 300w, http:\/\/www.pasadenahoy.com\/primero\/wp-content\/uploads\/2022\/02\/pic-4-2-241x130.jpg 241w, http:\/\/www.pasadenahoy.com\/primero\/wp-content\/uploads\/2022\/02\/pic-4-2-333x180.jpg 333w, http:\/\/www.pasadenahoy.com\/primero\/wp-content\/uploads\/2022\/02\/pic-4-2-360x194.jpg 360w\" sizes=\"100vw\" \/><\/figure><\/figure>\n\n\n\n<p>Como parte del calendario de consentimiento del lunes, el Concejo Municipal considerar\u00e1 una enmienda que permita a Rusnak\/Pasadena arrendar 171 espacios de estacionamiento de la Ciudad en el garaje de la estaci\u00f3n Del Mar para almacenar el exceso de inventario de veh\u00edculos minoristas.<\/p>\n\n\n\n<p>La ciudad recibir\u00eda un pago de $122,094 por el t\u00e9rmino inicial de un a\u00f1o.<\/p>\n\n\n\n<p>El estacionamiento de la estaci\u00f3n Del Mar opera consistentemente por debajo de su capacidad m\u00e1xima y los ingresos esperados por el arrendamiento de estos espacios ayudan a equilibrar el costo de operaci\u00f3n del estacionamiento. El ingreso esperado de $122,094.00 se calcula sobre 171 espacios arrendados a $70 por espacio con un 15% de descuento.<\/p>\n\n\n\n<p>Desde 1998, la Ciudad ha proporcionado los medios para que Rusnak\/Pasadena Automotive Group almacene el exceso de inventario de veh\u00edculos minoristas en una ubicaci\u00f3n externa.<\/p>\n\n\n\n<p>La propiedad de Rusnak no tiene suficiente espacio de almacenamiento para estos veh\u00edculos, seg\u00fan el informe.<\/p>\n\n\n\n<p>En 1998, la ciudad arrend\u00f3 espacios de estacionamiento de Parson&#8217;s Corporation Parking Structure para subarrendarlos a Rusnak\/Pasadena. En 2013, este acuerdo finaliz\u00f3 cuando Parson&#8217;s remodel\u00f3 su campus, lo que result\u00f3 en la p\u00e9rdida de espacios de estacionamiento.<\/p>\n\n\n\n<p>Para compensar la p\u00e9rdida de espacios en Parson&#8217;s, en 2013 la ciudad celebr\u00f3 un acuerdo con Rusnak\/Pasadena para arrendar 171 espacios de estacionamiento en Del Mar Station Garage. La ciudad design\u00f3 dos secciones aisladas del garaje para el almacenamiento de veh\u00edculos. Las secciones est\u00e1n cerradas, aseguradas y ubicadas de manera que el flujo regular de veh\u00edculos no se vea afectado.<\/p>\n\n\n\n<p>Aprobaci\u00f3n de la plataforma legislativa federal y la plataforma legislativa estatal para el a\u00f1o calendario 2022. En la reuni\u00f3n del 25 de enero del Comit\u00e9 de Pol\u00edtica Legislativa, el Comit\u00e9 aprob\u00f3 las recomendaciones del personal y vot\u00f3 a favor de apoyar la legislaci\u00f3n federal y estatal que beneficia a los programas de educaci\u00f3n en la primera infancia. Cada a\u00f1o, se le pide al Concejo Municipal a trav\u00e9s del Comit\u00e9 de Pol\u00edtica Legislativa que adopte plataformas legislativas para los gobiernos estatal y federal. Las plataformas transmiten a los legisladores, a los encargados de formular pol\u00edticas y al p\u00fablico cu\u00e1l es la posici\u00f3n de la ciudad sobre temas importantes de pol\u00edticas y debates legislativos. El personal prepara las revisiones de la plataforma en coordinaci\u00f3n con los departamentos de la Ciudad y sus cabilderos estatales y federales.<\/p>\n\n\n\n<p>Una resoluci\u00f3n que permite el servicio electr\u00f3nico de reclamos y notificaciones de agravios del gobierno. Las demandas por da\u00f1os del gobierno contra entidades p\u00fablicas deben presentarse de acuerdo con los procedimientos espec\u00edficos establecidos en el C\u00f3digo de Gobierno. A partir del 1 de enero de 2021, la SB 1473 enmend\u00f3 la Secci\u00f3n del C\u00f3digo de Gobierno de California para permitir que las agencias p\u00fablicas acepten el servicio electr\u00f3nico de reclamos del gobierno y env\u00eden notificaciones electr\u00f3nicas en respuesta a esos reclamos al reclamante, si la entidad p\u00fablica autoriza expresamente dicho servicio mediante resoluci\u00f3n u ordenanza. .<\/p>\n\n\n\n<p>Adoptar una resoluci\u00f3n del Concejo Municipal de la Ciudad de Pasadena que autorice reuniones remotas por teleconferencia del Concejo Municipal, todos los organismos subordinados de la Ciudad y todas las Juntas de corporaciones sin fines de lucro de la Ciudad y sus organismos subordinados, para el per\u00edodo del 7 de febrero al 9 de marzo. Desde marzo de 2020 y debido a la pandemia de COVID-19, el Concejo Municipal de la Ciudad de Pasadena, todos sus \u00f3rganos subordinados y todas sus juntas de corporaciones sin fines de lucro y sus subcomit\u00e9s, se han estado reuniendo de manera remota de conformidad con una orden ejecutiva que suspendi\u00f3 ciertos requisitos de teleconferencia de la Ley Brown. En reconocimiento de que la pandemia contin\u00faa, el 16 de septiembre, el Gobernador firm\u00f3 AB 361, que modifica la Ley Brown. El 4 de octubre, de conformidad con la Secci\u00f3n 54953 del C\u00f3digo de Gobierno, el Concejo Municipal adopt\u00f3 una \u201cResoluci\u00f3n del Concejo Municipal de la Ciudad de Pasadena que autoriza reuniones remotas por teleconferencia del Concejo Municipal, todos los organismos subordinados de la Ciudad y todas las juntas y juntas de corporaciones sin fines de lucro de la Ciudad. sus \u00f3rganos subordinados, para el per\u00edodo del 4 de octubre al 3 de noviembre. Si el Concejo Municipal desea continuar reuni\u00e9ndose a distancia, debe encontrar que ha reconsiderado las circunstancias del estado de emergencia, y ya sea: (i) el estado de emergencia contin\u00faa afectar directamente la capacidad de los miembros para reunirse de manera segura en persona, o (ii) los funcionarios estatales o locales contin\u00faan imponiendo o recomendando medidas para promover el distanciamiento social.<\/p>\n","protected":false},"excerpt":{"rendered":"<p>Como parte del calendario de consentimiento del lunes, el Concejo Municipal considerar\u00e1 una enmienda que permita a Rusnak\/Pasadena arrendar 171 espacios de estacionamiento de la Ciudad en el garaje de la estaci\u00f3n Del Mar para almacenar el exceso de inventario de veh\u00edculos minoristas. La ciudad recibir\u00eda un pago de $122,094 por el t\u00e9rmino inicial de un a\u00f1o. El estacionamiento de la estaci\u00f3n Del Mar opera consistentemente por debajo de su capacidad m\u00e1xima y los ingresos esperados por el arrendamiento de [&hellip;]<\/p>\n","protected":false},"author":4,"featured_media":0,"comment_status":"open","ping_status":"closed","sticky":false,"template":"","format":"standard","meta":[],"categories":[6],"tags":[],"acf":[],"_links":{"self":[{"href":"http:\/\/www.pasadenahoy.com\/primero\/wp-json\/wp\/v2\/posts\/14309"}],"collection":[{"href":"http:\/\/www.pasadenahoy.com\/primero\/wp-json\/wp\/v2\/posts"}],"about":[{"href":"http:\/\/www.pasadenahoy.com\/primero\/wp-json\/wp\/v2\/types\/post"}],"author":[{"embeddable":true,"href":"http:\/\/www.pasadenahoy.com\/primero\/wp-json\/wp\/v2\/users\/4"}],"replies":[{"embeddable":true,"href":"http:\/\/www.pasadenahoy.com\/primero\/wp-json\/wp\/v2\/comments?post=14309"}],"version-history":[{"count":2,"href":"http:\/\/www.pasadenahoy.com\/primero\/wp-json\/wp\/v2\/posts\/14309\/revisions"}],"predecessor-version":[{"id":14312,"href":"http:\/\/www.pasadenahoy.com\/primero\/wp-json\/wp\/v2\/posts\/14309\/revisions\/14312"}],"wp:attachment":[{"href":"http:\/\/www.pasadenahoy.com\/primero\/wp-json\/wp\/v2\/media?parent=14309"}],"wp:term":[{"taxonomy":"category","embeddable":true,"href":"http:\/\/www.pasadenahoy.com\/primero\/wp-json\/wp\/v2\/categories?post=14309"},{"taxonomy":"post_tag","embeddable":true,"href":"http:\/\/www.pasadenahoy.com\/primero\/wp-json\/wp\/v2\/tags?post=14309"}],"curies":[{"name":"wp","href":"https:\/\/api.w.org\/{rel}","templated":true}]}}