{"id":14313,"date":"2022-02-07T15:23:42","date_gmt":"2022-02-07T15:23:42","guid":{"rendered":"http:\/\/www.pasadenahoy.com\/primero\/?p=14313"},"modified":"2022-02-07T15:23:43","modified_gmt":"2022-02-07T15:23:43","slug":"bullpen-del-lunes-por-la-manana-se-avecina-la-temporada-electoral","status":"publish","type":"post","link":"http:\/\/www.pasadenahoy.com\/primero\/la-comunidad\/bullpen-del-lunes-por-la-manana-se-avecina-la-temporada-electoral\/","title":{"rendered":"Bullpen del lunes por la ma\u00f1ana: Se avecina la temporada electoral"},"content":{"rendered":"\n<figure class=\"wp-block-image alignnone size-large\"><figure class=\"alignnone\"><img loading=\"lazy\" width=\"700\" height=\"378\" src=\"http:\/\/www.pasadenahoy.com\/primero\/wp-content\/uploads\/2022\/02\/pic-5-3.jpg\" alt=\"\" class=\"wp-image-14314\" srcset=\"http:\/\/www.pasadenahoy.com\/primero\/wp-content\/uploads\/2022\/02\/pic-5-3.jpg 700w, http:\/\/www.pasadenahoy.com\/primero\/wp-content\/uploads\/2022\/02\/pic-5-3-300x162.jpg 300w, http:\/\/www.pasadenahoy.com\/primero\/wp-content\/uploads\/2022\/02\/pic-5-3-241x130.jpg 241w, http:\/\/www.pasadenahoy.com\/primero\/wp-content\/uploads\/2022\/02\/pic-5-3-333x180.jpg 333w, http:\/\/www.pasadenahoy.com\/primero\/wp-content\/uploads\/2022\/02\/pic-5-3-360x194.jpg 360w\" sizes=\"100vw\" \/><\/figure><\/figure>\n\n\n\n<p>No hay mucho que hacer esta semana. A decir verdad, es un cambio bienvenido con respecto a la reuni\u00f3n especial de la semana pasada.<\/p>\n\n\n\n<p>Cubrimos lo que est\u00e1 pasando, luego toquemos el tema principal que se presentar\u00e1 en una semana m\u00e1s o menos.<\/p>\n\n\n\n<p>El Concejo Municipal revisar\u00e1 la denegaci\u00f3n de un Permiso de Uso Condicional en un proyecto en el Hospital Huntington.<\/p>\n\n\n\n<p>La Comisi\u00f3n de Planificaci\u00f3n vot\u00f3 5-2 el pasado 17 de noviembre para denegar la solicitud del hospital de un permiso que allanar\u00eda el camino para la construcci\u00f3n de un edificio de consultorios m\u00e9dicos, con tres niveles de estacionamiento subterr\u00e1neo, en 758 y 766 S. Fair Oaks Ave.<\/p>\n\n\n\n<p>La comisi\u00f3n vot\u00f3 en contra del proyecto debido a su dise\u00f1o, as\u00ed como a las preocupaciones expresadas por el p\u00fablico sobre el posible aumento del tr\u00e1fico en los vecindarios residenciales cercanos y el aumento del ruido y la contaminaci\u00f3n del aire si el proyecto sigue adelante seg\u00fan lo propuesto.<\/p>\n\n\n\n<p>Pero despu\u00e9s de reunirse con los grupos interesados, parece que Huntington ha realizado los cambios necesarios que ahora cuentan con el apoyo de Pasadena Heritage y Livable Pasadena.<\/p>\n\n\n\n<p>El segundo elemento comienza la pr\u00f3xima semana cuando comience oficialmente la temporada de elecciones.<\/p>\n\n\n\n<p>El 14 de febrero se abre el per\u00edodo de nominaci\u00f3n para los distritos 3, 5 y 7 del Consejo.<\/p>\n\n\n\n<p>Los titulares John Kennedy y Jessica Rivas planean postularse en los distritos 3 y 5 respectivamente.<\/p>\n\n\n\n<p>El vicealcalde Andy Wilson ya ha anunciado que no buscar\u00e1 la reelecci\u00f3n.<\/p>\n\n\n\n<p>Jason Lyon y Ciran Hadjian han anunciado planes para presentarse en ese distrito. Los residentes locales se convierten oficialmente en candidatos cuando califican para la elecci\u00f3n y pagan la tarifa necesaria.<\/p>\n\n\n\n<p>El secretario municipal, Mark Jomsky, llevar\u00e1 a cabo talleres para candidatos a las 8 a. m. el lunes 14 de febrero y a las 5:30 p. m. el mi\u00e9rcoles 16 de febrero en Pasadena City Hall, 100 North Garfield Avenue, Room S228.<\/p>\n\n\n\n<p>Los documentos de nominaci\u00f3n ser\u00e1n iss<\/p>\n","protected":false},"excerpt":{"rendered":"<p>No hay mucho que hacer esta semana. A decir verdad, es un cambio bienvenido con respecto a la reuni\u00f3n especial de la semana pasada. Cubrimos lo que est\u00e1 pasando, luego toquemos el tema principal que se presentar\u00e1 en una semana m\u00e1s o menos. El Concejo Municipal revisar\u00e1 la denegaci\u00f3n de un Permiso de Uso Condicional en un proyecto en el Hospital Huntington. La Comisi\u00f3n de Planificaci\u00f3n vot\u00f3 5-2 el pasado 17 de noviembre para denegar la solicitud del hospital de [&hellip;]<\/p>\n","protected":false},"author":4,"featured_media":0,"comment_status":"open","ping_status":"closed","sticky":false,"template":"","format":"standard","meta":[],"categories":[4],"tags":[],"acf":[],"_links":{"self":[{"href":"http:\/\/www.pasadenahoy.com\/primero\/wp-json\/wp\/v2\/posts\/14313"}],"collection":[{"href":"http:\/\/www.pasadenahoy.com\/primero\/wp-json\/wp\/v2\/posts"}],"about":[{"href":"http:\/\/www.pasadenahoy.com\/primero\/wp-json\/wp\/v2\/types\/post"}],"author":[{"embeddable":true,"href":"http:\/\/www.pasadenahoy.com\/primero\/wp-json\/wp\/v2\/users\/4"}],"replies":[{"embeddable":true,"href":"http:\/\/www.pasadenahoy.com\/primero\/wp-json\/wp\/v2\/comments?post=14313"}],"version-history":[{"count":2,"href":"http:\/\/www.pasadenahoy.com\/primero\/wp-json\/wp\/v2\/posts\/14313\/revisions"}],"predecessor-version":[{"id":14316,"href":"http:\/\/www.pasadenahoy.com\/primero\/wp-json\/wp\/v2\/posts\/14313\/revisions\/14316"}],"wp:attachment":[{"href":"http:\/\/www.pasadenahoy.com\/primero\/wp-json\/wp\/v2\/media?parent=14313"}],"wp:term":[{"taxonomy":"category","embeddable":true,"href":"http:\/\/www.pasadenahoy.com\/primero\/wp-json\/wp\/v2\/categories?post=14313"},{"taxonomy":"post_tag","embeddable":true,"href":"http:\/\/www.pasadenahoy.com\/primero\/wp-json\/wp\/v2\/tags?post=14313"}],"curies":[{"name":"wp","href":"https:\/\/api.w.org\/{rel}","templated":true}]}}