{"id":14317,"date":"2022-02-07T15:26:52","date_gmt":"2022-02-07T15:26:52","guid":{"rendered":"http:\/\/www.pasadenahoy.com\/primero\/?p=14317"},"modified":"2022-02-07T15:26:53","modified_gmt":"2022-02-07T15:26:53","slug":"una-persona-murio-el-lunes-por-la-manana-en-la-autopista-210-en-pasadena","status":"publish","type":"post","link":"http:\/\/www.pasadenahoy.com\/primero\/la-comunidad\/una-persona-murio-el-lunes-por-la-manana-en-la-autopista-210-en-pasadena\/","title":{"rendered":"Una persona muri\u00f3 el lunes por la ma\u00f1ana en la autopista 210 en Pasadena"},"content":{"rendered":"\n<figure class=\"wp-block-image alignnone size-large\"><figure class=\"alignnone\"><img loading=\"lazy\" width=\"700\" height=\"378\" src=\"http:\/\/www.pasadenahoy.com\/primero\/wp-content\/uploads\/2022\/02\/pic-6-2.png\" alt=\"\" class=\"wp-image-14318\" srcset=\"http:\/\/www.pasadenahoy.com\/primero\/wp-content\/uploads\/2022\/02\/pic-6-2.png 700w, http:\/\/www.pasadenahoy.com\/primero\/wp-content\/uploads\/2022\/02\/pic-6-2-300x162.png 300w, http:\/\/www.pasadenahoy.com\/primero\/wp-content\/uploads\/2022\/02\/pic-6-2-241x130.png 241w, http:\/\/www.pasadenahoy.com\/primero\/wp-content\/uploads\/2022\/02\/pic-6-2-333x180.png 333w, http:\/\/www.pasadenahoy.com\/primero\/wp-content\/uploads\/2022\/02\/pic-6-2-360x194.png 360w\" sizes=\"100vw\" \/><\/figure><\/figure>\n\n\n\n<p>Una persona muri\u00f3 el lunes por la ma\u00f1ana en la autopista Foothill (210) en Pasadena.<\/p>\n\n\n\n<p>El incidente se inform\u00f3 alrededor de las 2:35 a. m. en la autopista Foothill Freeway en direcci\u00f3n oeste en la rampa de salida de Lake Avenue, seg\u00fan la Patrulla de Caminos de California.<\/p>\n\n\n\n<p>Los detalles adicionales no estaban disponibles.<\/p>\n\n\n\n<p>Se emiti\u00f3 un SigAlert a las 3:02 a. m. cerrando los carriles 4 y 5 en direcci\u00f3n oeste en Lake Avenue.<\/p>\n\n\n\n<p>La congesti\u00f3n del tr\u00e1fico a las 5 a.m. era intermitente, pero aumentaba, seg\u00fan SigAlert.<\/p>\n","protected":false},"excerpt":{"rendered":"<p>Una persona muri\u00f3 el lunes por la ma\u00f1ana en la autopista Foothill (210) en Pasadena. El incidente se inform\u00f3 alrededor de las 2:35 a. m. en la autopista Foothill Freeway en direcci\u00f3n oeste en la rampa de salida de Lake Avenue, seg\u00fan la Patrulla de Caminos de California. Los detalles adicionales no estaban disponibles. Se emiti\u00f3 un SigAlert a las 3:02 a. m. cerrando los carriles 4 y 5 en direcci\u00f3n oeste en Lake Avenue. La congesti\u00f3n del tr\u00e1fico a [&hellip;]<\/p>\n","protected":false},"author":4,"featured_media":0,"comment_status":"open","ping_status":"closed","sticky":false,"template":"","format":"standard","meta":[],"categories":[4],"tags":[],"acf":[],"_links":{"self":[{"href":"http:\/\/www.pasadenahoy.com\/primero\/wp-json\/wp\/v2\/posts\/14317"}],"collection":[{"href":"http:\/\/www.pasadenahoy.com\/primero\/wp-json\/wp\/v2\/posts"}],"about":[{"href":"http:\/\/www.pasadenahoy.com\/primero\/wp-json\/wp\/v2\/types\/post"}],"author":[{"embeddable":true,"href":"http:\/\/www.pasadenahoy.com\/primero\/wp-json\/wp\/v2\/users\/4"}],"replies":[{"embeddable":true,"href":"http:\/\/www.pasadenahoy.com\/primero\/wp-json\/wp\/v2\/comments?post=14317"}],"version-history":[{"count":2,"href":"http:\/\/www.pasadenahoy.com\/primero\/wp-json\/wp\/v2\/posts\/14317\/revisions"}],"predecessor-version":[{"id":14320,"href":"http:\/\/www.pasadenahoy.com\/primero\/wp-json\/wp\/v2\/posts\/14317\/revisions\/14320"}],"wp:attachment":[{"href":"http:\/\/www.pasadenahoy.com\/primero\/wp-json\/wp\/v2\/media?parent=14317"}],"wp:term":[{"taxonomy":"category","embeddable":true,"href":"http:\/\/www.pasadenahoy.com\/primero\/wp-json\/wp\/v2\/categories?post=14317"},{"taxonomy":"post_tag","embeddable":true,"href":"http:\/\/www.pasadenahoy.com\/primero\/wp-json\/wp\/v2\/tags?post=14317"}],"curies":[{"name":"wp","href":"https:\/\/api.w.org\/{rel}","templated":true}]}}