{"id":14325,"date":"2022-02-07T15:38:10","date_gmt":"2022-02-07T15:38:10","guid":{"rendered":"http:\/\/www.pasadenahoy.com\/primero\/?p=14325"},"modified":"2022-02-07T15:38:11","modified_gmt":"2022-02-07T15:38:11","slug":"actualizacion-del-analisis-de-movilidad-local-teniendo-implicaciones-para-proyectos-de-desarrollo-programado-para-discusion-del-comite-de-servicios-municipales-el-martes","status":"publish","type":"post","link":"http:\/\/www.pasadenahoy.com\/primero\/el-gobierno-local\/actualizacion-del-analisis-de-movilidad-local-teniendo-implicaciones-para-proyectos-de-desarrollo-programado-para-discusion-del-comite-de-servicios-municipales-el-martes\/","title":{"rendered":"Actualizaci\u00f3n del An\u00e1lisis de Movilidad Local, Teniendo Implicaciones para Proyectos de Desarrollo, Programado para Discusi\u00f3n del Comit\u00e9 de Servicios Municipales el Martes"},"content":{"rendered":"\n<figure class=\"wp-block-image alignnone size-large\"><figure class=\"alignnone\"><img loading=\"lazy\" width=\"700\" height=\"378\" src=\"http:\/\/www.pasadenahoy.com\/primero\/wp-content\/uploads\/2022\/02\/pic-8.png\" alt=\"\" class=\"wp-image-14326\" srcset=\"http:\/\/www.pasadenahoy.com\/primero\/wp-content\/uploads\/2022\/02\/pic-8.png 700w, http:\/\/www.pasadenahoy.com\/primero\/wp-content\/uploads\/2022\/02\/pic-8-300x162.png 300w, http:\/\/www.pasadenahoy.com\/primero\/wp-content\/uploads\/2022\/02\/pic-8-241x130.png 241w, http:\/\/www.pasadenahoy.com\/primero\/wp-content\/uploads\/2022\/02\/pic-8-333x180.png 333w, http:\/\/www.pasadenahoy.com\/primero\/wp-content\/uploads\/2022\/02\/pic-8-360x194.png 360w\" sizes=\"100vw\" \/><\/figure><\/figure>\n\n\n\n<p>El Departamento de Transporte de Pasadena est\u00e1 proporcionando una actualizaci\u00f3n del An\u00e1lisis de Movilidad Local al Comit\u00e9 de Servicios Municipales del Concejo Municipal durante su reuni\u00f3n del martes 8 de febrero a partir de las 4 p.m.<\/p>\n\n\n\n<p>Las reuniones del Concejo Municipal y sus diversos comit\u00e9s contin\u00faan celebr\u00e1ndose por videoconferencia y est\u00e1n abiertas al p\u00fablico.<\/p>\n\n\n\n<p>Un informe de la agenda para la reuni\u00f3n del Concejo Municipal de la pr\u00f3xima semana dijo que la secci\u00f3n de An\u00e1lisis de Movilidad Local (LMA) de la pr\u00e1ctica y las pautas actuales del Departamento de Transporte no se han actualizado desde 2015.<\/p>\n\n\n\n<p>Las pautas dicen c\u00f3mo se evaluar\u00e1n los proyectos de desarrollo en Pasadena en lo que respecta al impacto en el transporte.<\/p>\n\n\n\n<p>El informe dice que la Ciudad ha contratado a Linscott, Law and Greenspan, Engineers (LLG) para ayudar en la investigaci\u00f3n de mejores pr\u00e1cticas y nuevas metodolog\u00edas de an\u00e1lisis que 18 agencias municipales en el estado han estado utilizando en la revisi\u00f3n de los impactos del transporte.<\/p>\n\n\n\n<p>LLG tambi\u00e9n facilita la participaci\u00f3n p\u00fablica y las sesiones de retroalimentaci\u00f3n y revisa los comentarios p\u00fablicos para desarrollos propuestos previamente analizados.<\/p>\n\n\n\n<p>Seg\u00fan las regulaciones de la Ciudad, se requiere un An\u00e1lisis de Movilidad Local para todos los proyectos de desarrollo que superen las 10 unidades, cuando un proyecto no residencial tenga 10,000 pies cuadrados o m\u00e1s, o cuando se espere que el proyecto genere 300 viajes diarios o m\u00e1s.<\/p>\n\n\n\n<p>El informe del Departamento de Transporte dijo que el personal se hab\u00eda reunido con representantes de Pasadena Complete Streets Coalition y de Keep Pasadena Moving, parte de la coalici\u00f3n Keep LA Moving que aboga por un enfoque equilibrado y racional del transporte en Los \u00c1ngeles, en diciembre pasado para comprender mejor la pol\u00edtica de estas organizaciones. inquietudes sobre los umbrales de CEQA de la Ciudad y el proceso LMA.<\/p>\n\n\n\n<p>El Departamento tambi\u00e9n present\u00f3 un elemento de informaci\u00f3n en julio de 2021 durante una reuni\u00f3n de la Comisi\u00f3n Asesora de Transporte para recopilar aportes iniciales y recibir comentarios del p\u00fablico a medida que se actualizaba la LMA.<\/p>\n\n\n\n<p>Tambi\u00e9n se llevaron a cabo dos reuniones de divulgaci\u00f3n p\u00fablica en el oto\u00f1o de 2021 para recibir comentarios del p\u00fablico, menciona el informe.<\/p>\n\n\n\n<p>Las observaciones y dem\u00e1s comentarios de estas reuniones se informar\u00e1n el martes en la reuni\u00f3n del Comit\u00e9 de Servicios Municipales.<\/p>\n\n\n\n<p>Para acceder a la reuni\u00f3n, vaya a<a href=\" http:\/\/pasadena.granicus.com\/MediaPlayer.php?publish_id=9 \"> http:\/\/pasadena.granicus.com\/MediaPlayer.php?publish_id=9 <\/a>o <a href=\"http:\/\/www.pasadenamedia.org\/\">www.pasadenamedia.org.<\/a><\/p>\n\n\n\n<p>Los comentarios p\u00fablicos pueden enviarse antes del inicio de la reuni\u00f3n a trav\u00e9s de <a href=\"http:\/\/www.cityofpasadena.net\/commissions\/public-comment\">www.cityofpasadena.net\/commissions\/public-comment.<\/a><\/p>\n","protected":false},"excerpt":{"rendered":"<p>El Departamento de Transporte de Pasadena est\u00e1 proporcionando una actualizaci\u00f3n del An\u00e1lisis de Movilidad Local al Comit\u00e9 de Servicios Municipales del Concejo Municipal durante su reuni\u00f3n del martes 8 de febrero a partir de las 4 p.m. Las reuniones del Concejo Municipal y sus diversos comit\u00e9s contin\u00faan celebr\u00e1ndose por videoconferencia y est\u00e1n abiertas al p\u00fablico. Un informe de la agenda para la reuni\u00f3n del Concejo Municipal de la pr\u00f3xima semana dijo que la secci\u00f3n de An\u00e1lisis de Movilidad Local (LMA) [&hellip;]<\/p>\n","protected":false},"author":4,"featured_media":0,"comment_status":"open","ping_status":"closed","sticky":false,"template":"","format":"standard","meta":[],"categories":[6],"tags":[],"acf":[],"_links":{"self":[{"href":"http:\/\/www.pasadenahoy.com\/primero\/wp-json\/wp\/v2\/posts\/14325"}],"collection":[{"href":"http:\/\/www.pasadenahoy.com\/primero\/wp-json\/wp\/v2\/posts"}],"about":[{"href":"http:\/\/www.pasadenahoy.com\/primero\/wp-json\/wp\/v2\/types\/post"}],"author":[{"embeddable":true,"href":"http:\/\/www.pasadenahoy.com\/primero\/wp-json\/wp\/v2\/users\/4"}],"replies":[{"embeddable":true,"href":"http:\/\/www.pasadenahoy.com\/primero\/wp-json\/wp\/v2\/comments?post=14325"}],"version-history":[{"count":2,"href":"http:\/\/www.pasadenahoy.com\/primero\/wp-json\/wp\/v2\/posts\/14325\/revisions"}],"predecessor-version":[{"id":14328,"href":"http:\/\/www.pasadenahoy.com\/primero\/wp-json\/wp\/v2\/posts\/14325\/revisions\/14328"}],"wp:attachment":[{"href":"http:\/\/www.pasadenahoy.com\/primero\/wp-json\/wp\/v2\/media?parent=14325"}],"wp:term":[{"taxonomy":"category","embeddable":true,"href":"http:\/\/www.pasadenahoy.com\/primero\/wp-json\/wp\/v2\/categories?post=14325"},{"taxonomy":"post_tag","embeddable":true,"href":"http:\/\/www.pasadenahoy.com\/primero\/wp-json\/wp\/v2\/tags?post=14325"}],"curies":[{"name":"wp","href":"https:\/\/api.w.org\/{rel}","templated":true}]}}