{"id":14329,"date":"2022-02-07T15:41:29","date_gmt":"2022-02-07T15:41:29","guid":{"rendered":"http:\/\/www.pasadenahoy.com\/primero\/?p=14329"},"modified":"2022-02-07T15:41:30","modified_gmt":"2022-02-07T15:41:30","slug":"dos-casos-de-asesinato-en-pasadena-en-la-corte-esta-semana","status":"publish","type":"post","link":"http:\/\/www.pasadenahoy.com\/primero\/la-comunidad\/dos-casos-de-asesinato-en-pasadena-en-la-corte-esta-semana\/","title":{"rendered":"Dos casos de asesinato en Pasadena en la corte esta semana"},"content":{"rendered":"\n<figure class=\"wp-block-image alignnone size-large\"><figure class=\"alignnone\"><img loading=\"lazy\" width=\"700\" height=\"378\" src=\"http:\/\/www.pasadenahoy.com\/primero\/wp-content\/uploads\/2022\/02\/pic-9.jpg\" alt=\"\" class=\"wp-image-14330\" srcset=\"http:\/\/www.pasadenahoy.com\/primero\/wp-content\/uploads\/2022\/02\/pic-9.jpg 700w, http:\/\/www.pasadenahoy.com\/primero\/wp-content\/uploads\/2022\/02\/pic-9-300x162.jpg 300w, http:\/\/www.pasadenahoy.com\/primero\/wp-content\/uploads\/2022\/02\/pic-9-241x130.jpg 241w, http:\/\/www.pasadenahoy.com\/primero\/wp-content\/uploads\/2022\/02\/pic-9-333x180.jpg 333w, http:\/\/www.pasadenahoy.com\/primero\/wp-content\/uploads\/2022\/02\/pic-9-360x194.jpg 360w\" sizes=\"100vw\" \/><\/figure><\/figure>\n\n\n\n<p>Esta semana, dos casos judiciales de alto perfil de Pasadena avanzar\u00e1n en el Palacio de Justicia de Pasadena del Tribunal Superior de Los \u00c1ngeles. Aqu\u00ed hay un perfil de cada uno de estos casos.<\/p>\n\n\n\n<p>Martes 8 de febrero, 8:30 a. m. Fijaci\u00f3n de fecha de audiencia preliminar para Cecilio Hernandez<\/p>\n\n\n\n<p>Cecilio Hern\u00e1ndez, de 24 a\u00f1os, de Pasadena, est\u00e1 acusado junto con un ni\u00f1o de 16 a\u00f1os de un tiroteo en Pasadena que dej\u00f3 un hombre muerto y otro gravemente herido.<\/p>\n\n\n\n<p>El incidente ocurri\u00f3 el 25 de octubre del a\u00f1o pasado en la cuadra 1000 de Summit Ave. La v\u00edctima, identificada como Jamal Patterson, de 24 a\u00f1os, muri\u00f3 en un hospital tres d\u00edas despu\u00e9s del crimen por una herida de bala en la cabeza.<\/p>\n\n\n\n<p>Hern\u00e1ndez enfrenta un cargo de asesinato junto con un cargo de intento de asesinato y posesi\u00f3n de un arma de fuego por parte de un delincuente. Est\u00e1 bajo custodia, con una fianza fijada en $5.1 millones.<\/p>\n\n\n\n<p>La audiencia ser\u00e1 en el Departamento H del Palacio de Justicia de Pasadena.<\/p>\n\n\n\n<p>Martes, 8 de febrero, 8:30 a. m. Audiencia previa al juicio de Telly R. Johnson<\/p>\n\n\n\n<p>Telly R. Johnson, de 44 a\u00f1os, de Los \u00c1ngeles, est\u00e1 acusado de asesinato por apu\u00f1alar a un hombre en Pasadena el 1 de marzo de 2019.<\/p>\n\n\n\n<p>La v\u00edctima fue identificada como Byron Nettles, de Pasadena, de 52 a\u00f1os.<\/p>\n\n\n\n<p>El apu\u00f1alamiento tuvo lugar alrededor de las 9 a.m. en la cuadra 100 de South Euclid Avenue, donde viv\u00eda la v\u00edctima. Nettles fue encontrado m\u00e1s tarde con heridas de arma blanca y fue llevado a un hospital donde fue declarado muerto.<\/p>\n\n\n\n<p>Esa noche, Johnson fue visto en la cuadra 1900 de Cordova Street en Los \u00c1ngeles, donde fue arrestado. La fianza se fij\u00f3 en $ 2 millones.<\/p>\n\n\n\n<p>La audiencia ser\u00e1 en el Departamento F del Palacio de Justicia de Pasadena.<\/p>\n","protected":false},"excerpt":{"rendered":"<p>Esta semana, dos casos judiciales de alto perfil de Pasadena avanzar\u00e1n en el Palacio de Justicia de Pasadena del Tribunal Superior de Los \u00c1ngeles. Aqu\u00ed hay un perfil de cada uno de estos casos. Martes 8 de febrero, 8:30 a. m. Fijaci\u00f3n de fecha de audiencia preliminar para Cecilio Hernandez Cecilio Hern\u00e1ndez, de 24 a\u00f1os, de Pasadena, est\u00e1 acusado junto con un ni\u00f1o de 16 a\u00f1os de un tiroteo en Pasadena que dej\u00f3 un hombre muerto y otro gravemente herido. [&hellip;]<\/p>\n","protected":false},"author":4,"featured_media":0,"comment_status":"open","ping_status":"closed","sticky":false,"template":"","format":"standard","meta":[],"categories":[4],"tags":[],"acf":[],"_links":{"self":[{"href":"http:\/\/www.pasadenahoy.com\/primero\/wp-json\/wp\/v2\/posts\/14329"}],"collection":[{"href":"http:\/\/www.pasadenahoy.com\/primero\/wp-json\/wp\/v2\/posts"}],"about":[{"href":"http:\/\/www.pasadenahoy.com\/primero\/wp-json\/wp\/v2\/types\/post"}],"author":[{"embeddable":true,"href":"http:\/\/www.pasadenahoy.com\/primero\/wp-json\/wp\/v2\/users\/4"}],"replies":[{"embeddable":true,"href":"http:\/\/www.pasadenahoy.com\/primero\/wp-json\/wp\/v2\/comments?post=14329"}],"version-history":[{"count":2,"href":"http:\/\/www.pasadenahoy.com\/primero\/wp-json\/wp\/v2\/posts\/14329\/revisions"}],"predecessor-version":[{"id":14332,"href":"http:\/\/www.pasadenahoy.com\/primero\/wp-json\/wp\/v2\/posts\/14329\/revisions\/14332"}],"wp:attachment":[{"href":"http:\/\/www.pasadenahoy.com\/primero\/wp-json\/wp\/v2\/media?parent=14329"}],"wp:term":[{"taxonomy":"category","embeddable":true,"href":"http:\/\/www.pasadenahoy.com\/primero\/wp-json\/wp\/v2\/categories?post=14329"},{"taxonomy":"post_tag","embeddable":true,"href":"http:\/\/www.pasadenahoy.com\/primero\/wp-json\/wp\/v2\/tags?post=14329"}],"curies":[{"name":"wp","href":"https:\/\/api.w.org\/{rel}","templated":true}]}}