{"id":14344,"date":"2022-02-08T16:05:26","date_gmt":"2022-02-08T16:05:26","guid":{"rendered":"http:\/\/www.pasadenahoy.com\/primero\/?p=14344"},"modified":"2022-02-08T16:36:41","modified_gmt":"2022-02-08T16:36:41","slug":"estado-para-facilitar-la-regla-de-uso-de-mascaras-en-interiores-pero-pasadena-aun-las-requerira","status":"publish","type":"post","link":"http:\/\/www.pasadenahoy.com\/primero\/la-comunidad\/estado-para-facilitar-la-regla-de-uso-de-mascaras-en-interiores-pero-pasadena-aun-las-requerira\/","title":{"rendered":"Estado para facilitar la regla de uso de m\u00e1scaras en interiores, pero Pasadena a\u00fan las requerir\u00e1"},"content":{"rendered":"\n<figure class=\"wp-block-image alignnone size-large\"><figure class=\"alignnone\"><img loading=\"lazy\" width=\"700\" height=\"378\" src=\"http:\/\/www.pasadenahoy.com\/primero\/wp-content\/uploads\/2022\/02\/pic-2-4.jpg\" alt=\"\" class=\"wp-image-14345\" srcset=\"http:\/\/www.pasadenahoy.com\/primero\/wp-content\/uploads\/2022\/02\/pic-2-4.jpg 700w, http:\/\/www.pasadenahoy.com\/primero\/wp-content\/uploads\/2022\/02\/pic-2-4-300x162.jpg 300w, http:\/\/www.pasadenahoy.com\/primero\/wp-content\/uploads\/2022\/02\/pic-2-4-241x130.jpg 241w, http:\/\/www.pasadenahoy.com\/primero\/wp-content\/uploads\/2022\/02\/pic-2-4-333x180.jpg 333w, http:\/\/www.pasadenahoy.com\/primero\/wp-content\/uploads\/2022\/02\/pic-2-4-360x194.jpg 360w\" sizes=\"100vw\" \/><\/figure><\/figure>\n\n\n\n<p>El estado de California levantar\u00e1 su requisito de uso de m\u00e1scaras en interiores COVID-19 para las personas vacunadas la pr\u00f3xima semana, pero la medida no tendr\u00e1 ning\u00fan impacto inmediato en Pasadena que, al igual que el condado de Los \u00c1ngeles, tiene la intenci\u00f3n de mantener sus reglas de cubiertas faciales en interiores para ahora.<\/p>\n\n\n\n<p>\u201cPlaneamos estar sincronizados con el condado de Los \u00c1ngeles en cuanto a los requisitos de uso de m\u00e1scaras, con un enfoque de sentido com\u00fan basado en el riesgo\u201d, dijo el director de salud p\u00fablica y oficial de salud de Pasadena, el Dr. Ying-Ying Goh, a Pasadena Now el lunes.<\/p>\n\n\n\n<p>\u201cCuando las tasas de casos est\u00e1n en el nivel moderado (amarillo) de los CDC durante un per\u00edodo sostenido, y no hay nuevas variantes de preocupaci\u00f3n que parezcan ser una amenaza, el requisito de usar una m\u00e1scara en el interior se puede flexibilizar para que sea una recomendaci\u00f3n para las personas vacunadas. \u201d, dijo Go.<\/p>\n\n\n\n<p>Los funcionarios estatales anunciaron el lunes que el requisito de uso de m\u00e1scaras en interiores para las personas vacunadas vencer\u00e1 al final del d\u00eda 15 de febrero. El estado seguir\u00e1 requiriendo el uso de m\u00e1scaras en interiores para cualquier persona que no est\u00e9 completamente vacunada, incluso despu\u00e9s del 15 de febrero.<\/p>\n\n\n\n<p>El gobernador Gavin Newsom dijo que la medida es el resultado de una ca\u00edda del 65 % en la tasa de infecci\u00f3n desde el pico del aumento invernal causado por la variante Omicron de COVID-19, as\u00ed como una estabilizaci\u00f3n en el n\u00famero de hospitalizaciones.<\/p>\n\n\n\n<p>Pero enfatiz\u00f3 que \u201clas personas no vacunadas a\u00fan necesitar\u00e1n usar m\u00e1scaras en el interior\u201d. El requisito de uso de m\u00e1scaras tambi\u00e9n seguir\u00e1 vigente para todos en lugares interiores seleccionados, como centros de transporte p\u00fablico, aeropuertos, escuelas, refugios de emergencia, centros de atenci\u00f3n m\u00e9dica, centros correccionales, refugios para personas sin hogar y centros de atenci\u00f3n a largo plazo y para personas mayores.<\/p>\n\n\n\n<p>Las personas no vacunadas deber\u00e1n seguir usando m\u00e1scaras en entornos cerrados, como tiendas minoristas, restaurantes, teatros y oficinas gubernamentales.<\/p>\n\n\n\n<p>El cambio en la pol\u00edtica estatal afectar\u00e1 a los condados que no tienen mandatos locales de sus propios cobertores faciales de gobierno, como los condados de Orange, Riverside y San Diego. En el condado de Los \u00c1ngeles, los requisitos de mascarillas seguir\u00e1n vigentes tanto para las personas vacunadas como para las no vacunadas en entornos cerrados, as\u00ed como en grandes megaeventos al aire libre, como el Super Bowl del domingo en el SoFi Stadium.<\/p>\n\n\n\n<p>La semana pasada, la directora de salud p\u00fablica del condado, Barbara Ferrer, dio a conocer m\u00e9tricas para una posible relajaci\u00f3n de las \u00f3rdenes de uso de mascarillas del condado, y dijo que el mandato se eliminar\u00e1 en los &#8220;megaeventos&#8221; al aire libre y al aire libre en las escuelas y guarder\u00edas si las hospitalizaciones por COVID-positivo en el condado caer por debajo de 2.500 durante siete d\u00edas consecutivos.<\/p>\n\n\n\n<p>Hasta el lunes, hab\u00eda 2773 pacientes con COVID-positivo en los hospitales del condado.<\/p>\n\n\n\n<p>Levantar el requisito de uso de m\u00e1scaras en interiores en el condado requerir\u00e1 un est\u00e1ndar m\u00e1s estricto. Seg\u00fan Ferrer, ese requisito no se levantar\u00e1 hasta que el nivel de transmisi\u00f3n del condado caiga al nivel &#8220;moderado&#8221; seg\u00fan lo definido por los Centros para el Control y la Prevenci\u00f3n de Enfermedades de EE. UU. y permanezca all\u00ed durante dos semanas seguidas.<\/p>\n\n\n\n<p>Alcanzar la designaci\u00f3n &#8220;moderada&#8221; requiere que el condado tenga una tasa acumulativa de casos nuevos de siete d\u00edas de menos de 50 por cada 100,000 residentes. Seg\u00fan el sitio web de los CDC, la tasa del condado era de 1098 por cada 100 000 residentes a partir del lunes.<\/p>\n\n\n\n<p>Adem\u00e1s de mantener la tasa &#8220;moderada&#8221; durante dos semanas, los requisitos de uso de m\u00e1scaras en interiores solo se levantar\u00e1n si no hay nuevas &#8220;variantes de preocupaci\u00f3n&#8221; del virus COVID en circulaci\u00f3n, dijo Ferrer.<\/p>\n\n\n\n<p>Ferrer y la presidenta de la Junta de Supervisores del condado, Holly Mitchell, insistieron la semana pasada en que la transmisi\u00f3n de COVID sigue siendo demasiado alta a nivel local para levantar los mandatos de mascarillas. Ferrer dijo el lunes que la gran cantidad de muertes diarias que se informan muestra el peligro persistente del virus.<\/p>\n\n\n\n<p>\u201cA pesar de las noticias alentadoras de la disminuci\u00f3n de los casos, la positividad de las pruebas y las hospitalizaciones, lamentablemente seguimos viendo una gran cantidad de personas que mueren debido al COVID-19\u201d, dijo en un comunicado. \u201cCon un promedio de 70 muertes reportadas cada d\u00eda la semana pasada, queda claro que los residentes que no est\u00e1n vacunados, inmunocomprometidos o que viven en comunidades de bajos recursos enfrentan un riesgo adicional y tienen m\u00e1s probabilidades de enfermarse gravemente y morir a causa de COVID-19.<\/p>\n\n\n\n<p>\u201cJunto con la importante protecci\u00f3n que brindan las vacunas y los refuerzos, necesitaremos continuar agregando protecciones adicionales para proteger a los m\u00e1s vulnerables de los peores resultados, muchos de los cuales son nuestros seres queridos y colegas\u201d, dijo Ferrer. \u201cNumerosas personas que viven en comunidades muy afectadas son trabajadores de bajos salarios que enfrentan m\u00faltiples exposiciones diariamente en sus trabajos y luego regresan a comunidades de alta densidad donde la transmisi\u00f3n del virus es m\u00e1s f\u00e1cil. Reconocer que estos trabajadores son el pilar de nuestra econom\u00eda y nuestra recuperaci\u00f3n requiere alinear acciones colectivas que reduzcan la transmisi\u00f3n en los lugares de trabajo\u201d.<\/p>\n\n\n\n<p>El condado report\u00f3 otras 29 muertes y 4,360 nuevos casos de COVID el lunes, n\u00fameros que probablemente sean artificialmente bajos debido a los retrasos en los informes del fin de semana.<\/p>\n\n\n\n<p>Las 29 nuevas muertes elevaron el n\u00famero de muertes por COVID del condado a 29,457, mientras que el<\/p>\n\n\n\n<p>las nuevas infecciones le dieron al condado un total acumulado durante toda la pandemia de 2,731,409.<\/p>\n\n\n\n<p>Los 2.773 pacientes con COVID-positivo en los hospitales del condado se redujeron de los 2.841 del domingo. El n\u00famero de esos pacientes en cuidados intensivos era de 592 hasta el lunes, siete menos que el d\u00eda anterior.<\/p>\n\n\n\n<p>La tasa diaria promedio m\u00f3vil de personas que dieron positivo por el virus fue del 5% a partir del lunes, al igual que el domingo.<\/p>\n\n\n\n<p><\/p>\n","protected":false},"excerpt":{"rendered":"<p>El estado de California levantar\u00e1 su requisito de uso de m\u00e1scaras en interiores COVID-19 para las personas vacunadas la pr\u00f3xima semana, pero la medida no tendr\u00e1 ning\u00fan impacto inmediato en Pasadena que, al igual que el condado de Los \u00c1ngeles, tiene la intenci\u00f3n de mantener sus reglas de cubiertas faciales en interiores para ahora. \u201cPlaneamos estar sincronizados con el condado de Los \u00c1ngeles en cuanto a los requisitos de uso de m\u00e1scaras, con un enfoque de sentido com\u00fan basado en [&hellip;]<\/p>\n","protected":false},"author":4,"featured_media":14345,"comment_status":"open","ping_status":"closed","sticky":false,"template":"","format":"standard","meta":[],"categories":[4],"tags":[],"acf":[],"_links":{"self":[{"href":"http:\/\/www.pasadenahoy.com\/primero\/wp-json\/wp\/v2\/posts\/14344"}],"collection":[{"href":"http:\/\/www.pasadenahoy.com\/primero\/wp-json\/wp\/v2\/posts"}],"about":[{"href":"http:\/\/www.pasadenahoy.com\/primero\/wp-json\/wp\/v2\/types\/post"}],"author":[{"embeddable":true,"href":"http:\/\/www.pasadenahoy.com\/primero\/wp-json\/wp\/v2\/users\/4"}],"replies":[{"embeddable":true,"href":"http:\/\/www.pasadenahoy.com\/primero\/wp-json\/wp\/v2\/comments?post=14344"}],"version-history":[{"count":2,"href":"http:\/\/www.pasadenahoy.com\/primero\/wp-json\/wp\/v2\/posts\/14344\/revisions"}],"predecessor-version":[{"id":14347,"href":"http:\/\/www.pasadenahoy.com\/primero\/wp-json\/wp\/v2\/posts\/14344\/revisions\/14347"}],"wp:featuredmedia":[{"embeddable":true,"href":"http:\/\/www.pasadenahoy.com\/primero\/wp-json\/wp\/v2\/media\/14345"}],"wp:attachment":[{"href":"http:\/\/www.pasadenahoy.com\/primero\/wp-json\/wp\/v2\/media?parent=14344"}],"wp:term":[{"taxonomy":"category","embeddable":true,"href":"http:\/\/www.pasadenahoy.com\/primero\/wp-json\/wp\/v2\/categories?post=14344"},{"taxonomy":"post_tag","embeddable":true,"href":"http:\/\/www.pasadenahoy.com\/primero\/wp-json\/wp\/v2\/tags?post=14344"}],"curies":[{"name":"wp","href":"https:\/\/api.w.org\/{rel}","templated":true}]}}