{"id":14348,"date":"2022-02-08T16:10:55","date_gmt":"2022-02-08T16:10:55","guid":{"rendered":"http:\/\/www.pasadenahoy.com\/primero\/?p=14348"},"modified":"2022-02-08T16:10:57","modified_gmt":"2022-02-08T16:10:57","slug":"mas-rafagas-de-santa-ana-plus-high-heat-dirigido-a-pasadena","status":"publish","type":"post","link":"http:\/\/www.pasadenahoy.com\/primero\/la-comunidad\/mas-rafagas-de-santa-ana-plus-high-heat-dirigido-a-pasadena\/","title":{"rendered":"M\u00e1s r\u00e1fagas de Santa Ana \u2013 Plus High Heat \u2013 Dirigido a Pasadena"},"content":{"rendered":"\n<figure class=\"wp-block-image alignnone size-large\"><figure class=\"alignnone\"><img loading=\"lazy\" width=\"700\" height=\"378\" src=\"http:\/\/www.pasadenahoy.com\/primero\/wp-content\/uploads\/2022\/02\/pic-3-1.png\" alt=\"\" class=\"wp-image-14349\" srcset=\"http:\/\/www.pasadenahoy.com\/primero\/wp-content\/uploads\/2022\/02\/pic-3-1.png 700w, http:\/\/www.pasadenahoy.com\/primero\/wp-content\/uploads\/2022\/02\/pic-3-1-300x162.png 300w, http:\/\/www.pasadenahoy.com\/primero\/wp-content\/uploads\/2022\/02\/pic-3-1-241x130.png 241w, http:\/\/www.pasadenahoy.com\/primero\/wp-content\/uploads\/2022\/02\/pic-3-1-333x180.png 333w, http:\/\/www.pasadenahoy.com\/primero\/wp-content\/uploads\/2022\/02\/pic-3-1-360x194.png 360w\" sizes=\"100vw\" \/><\/figure><\/figure>\n\n\n\n<p>Los vientos de Santa Ana regresar\u00e1n a Pasadena, junto con un calor potencialmente r\u00e9cord que podr\u00eda generar un c\u00e1lido fin de semana del Super Bowl, con las r\u00e1fagas m\u00e1s fuertes previstas para el martes por la noche y el jueves.<\/p>\n\n\n\n<p>El Servicio Meteorol\u00f3gico Nacional emiti\u00f3 una alerta de calor excesivo para Pasadena que estar\u00e1 vigente desde el mi\u00e9rcoles por la ma\u00f1ana hasta el viernes por la tarde.<\/p>\n\n\n\n<p>El lunes fue &#8220;otro d\u00eda c\u00e1lido hoy\u2026 una tendencia que continuar\u00e1 durante la semana y hasta el fin de semana del Super Bowl&#8221;, seg\u00fan el Servicio Meteorol\u00f3gico Nacional.<\/p>\n\n\n\n<p>\u201cM\u00e1ximos en los 70 superiores a mediados de los 80\u2026 Nuestro pr\u00f3ximo gran impulso en alta mar llegar\u00e1 el martes por la noche hasta el mi\u00e9rcoles con m\u00e1s avisos de viento y posiblemente advertencias hasta el jueves. Y junto con eso, otro aumento en las temperaturas empujando los m\u00e1ximos cerca del territorio r\u00e9cord\u201d.<\/p>\n\n\n\n<p>Los meteor\u00f3logos tambi\u00e9n dijeron que las temperaturas &#8220;casi r\u00e9cord&#8221; son m\u00e1s probables entre el mi\u00e9rcoles y el viernes.<\/p>\n\n\n\n<p>Los meteor\u00f3logos advirtieron que son posibles \u201ccondiciones calurosas con temperaturas de hasta 90 grados\u201d.<\/p>\n\n\n\n<p>\u201c\u2026 Est\u00e9 preparado para beber muchos l\u00edquidos, permanecer en una habitaci\u00f3n con aire acondicionado, mantenerse alejado del sol y controlar a familiares y vecinos. Los ni\u00f1os peque\u00f1os y las mascotas nunca deben dejarse desatendidos en los veh\u00edculos bajo ninguna circunstancia. Esto es especialmente cierto durante el clima c\u00e1lido o caluroso, cuando los interiores de los autom\u00f3viles pueden alcanzar temperaturas letales en cuesti\u00f3n de minutos\u201d.<\/p>\n\n\n\n<p>Aqu\u00ed est\u00e1 el pron\u00f3stico detallado del NWS para la semana:<\/p>\n\n\n\n<p>Hoy: Soleado, la m\u00e1xima alrededor de 81. Viento del noreste de 5 a 10 mph.<\/p>\n\n\n\n<p>Esta Noche: Mayormente despejado, la m\u00ednima alrededor de 56. Viento del nor noreste entre 10 y 15 mph, con r\u00e1fagas de hasta 20 mph.<\/p>\n\n\n\n<p>Mi\u00e9rcoles: Soleado, la m\u00e1xima alrededor de 87. Viento del nor noreste entre 10 y 15 mph, con r\u00e1fagas de hasta 20 mph.<\/p>\n\n\n\n<p>por la Noche: Despejado, la m\u00ednima alrededor de 59. Viento del nor noreste entre 10 y 15 mph, con r\u00e1fagas de hasta 25 mph.<\/p>\n\n\n\n<p>Jueves: Soleado, la m\u00e1xima alrededor de 89. Viento del noreste alrededor de 15 mph, con r\u00e1fagas de hasta 25 mph.<\/p>\n\n\n\n<p>Jueves por la Noche: Despejado, la m\u00ednima alrededor de 56.<\/p>\n\n\n\n<p>Viernes: Soleado, la m\u00e1xima alrededor de 88.<\/p>\n\n\n\n<p>Vie. por la Noche: Mayormente despejado, la m\u00ednima alrededor de 56.<\/p>\n\n\n\n<p>S\u00e1bado: Soleado, la m\u00e1xima alrededor de 88.<\/p>\n\n\n\n<p>S\u00e1b. por la Noche: Mayormente despejado, la m\u00ednima alrededor de 57.<\/p>\n\n\n\n<p>Domingo: Soleado, la m\u00e1xima alrededor de 88.<\/p>\n\n\n\n<p>Dom. por la Noche: Mayormente despejado, la m\u00ednima alrededor de 57.<\/p>\n\n\n\n<p>Lunes: Soleado, la m\u00e1xima alrededor de 78.<\/p>\n","protected":false},"excerpt":{"rendered":"<p>Los vientos de Santa Ana regresar\u00e1n a Pasadena, junto con un calor potencialmente r\u00e9cord que podr\u00eda generar un c\u00e1lido fin de semana del Super Bowl, con las r\u00e1fagas m\u00e1s fuertes previstas para el martes por la noche y el jueves. El Servicio Meteorol\u00f3gico Nacional emiti\u00f3 una alerta de calor excesivo para Pasadena que estar\u00e1 vigente desde el mi\u00e9rcoles por la ma\u00f1ana hasta el viernes por la tarde. El lunes fue &#8220;otro d\u00eda c\u00e1lido hoy\u2026 una tendencia que continuar\u00e1 durante la [&hellip;]<\/p>\n","protected":false},"author":4,"featured_media":14349,"comment_status":"open","ping_status":"closed","sticky":false,"template":"","format":"standard","meta":[],"categories":[4],"tags":[],"acf":[],"_links":{"self":[{"href":"http:\/\/www.pasadenahoy.com\/primero\/wp-json\/wp\/v2\/posts\/14348"}],"collection":[{"href":"http:\/\/www.pasadenahoy.com\/primero\/wp-json\/wp\/v2\/posts"}],"about":[{"href":"http:\/\/www.pasadenahoy.com\/primero\/wp-json\/wp\/v2\/types\/post"}],"author":[{"embeddable":true,"href":"http:\/\/www.pasadenahoy.com\/primero\/wp-json\/wp\/v2\/users\/4"}],"replies":[{"embeddable":true,"href":"http:\/\/www.pasadenahoy.com\/primero\/wp-json\/wp\/v2\/comments?post=14348"}],"version-history":[{"count":2,"href":"http:\/\/www.pasadenahoy.com\/primero\/wp-json\/wp\/v2\/posts\/14348\/revisions"}],"predecessor-version":[{"id":14351,"href":"http:\/\/www.pasadenahoy.com\/primero\/wp-json\/wp\/v2\/posts\/14348\/revisions\/14351"}],"wp:featuredmedia":[{"embeddable":true,"href":"http:\/\/www.pasadenahoy.com\/primero\/wp-json\/wp\/v2\/media\/14349"}],"wp:attachment":[{"href":"http:\/\/www.pasadenahoy.com\/primero\/wp-json\/wp\/v2\/media?parent=14348"}],"wp:term":[{"taxonomy":"category","embeddable":true,"href":"http:\/\/www.pasadenahoy.com\/primero\/wp-json\/wp\/v2\/categories?post=14348"},{"taxonomy":"post_tag","embeddable":true,"href":"http:\/\/www.pasadenahoy.com\/primero\/wp-json\/wp\/v2\/tags?post=14348"}],"curies":[{"name":"wp","href":"https:\/\/api.w.org\/{rel}","templated":true}]}}