{"id":14406,"date":"2022-02-10T15:09:04","date_gmt":"2022-02-10T15:09:04","guid":{"rendered":"http:\/\/www.pasadenahoy.com\/primero\/?p=14406"},"modified":"2022-02-10T15:09:05","modified_gmt":"2022-02-10T15:09:05","slug":"las-hospitalizaciones-por-covid-estan-a-punto-de-desencadenarse-por-el-levantamiento-de-los-mandatos-locales-de-mascarillas-para-exteriores","status":"publish","type":"post","link":"http:\/\/www.pasadenahoy.com\/primero\/la-comunidad\/las-hospitalizaciones-por-covid-estan-a-punto-de-desencadenarse-por-el-levantamiento-de-los-mandatos-locales-de-mascarillas-para-exteriores\/","title":{"rendered":"Las hospitalizaciones por COVID est\u00e1n a punto de desencadenarse por el levantamiento de los mandatos locales de mascarillas para exteriores"},"content":{"rendered":"\n<figure class=\"wp-block-image alignnone size-large\"><figure class=\"alignnone\"><img loading=\"lazy\" width=\"700\" height=\"378\" src=\"http:\/\/www.pasadenahoy.com\/primero\/wp-content\/uploads\/2022\/02\/pic-3-3.jpg\" alt=\"\" class=\"wp-image-14407\" srcset=\"http:\/\/www.pasadenahoy.com\/primero\/wp-content\/uploads\/2022\/02\/pic-3-3.jpg 700w, http:\/\/www.pasadenahoy.com\/primero\/wp-content\/uploads\/2022\/02\/pic-3-3-300x162.jpg 300w, http:\/\/www.pasadenahoy.com\/primero\/wp-content\/uploads\/2022\/02\/pic-3-3-241x130.jpg 241w, http:\/\/www.pasadenahoy.com\/primero\/wp-content\/uploads\/2022\/02\/pic-3-3-333x180.jpg 333w, http:\/\/www.pasadenahoy.com\/primero\/wp-content\/uploads\/2022\/02\/pic-3-3-360x194.jpg 360w\" sizes=\"100vw\" \/><\/figure><\/figure>\n\n\n\n<p>El n\u00famero de pacientes con COVID-19 positivo en los hospitales del condado de Los \u00c1ngeles cay\u00f3 por debajo de 2600 el jueves, acerc\u00e1ndose al nivel que iniciar\u00e1 el reloj para levantar el mandato de uso de m\u00e1scaras al aire libre del condado para grandes eventos, escuelas y guarder\u00edas.<\/p>\n\n\n\n<p>En Pasadena, el promedio de siete d\u00edas de nuevos casos confirmados de COVID-19 cay\u00f3 a 96,7 el mi\u00e9rcoles, lo que colocar\u00eda a la ciudad dentro de la definici\u00f3n de \u00edndice de incidencia moderada de los CDC.<\/p>\n\n\n\n<p>Si eso o una tasa de incidencia m\u00e1s baja contin\u00faa \u201cdurante un per\u00edodo prolongado, y no hay nuevas variantes de preocupaci\u00f3n que parezcan ser una amenaza, el requisito de usar una m\u00e1scara en el interior puede relajarse para que sea una recomendaci\u00f3n para las personas vacunadas\u201d, dijo el director de Pasadena. de Salud P\u00fablica y Oficial de Salud Dr. Ying-Ying Goh dijo a principios de esta semana.<\/p>\n\n\n\n<p>Seg\u00fan cifras estatales, hab\u00eda 2.597 pacientes con COVID-positivo en hospitales locales hasta el mi\u00e9rcoles, frente a los 2.702 del martes. De esos pacientes, 528 estaban siendo tratados en cuidados intensivos, una ca\u00edda con respecto a los 547 del d\u00eda anterior.<\/p>\n\n\n\n<p>Las cifras de hospitales han disminuido constantemente y, si la tendencia contin\u00faa, el n\u00famero podr\u00eda caer por debajo de 2500 en uno o dos d\u00edas. La directora de salud p\u00fablica del condado, Barbara Ferrer, dijo que si el n\u00famero se mantiene por debajo de 2500 durante dos semanas consecutivas, el condado levantar\u00e1 su mandato de uso de m\u00e1scaras para los &#8220;megaeventos&#8221; al aire libre y al aire libre en escuelas y guarder\u00edas.<\/p>\n\n\n\n<p>Sin embargo, el mandato de uso de m\u00e1scaras en interiores permanecer\u00e1 vigente hasta que se cumplan criterios mucho m\u00e1s estrictos, a pesar de que el estado de California levantar\u00e1 su requisito de m\u00e1scaras para interiores para las personas vacunadas la pr\u00f3xima semana. Seg\u00fan Ferrer, la regla de la m\u00e1scara del condado no se levantar\u00e1 hasta que la tasa de transmisi\u00f3n del virus del condado caiga al nivel &#8220;moderado&#8221; seg\u00fan lo definido por los Centros para el Control y la Prevenci\u00f3n de Enfermedades de EE. UU. durante dos semanas consecutivas, o hasta que las vacunas COVID est\u00e9n disponibles para ni\u00f1os menores de 5 a\u00f1os durante ocho semanas.<\/p>\n\n\n\n<p>Esas pautas significan que el enmascaramiento en interiores seguir\u00e1 siendo un requisito hasta al menos marzo, pero es m\u00e1s probable que al menos abril.<\/p>\n\n\n\n<p>Alcanzar la designaci\u00f3n &#8220;moderada&#8221; de los CDC requiere que el condado tenga una tasa acumulativa de casos nuevos de siete d\u00edas de menos de 50 por cada 100,000 residentes. Seg\u00fan el sitio web de los CDC, la tasa del condado era de 768 por 100,000 a partir del mi\u00e9rcoles. Eso es menos que 1,098 por cada 100,000 residentes el lunes.<\/p>\n\n\n\n<p>Las vacunas para ni\u00f1os menores de 5 a\u00f1os podr\u00edan aprobarse potencialmente para fin de mes, dijo Ferrer.<\/p>\n\n\n\n<p>Hasta ahora, el condado se apega a ese criterio, a pesar de las cr\u00edticas de la supervisora \u200b\u200bdel condado Kathryn Barger esta semana de que el criterio era demasiado estricto y \u201cni siquiera realista\u201d. Ella dijo que el condado deber\u00eda alinearse con el estado para disminuir la confusi\u00f3n entre los residentes.<\/p>\n\n\n\n<p>El condado inform\u00f3 el mi\u00e9rcoles otras 103 muertes relacionadas con COVID, elevando el n\u00famero total de muertes a 29,609.<\/p>\n\n\n\n<p>Tambi\u00e9n se confirmaron otros 5,100 casos nuevos, lo que le da al condado un total pand\u00e9mico de 2,740,700.<\/p>\n\n\n\n<p>La tasa diaria promedio de personas que dieron positivo por el virus fue del 5% a partir del mi\u00e9rcoles, una tasa que se ha mantenido estable todos los d\u00edas de esta semana.<\/p>\n\n\n\n<p>El Departamento de Salud P\u00fablica del condado tambi\u00e9n inform\u00f3 ca\u00eddas continuas en las tasas de infecci\u00f3n entre los estudiantes y el personal de las escuelas. Para la semana que finaliz\u00f3 el 4 de febrero, la tasa de pruebas positivas cay\u00f3 al 2,6% para las escuelas, frente al 4,4% de la semana anterior.<\/p>\n\n\n\n<p>\u201cLa disminuci\u00f3n en las pruebas positivas y la positividad de las pruebas sugiere que las escuelas contin\u00faan implementando con \u00e9xito las estrategias recomendadas que limitan la propagaci\u00f3n, como la detecci\u00f3n y las pruebas de respuesta, asegurando el cumplimiento de los requisitos de aislamiento y cuarentena, siguiendo las pautas de control de infecciones recomendadas y seg\u00fan lo requiera el estado, usando m\u00e1scaras bien ajustadas\u201d, dijo Ferrer en un comunicado el mi\u00e9rcoles. \u201cComo siempre, estamos agradecidos por el arduo trabajo de los superintendentes escolares, los socios laborales y el personal, los padres y los estudiantes para implementar estas estrategias que promueven la seguridad en las escuelas y nos ayudan a acercarnos a nuestra fase posterior a la oleada y a una menor transmisi\u00f3n\u201d.<\/p>\n","protected":false},"excerpt":{"rendered":"<p>El n\u00famero de pacientes con COVID-19 positivo en los hospitales del condado de Los \u00c1ngeles cay\u00f3 por debajo de 2600 el jueves, acerc\u00e1ndose al nivel que iniciar\u00e1 el reloj para levantar el mandato de uso de m\u00e1scaras al aire libre del condado para grandes eventos, escuelas y guarder\u00edas. En Pasadena, el promedio de siete d\u00edas de nuevos casos confirmados de COVID-19 cay\u00f3 a 96,7 el mi\u00e9rcoles, lo que colocar\u00eda a la ciudad dentro de la definici\u00f3n de \u00edndice de incidencia [&hellip;]<\/p>\n","protected":false},"author":4,"featured_media":14407,"comment_status":"open","ping_status":"closed","sticky":false,"template":"","format":"standard","meta":[],"categories":[4],"tags":[],"acf":[],"_links":{"self":[{"href":"http:\/\/www.pasadenahoy.com\/primero\/wp-json\/wp\/v2\/posts\/14406"}],"collection":[{"href":"http:\/\/www.pasadenahoy.com\/primero\/wp-json\/wp\/v2\/posts"}],"about":[{"href":"http:\/\/www.pasadenahoy.com\/primero\/wp-json\/wp\/v2\/types\/post"}],"author":[{"embeddable":true,"href":"http:\/\/www.pasadenahoy.com\/primero\/wp-json\/wp\/v2\/users\/4"}],"replies":[{"embeddable":true,"href":"http:\/\/www.pasadenahoy.com\/primero\/wp-json\/wp\/v2\/comments?post=14406"}],"version-history":[{"count":2,"href":"http:\/\/www.pasadenahoy.com\/primero\/wp-json\/wp\/v2\/posts\/14406\/revisions"}],"predecessor-version":[{"id":14409,"href":"http:\/\/www.pasadenahoy.com\/primero\/wp-json\/wp\/v2\/posts\/14406\/revisions\/14409"}],"wp:featuredmedia":[{"embeddable":true,"href":"http:\/\/www.pasadenahoy.com\/primero\/wp-json\/wp\/v2\/media\/14407"}],"wp:attachment":[{"href":"http:\/\/www.pasadenahoy.com\/primero\/wp-json\/wp\/v2\/media?parent=14406"}],"wp:term":[{"taxonomy":"category","embeddable":true,"href":"http:\/\/www.pasadenahoy.com\/primero\/wp-json\/wp\/v2\/categories?post=14406"},{"taxonomy":"post_tag","embeddable":true,"href":"http:\/\/www.pasadenahoy.com\/primero\/wp-json\/wp\/v2\/tags?post=14406"}],"curies":[{"name":"wp","href":"https:\/\/api.w.org\/{rel}","templated":true}]}}