{"id":14410,"date":"2022-02-10T15:12:55","date_gmt":"2022-02-10T15:12:55","guid":{"rendered":"http:\/\/www.pasadenahoy.com\/primero\/?p=14410"},"modified":"2022-02-10T15:12:55","modified_gmt":"2022-02-10T15:12:55","slug":"reaccion-mixta-a-la-propuesta-del-comisionado-de-servicios-humanos-de-expresar-gratitud-a-la-policia-por-hacer-un-mejor-trabajo","status":"publish","type":"post","link":"http:\/\/www.pasadenahoy.com\/primero\/la-comunidad\/reaccion-mixta-a-la-propuesta-del-comisionado-de-servicios-humanos-de-expresar-gratitud-a-la-policia-por-hacer-un-mejor-trabajo\/","title":{"rendered":"Reacci\u00f3n mixta a la propuesta del Comisionado de Servicios Humanos de expresar gratitud a la polic\u00eda por hacer un &#8220;mejor trabajo&#8221;"},"content":{"rendered":"\n<figure class=\"wp-block-image alignnone size-large\"><figure class=\"alignnone\"><img loading=\"lazy\" width=\"700\" height=\"378\" src=\"http:\/\/www.pasadenahoy.com\/primero\/wp-content\/uploads\/2022\/02\/pic4.jpg\" alt=\"\" class=\"wp-image-14411\" srcset=\"http:\/\/www.pasadenahoy.com\/primero\/wp-content\/uploads\/2022\/02\/pic4.jpg 700w, http:\/\/www.pasadenahoy.com\/primero\/wp-content\/uploads\/2022\/02\/pic4-300x162.jpg 300w, http:\/\/www.pasadenahoy.com\/primero\/wp-content\/uploads\/2022\/02\/pic4-241x130.jpg 241w, http:\/\/www.pasadenahoy.com\/primero\/wp-content\/uploads\/2022\/02\/pic4-333x180.jpg 333w, http:\/\/www.pasadenahoy.com\/primero\/wp-content\/uploads\/2022\/02\/pic4-360x194.jpg 360w\" sizes=\"100vw\" \/><\/figure><\/figure>\n\n\n\n<p>El comisionado George Paccerelli quiere que la Comisi\u00f3n de Servicios Humanos exprese formalmente su gratitud al Departamento de Polic\u00eda de Pasadena por hacer un &#8220;mejor trabajo&#8221; en medio de los recientes tiroteos en la ciudad mediante el env\u00edo de muestras de agradecimiento a la polic\u00eda.<\/p>\n\n\n\n<p>La propuesta de Paccerelli, aunque fue apoyada por algunos comisionados, no obtuvo el apoyo de la mayor\u00eda. En la reuni\u00f3n del mi\u00e9rcoles de la comisi\u00f3n, las reacciones fueron mixtas.<\/p>\n\n\n\n<p>\u201cTal vez algo como un lindo ramo y una nota de agradecimiento que podr\u00eda estar en una oficina centralizada de alg\u00fan tipo [ser\u00eda]\u201d, sugiri\u00f3 la comisionada Lila Guirguis.<\/p>\n\n\n\n<p>\u201cEsa es una gran idea\u201d, dijo la presidenta de la Comisi\u00f3n, Jessica Xie, en respuesta a la sugerencia de Guirguis.<\/p>\n\n\n\n<p>Al explicar la raz\u00f3n detr\u00e1s de su propuesta, Paccerelli, sin dar m\u00e1s detalles, dijo que la polic\u00eda de la ciudad hizo recientemente algunos movimientos significativos hacia la mejora.<\/p>\n\n\n\n<p>\u201cHe descubierto que se han comportado bastante bien\u201d, dijo. Tambi\u00e9n agreg\u00f3 que en comparaci\u00f3n con otros departamentos de polic\u00eda, el \u201cDepartamento de Polic\u00eda de Pasadena est\u00e1 haciendo un mejor trabajo\u201d.<\/p>\n\n\n\n<p>Seg\u00fan la polic\u00eda de Pasadena, los tiroteos en la ciudad aumentaron un 22 % entre 2020 y 2021, de 60 a 73. Para abordar el aumento de la violencia relacionada con las armas, la polic\u00eda aument\u00f3 las patrullas en los vecindarios donde ocurren los tiroteos y emple\u00f3 el arma Shotspotter. Sistema de detecci\u00f3n.<\/p>\n\n\n\n<p>Los comisionados Kenneth Rotter y JD Cargill expresaron su oposici\u00f3n a la propuesta de Paccerelli, y el primero dijo que el departamento de polic\u00eda a\u00fan no se ha convertido en un departamento de calidad que merezca gratitud.<\/p>\n\n\n\n<p>\u201cCreo que el Departamento de Polic\u00eda de Pasadena ha estado involucrado en muchos problemas de cuestionamiento de la \u00e9tica y, personalmente, no creo que su historial haya sido nuestro agradecimiento\u201d, dijo Rotter. \u201cTienen que dar pasos agigantados antes de tener una calidad de la que los ciudadanos de Pasadena puedan estar orgullosos\u201d.<\/p>\n\n\n\n<p>\u201cConozco bien mi distrito y probablemente no sentir\u00edan que ese tipo de atenci\u00f3n merec\u00eda esta vez\u201d, dijo Cargill.<\/p>\n\n\n\n<p>Los comisionados no tomaron ninguna medida sobre el tema m\u00e1s all\u00e1 de la discusi\u00f3n.<\/p>\n","protected":false},"excerpt":{"rendered":"<p>El comisionado George Paccerelli quiere que la Comisi\u00f3n de Servicios Humanos exprese formalmente su gratitud al Departamento de Polic\u00eda de Pasadena por hacer un &#8220;mejor trabajo&#8221; en medio de los recientes tiroteos en la ciudad mediante el env\u00edo de muestras de agradecimiento a la polic\u00eda. La propuesta de Paccerelli, aunque fue apoyada por algunos comisionados, no obtuvo el apoyo de la mayor\u00eda. En la reuni\u00f3n del mi\u00e9rcoles de la comisi\u00f3n, las reacciones fueron mixtas. \u201cTal vez algo como un lindo [&hellip;]<\/p>\n","protected":false},"author":4,"featured_media":0,"comment_status":"open","ping_status":"closed","sticky":false,"template":"","format":"standard","meta":[],"categories":[4],"tags":[],"acf":[],"_links":{"self":[{"href":"http:\/\/www.pasadenahoy.com\/primero\/wp-json\/wp\/v2\/posts\/14410"}],"collection":[{"href":"http:\/\/www.pasadenahoy.com\/primero\/wp-json\/wp\/v2\/posts"}],"about":[{"href":"http:\/\/www.pasadenahoy.com\/primero\/wp-json\/wp\/v2\/types\/post"}],"author":[{"embeddable":true,"href":"http:\/\/www.pasadenahoy.com\/primero\/wp-json\/wp\/v2\/users\/4"}],"replies":[{"embeddable":true,"href":"http:\/\/www.pasadenahoy.com\/primero\/wp-json\/wp\/v2\/comments?post=14410"}],"version-history":[{"count":2,"href":"http:\/\/www.pasadenahoy.com\/primero\/wp-json\/wp\/v2\/posts\/14410\/revisions"}],"predecessor-version":[{"id":14413,"href":"http:\/\/www.pasadenahoy.com\/primero\/wp-json\/wp\/v2\/posts\/14410\/revisions\/14413"}],"wp:attachment":[{"href":"http:\/\/www.pasadenahoy.com\/primero\/wp-json\/wp\/v2\/media?parent=14410"}],"wp:term":[{"taxonomy":"category","embeddable":true,"href":"http:\/\/www.pasadenahoy.com\/primero\/wp-json\/wp\/v2\/categories?post=14410"},{"taxonomy":"post_tag","embeddable":true,"href":"http:\/\/www.pasadenahoy.com\/primero\/wp-json\/wp\/v2\/tags?post=14410"}],"curies":[{"name":"wp","href":"https:\/\/api.w.org\/{rel}","templated":true}]}}