{"id":14414,"date":"2022-02-10T15:16:36","date_gmt":"2022-02-10T15:16:36","guid":{"rendered":"http:\/\/www.pasadenahoy.com\/primero\/?p=14414"},"modified":"2022-02-10T15:16:37","modified_gmt":"2022-02-10T15:16:37","slug":"peaton-atropellado-y-asesinado-el-miercoles","status":"publish","type":"post","link":"http:\/\/www.pasadenahoy.com\/primero\/la-comunidad\/peaton-atropellado-y-asesinado-el-miercoles\/","title":{"rendered":"Peat\u00f3n atropellado y asesinado el mi\u00e9rcoles"},"content":{"rendered":"\n<figure class=\"wp-block-image alignnone size-large\"><figure class=\"alignnone\"><img loading=\"lazy\" width=\"700\" height=\"378\" src=\"http:\/\/www.pasadenahoy.com\/primero\/wp-content\/uploads\/2022\/02\/pic-5-1.png\" alt=\"\" class=\"wp-image-14415\" srcset=\"http:\/\/www.pasadenahoy.com\/primero\/wp-content\/uploads\/2022\/02\/pic-5-1.png 700w, http:\/\/www.pasadenahoy.com\/primero\/wp-content\/uploads\/2022\/02\/pic-5-1-300x162.png 300w, http:\/\/www.pasadenahoy.com\/primero\/wp-content\/uploads\/2022\/02\/pic-5-1-241x130.png 241w, http:\/\/www.pasadenahoy.com\/primero\/wp-content\/uploads\/2022\/02\/pic-5-1-333x180.png 333w, http:\/\/www.pasadenahoy.com\/primero\/wp-content\/uploads\/2022\/02\/pic-5-1-360x194.png 360w\" sizes=\"100vw\" \/><figcaption><span class=\"caption-text\">\u00a9 Colaboradores de OpenStreetMap<\/span><\/figcaption><\/figure><\/figure>\n\n\n\n<p>Un peat\u00f3n fue atropellado por un autom\u00f3vil en el \u00e1rea de Orange Grove Boulevard y Rosemont Avenue el mi\u00e9rcoles por la noche poco antes de las 7 p.m., dijo la polic\u00eda.<\/p>\n\n\n\n<p>Los oficiales llamaron a la escena por testigos que encontraron a un hombre inconsciente en la calle y en una condici\u00f3n muy grave, seg\u00fan el teniente de la polic\u00eda de Pasadena, Rudy Lemos.<\/p>\n\n\n\n<p>El hombre fue transportado a un hospital local para recibir tratamiento por sus heridas, pero se inform\u00f3 que falleci\u00f3 poco despu\u00e9s de su llegada, dijo Lemos.<\/p>\n\n\n\n<p>El conductor del autom\u00f3vil fue encontrado por oficiales a poca distancia, donde aparentemente estacion\u00f3 despu\u00e9s de buscar un lugar disponible. Fue arrestado por conducir sin licencia, dijo Lemos.<\/p>\n\n\n\n<p>Hasta el momento no hay informaci\u00f3n disponible sobre la identidad de la v\u00edctima.<\/p>\n\n\n\n<p>La secci\u00f3n de tr\u00e1fico del Departamento de Polic\u00eda de Pasadena est\u00e1 investigando el incidente. Actualmente no parece que el alcohol jugara un papel en la colisi\u00f3n.<\/p>\n","protected":false},"excerpt":{"rendered":"<p>Un peat\u00f3n fue atropellado por un autom\u00f3vil en el \u00e1rea de Orange Grove Boulevard y Rosemont Avenue el mi\u00e9rcoles por la noche poco antes de las 7 p.m., dijo la polic\u00eda. Los oficiales llamaron a la escena por testigos que encontraron a un hombre inconsciente en la calle y en una condici\u00f3n muy grave, seg\u00fan el teniente de la polic\u00eda de Pasadena, Rudy Lemos. El hombre fue transportado a un hospital local para recibir tratamiento por sus heridas, pero se [&hellip;]<\/p>\n","protected":false},"author":4,"featured_media":0,"comment_status":"open","ping_status":"closed","sticky":false,"template":"","format":"standard","meta":[],"categories":[4],"tags":[],"acf":[],"_links":{"self":[{"href":"http:\/\/www.pasadenahoy.com\/primero\/wp-json\/wp\/v2\/posts\/14414"}],"collection":[{"href":"http:\/\/www.pasadenahoy.com\/primero\/wp-json\/wp\/v2\/posts"}],"about":[{"href":"http:\/\/www.pasadenahoy.com\/primero\/wp-json\/wp\/v2\/types\/post"}],"author":[{"embeddable":true,"href":"http:\/\/www.pasadenahoy.com\/primero\/wp-json\/wp\/v2\/users\/4"}],"replies":[{"embeddable":true,"href":"http:\/\/www.pasadenahoy.com\/primero\/wp-json\/wp\/v2\/comments?post=14414"}],"version-history":[{"count":2,"href":"http:\/\/www.pasadenahoy.com\/primero\/wp-json\/wp\/v2\/posts\/14414\/revisions"}],"predecessor-version":[{"id":14417,"href":"http:\/\/www.pasadenahoy.com\/primero\/wp-json\/wp\/v2\/posts\/14414\/revisions\/14417"}],"wp:attachment":[{"href":"http:\/\/www.pasadenahoy.com\/primero\/wp-json\/wp\/v2\/media?parent=14414"}],"wp:term":[{"taxonomy":"category","embeddable":true,"href":"http:\/\/www.pasadenahoy.com\/primero\/wp-json\/wp\/v2\/categories?post=14414"},{"taxonomy":"post_tag","embeddable":true,"href":"http:\/\/www.pasadenahoy.com\/primero\/wp-json\/wp\/v2\/tags?post=14414"}],"curies":[{"name":"wp","href":"https:\/\/api.w.org\/{rel}","templated":true}]}}