{"id":14427,"date":"2022-02-11T15:20:30","date_gmt":"2022-02-11T15:20:30","guid":{"rendered":"http:\/\/www.pasadenahoy.com\/primero\/?p=14427"},"modified":"2022-02-11T15:44:54","modified_gmt":"2022-02-11T15:44:54","slug":"la-junta-escolar-de-pasadena-acepta-el-mapa-final-de-redistribucion-de-distritos-de-la-comision","status":"publish","type":"post","link":"http:\/\/www.pasadenahoy.com\/primero\/la-comunidad\/la-junta-escolar-de-pasadena-acepta-el-mapa-final-de-redistribucion-de-distritos-de-la-comision\/","title":{"rendered":"La Junta Escolar de Pasadena acepta el mapa final de redistribuci\u00f3n de distritos de la Comisi\u00f3n"},"content":{"rendered":"\n<figure class=\"wp-block-image alignnone size-large\"><figure class=\"alignnone\"><img loading=\"lazy\" width=\"700\" height=\"378\" src=\"http:\/\/www.pasadenahoy.com\/primero\/wp-content\/uploads\/2022\/02\/pic-1-2.png\" alt=\"\" class=\"wp-image-14430\" srcset=\"http:\/\/www.pasadenahoy.com\/primero\/wp-content\/uploads\/2022\/02\/pic-1-2.png 700w, http:\/\/www.pasadenahoy.com\/primero\/wp-content\/uploads\/2022\/02\/pic-1-2-300x162.png 300w, http:\/\/www.pasadenahoy.com\/primero\/wp-content\/uploads\/2022\/02\/pic-1-2-241x130.png 241w, http:\/\/www.pasadenahoy.com\/primero\/wp-content\/uploads\/2022\/02\/pic-1-2-333x180.png 333w, http:\/\/www.pasadenahoy.com\/primero\/wp-content\/uploads\/2022\/02\/pic-1-2-360x194.png 360w\" sizes=\"100vw\" \/><\/figure><\/figure>\n\n\n\n<p>La Junta de Educaci\u00f3n del Distrito Escolar Unificado de Pasadena recibi\u00f3 el jueves de la Comisi\u00f3n de Redistribuci\u00f3n de Distritos el mapa final que describe los l\u00edmites de cada distrito electoral para la pr\u00f3xima d\u00e9cada.<\/p>\n\n\n\n<p>La redistribuci\u00f3n de distritos se realiza cada 10 a\u00f1os utilizando los datos del censo de EE. UU. para crear distritos electorales que contengan aproximadamente la misma cantidad de personas.<\/p>\n\n\n\n<p>Durante su reuni\u00f3n del jueves, la junta escolar vot\u00f3 4-2 para recibir el mapa final de la comisi\u00f3n, que se identifica como el \u201cmapa verde\u201d. Los miembros de la junta, Kimberly Kenne y Michelle Richardson Bailey, votaron negativamente en contra de la moci\u00f3n.<\/p>\n\n\n\n<p>\u201cLamento no poder apoyar este mapa. Este fue un proceso r\u00e1pido\u201d, dijo Kenne. \u201cLos mapas se crearon en menos de una semana y la participaci\u00f3n del p\u00fablico fue limitada\u201d.<\/p>\n\n\n\n<p>Kenne reiter\u00f3 que los cambios en los mapas podr\u00edan afectar a las comunidades de inter\u00e9s y privar de sus derechos a miles de votantes.<\/p>\n\n\n\n<p>\u201cEste mapa mueve a casi 20,000 residentes de un distrito a otro, incluidos casi 7,400 residentes que cambiar\u00edan de votar en 2022 a 2024, lo que resulta en siete a\u00f1os desde la \u00faltima vez que tuvieron la oportunidad de votar por la junta escolar\u201d.<\/p>\n\n\n\n<p>En la misma reuni\u00f3n, el miembro de la junta Patrick Cahalan present\u00f3 una moci\u00f3n para permitir que la junta realice cambios en el mapa propuesto. Sin embargo, su propuesta no logr\u00f3 obtener los dos tercios de los votos requeridos.<\/p>\n\n\n\n<p>El \u201cmapa verde\u201d aprobado por la Comisi\u00f3n de Redistribuci\u00f3n de Distritos establece el Distrito 1 con una poblaci\u00f3n total de 29,249, el Distrito 2 con una poblaci\u00f3n de 29,352, el Distrito 3 con una poblaci\u00f3n de 29,277, el Distrito 4 con una poblaci\u00f3n de 29,243, el Distrito 5 con una poblaci\u00f3n de 29,274, Distrito 6 con una poblaci\u00f3n de 28,988 y Distrito 7 con una poblaci\u00f3n de 29,457.<\/p>\n\n\n\n<p>Brenda Morales, coordinadora de proyectos de la consultora Allegra Consulting, dijo que menos del 10 por ciento de la poblaci\u00f3n del PUSD ser\u00e1 trasladada de un distrito a otro una vez que se implemente el mapa.<\/p>\n\n\n\n<p>La Comisi\u00f3n de Redistribuci\u00f3n de Distritos de nueve miembros se estableci\u00f3 el 29 de julio de 2021, con la directiva de equilibrar las poblaciones entre los distritos existentes dentro del PUSD.<\/p>\n\n\n\n<p>La miembro de la Comisi\u00f3n de redistribuci\u00f3n de distritos, Allisonne Crawford, dijo que la comisi\u00f3n se reuni\u00f3 dos veces al mes de agosto a febrero y celebr\u00f3 cuatro audiencias p\u00fablicas para recopilar opiniones p\u00fablicas sobre los escenarios de mapeo para cumplir con la fecha l\u00edmite del 28 de febrero para presentar nuevos l\u00edmites a la junta del PUSD.<\/p>\n\n\n\n<p>La comisi\u00f3n devolver\u00e1 el &#8220;mapa verde&#8221; para su aprobaci\u00f3n formal por parte de la junta escolar del PUSD el 24 de febrero. El mapa aprobado se enviar\u00e1 al condado de Los \u00c1ngeles antes del 1 de marzo.<\/p>\n\n\n\n<p>El mapa final de la comisi\u00f3n se puede ver aqu\u00ed:<\/p>\n\n\n\n<p><a href=\"https:\/\/www.pusd.us\/cms\/lib\/CA01901115\/Centricity\/Domain\/48\/PUSD_Green_Scenario_Map_v5.pdf\">https:\/\/www.pusd.us\/cms\/lib\/CA01901115\/Centricity\/Domain\/48\/PUSD_Green_Scenario_Map_v5.pdf<\/a><\/p>\n","protected":false},"excerpt":{"rendered":"<p>La Junta de Educaci\u00f3n del Distrito Escolar Unificado de Pasadena recibi\u00f3 el jueves de la Comisi\u00f3n de Redistribuci\u00f3n de Distritos el mapa final que describe los l\u00edmites de cada distrito electoral para la pr\u00f3xima d\u00e9cada. La redistribuci\u00f3n de distritos se realiza cada 10 a\u00f1os utilizando los datos del censo de EE. UU. para crear distritos electorales que contengan aproximadamente la misma cantidad de personas. Durante su reuni\u00f3n del jueves, la junta escolar vot\u00f3 4-2 para recibir el mapa final de [&hellip;]<\/p>\n","protected":false},"author":4,"featured_media":14430,"comment_status":"open","ping_status":"closed","sticky":false,"template":"","format":"standard","meta":[],"categories":[4],"tags":[],"acf":[],"_links":{"self":[{"href":"http:\/\/www.pasadenahoy.com\/primero\/wp-json\/wp\/v2\/posts\/14427"}],"collection":[{"href":"http:\/\/www.pasadenahoy.com\/primero\/wp-json\/wp\/v2\/posts"}],"about":[{"href":"http:\/\/www.pasadenahoy.com\/primero\/wp-json\/wp\/v2\/types\/post"}],"author":[{"embeddable":true,"href":"http:\/\/www.pasadenahoy.com\/primero\/wp-json\/wp\/v2\/users\/4"}],"replies":[{"embeddable":true,"href":"http:\/\/www.pasadenahoy.com\/primero\/wp-json\/wp\/v2\/comments?post=14427"}],"version-history":[{"count":4,"href":"http:\/\/www.pasadenahoy.com\/primero\/wp-json\/wp\/v2\/posts\/14427\/revisions"}],"predecessor-version":[{"id":14432,"href":"http:\/\/www.pasadenahoy.com\/primero\/wp-json\/wp\/v2\/posts\/14427\/revisions\/14432"}],"wp:featuredmedia":[{"embeddable":true,"href":"http:\/\/www.pasadenahoy.com\/primero\/wp-json\/wp\/v2\/media\/14430"}],"wp:attachment":[{"href":"http:\/\/www.pasadenahoy.com\/primero\/wp-json\/wp\/v2\/media?parent=14427"}],"wp:term":[{"taxonomy":"category","embeddable":true,"href":"http:\/\/www.pasadenahoy.com\/primero\/wp-json\/wp\/v2\/categories?post=14427"},{"taxonomy":"post_tag","embeddable":true,"href":"http:\/\/www.pasadenahoy.com\/primero\/wp-json\/wp\/v2\/tags?post=14427"}],"curies":[{"name":"wp","href":"https:\/\/api.w.org\/{rel}","templated":true}]}}