{"id":14433,"date":"2022-02-11T15:24:25","date_gmt":"2022-02-11T15:24:25","guid":{"rendered":"http:\/\/www.pasadenahoy.com\/primero\/?p=14433"},"modified":"2022-02-11T15:24:26","modified_gmt":"2022-02-11T15:24:26","slug":"grupo-de-enfoque-encuentra-que-los-votantes-no-tienen-fe-en-la-respuesta-del-condado-de-los-angeles-a-la-falta-de-vivienda","status":"publish","type":"post","link":"http:\/\/www.pasadenahoy.com\/primero\/la-comunidad\/grupo-de-enfoque-encuentra-que-los-votantes-no-tienen-fe-en-la-respuesta-del-condado-de-los-angeles-a-la-falta-de-vivienda\/","title":{"rendered":"Grupo de enfoque encuentra que los votantes no tienen fe en la respuesta del condado de Los \u00c1ngeles a la falta de vivienda"},"content":{"rendered":"\n<figure class=\"wp-block-image alignnone size-large\"><figure class=\"alignnone\"><img loading=\"lazy\" width=\"700\" height=\"378\" src=\"http:\/\/www.pasadenahoy.com\/primero\/wp-content\/uploads\/2022\/02\/pic-2-6.jpg\" alt=\"\" class=\"wp-image-14434\" srcset=\"http:\/\/www.pasadenahoy.com\/primero\/wp-content\/uploads\/2022\/02\/pic-2-6.jpg 700w, http:\/\/www.pasadenahoy.com\/primero\/wp-content\/uploads\/2022\/02\/pic-2-6-300x162.jpg 300w, http:\/\/www.pasadenahoy.com\/primero\/wp-content\/uploads\/2022\/02\/pic-2-6-241x130.jpg 241w, http:\/\/www.pasadenahoy.com\/primero\/wp-content\/uploads\/2022\/02\/pic-2-6-333x180.jpg 333w, http:\/\/www.pasadenahoy.com\/primero\/wp-content\/uploads\/2022\/02\/pic-2-6-360x194.jpg 360w\" sizes=\"100vw\" \/><\/figure><\/figure>\n\n\n\n<p>Seg\u00fan un grupo de enfoque de votantes realizado en Pasadena, Encino y el lado oeste de Los \u00c1ngeles, la falta de vivienda es el problema m\u00e1s importante para los votantes del condado de Los \u00c1ngeles.<\/p>\n\n\n\n<p>Con las pr\u00f3ximas elecciones locales en junio y noviembre de este a\u00f1o, una coalici\u00f3n de l\u00edderes c\u00edvicos public\u00f3 los resultados de un estudio de grupo focal el jueves que encontr\u00f3 que los votantes del condado de Los \u00c1ngeles tienen una total falta de fe en la ciudad y el condado de Los \u00c1ngeles para abordar la crisis de personas sin hogar.<\/p>\n\n\n\n<p>El Comit\u00e9 para el Gran L.A. realiz\u00f3 seis grupos de enfoque con 39 personas entre el 13 y el 16 de diciembre y descubri\u00f3 que la falta de vivienda es el problema m\u00e1s importante para los votantes del condado de Los \u00c1ngeles.<\/p>\n\n\n\n<p>\u201cHay una falta de fe absoluta, total, completa, sin excepci\u00f3n, en el gobierno de la ciudad y el condado para abordar la falta de vivienda\u201d, dijo el consultor de pol\u00edticas p\u00fablicas Darry Sragow durante una sesi\u00f3n informativa del grupo de enfoque del Comit\u00e9 para el Gran Los \u00c1ngeles el mi\u00e9rcoles.<\/p>\n\n\n\n<p>\u201cEn todos los a\u00f1os que he visto grupos focales o dirigido grupos focales, son cientos, he estado haciendo esto durante d\u00e9cadas, nunca hab\u00eda visto este tipo de consistencia en los resultados de los grupos focales\u201d.<\/p>\n\n\n\n<p>\u201cLlevo aqu\u00ed 35 a\u00f1os, y en los \u00faltimos cinco a\u00f1os, la degradaci\u00f3n de la vida en Los \u00c1ngeles es exponencial y no veo el final. Los pol\u00edticos son tontos\u201d, dijo un votante blanco que participaba en el grupo de enfoque, seg\u00fan el Comit\u00e9 para el Gran L.A.<\/p>\n\n\n\n<p>El grupo descubri\u00f3 que los votantes del \u00e1rea de Los \u00c1ngeles se encuentran con personas sin hogar a lo largo de su vida diaria, dijo Sragow durante una sesi\u00f3n informativa el jueves sobre los resultados de los grupos de enfoque.<\/p>\n\n\n\n<p>\u201cCuando vas a la tienda, cuando tus hijos van a la escuela, cuando vas al trabajo, cuando vas a dar un paseo. Lo que. La falta de vivienda est\u00e1 esencialmente en todas partes, y decir que los votantes est\u00e1n frustrados por el problema es una gran subestimaci\u00f3n, pero es importante entender qu\u00e9 los frustra y cu\u00e1les son sus expectativas\u201d, agreg\u00f3.<\/p>\n\n\n\n<p>Los grupos focales tambi\u00e9n revelaron las impresiones de los votantes sobre la poblaci\u00f3n sin hogar en Los \u00c1ngeles, creyendo que la poblaci\u00f3n sin hogar consta de cuatro grupos de personas: aquellos con enfermedades mentales graves, aquellos con problemas de adicci\u00f3n, aquellos que pueden trabajar pero prefieren vivir afuera y personas que han ca\u00eddo en tiempos dif\u00edciles debido a la econom\u00eda.<\/p>\n\n\n\n<p>El Comit\u00e9 para el \u00c1rea Metropolitana de Los \u00c1ngeles tambi\u00e9n encontr\u00f3 que los votantes expresaron empat\u00eda por la poblaci\u00f3n sin hogar, junto con miedo hacia ellos y \u201cdisgusto\u201d hacia los campamentos, dijo Sragow.<\/p>\n\n\n\n<p>\u201cMe encuentro con uno o dos todos los d\u00edas y me pregunto: \u2018Este es el hijo de alguien. \u00bfRechaz\u00f3 la ayuda?\u2019 \u00bfC\u00f3mo puedes ayudarlos? Les estamos fallando\u201d, dijo un votante latino en un grupo de enfoque, seg\u00fan el Comit\u00e9 para el Gran L.A.<\/p>\n\n\n\n<p>Los votantes en los grupos de enfoque tambi\u00e9n se opusieron a m\u00e1s impuestos para resolver el problema, y \u200b\u200blas personas se\u00f1alaron que no han sentido ning\u00fan progreso en la crisis de personas sin hogar luego de medidas como la Proposici\u00f3n HHH.<\/p>\n\n\n\n<p>\u201cFrancamente, piensan que el dinero est\u00e1 terminando en los bolsillos de la gente\u201d, dijo Sragow, y se\u00f1al\u00f3 que los participantes sab\u00edan que algunos funcionarios electos de Los \u00c1ngeles hab\u00edan sido condenados y acusados \u200b\u200bde esc\u00e1ndalos de corrupci\u00f3n.<\/p>\n\n\n\n<p>Los participantes de los grupos focales se mostraron receptivos a la idea de una organizaci\u00f3n independiente, sin funcionarios electos, convocada para abordar la crisis, junto con un plan realista con metas que se pueden medir.<\/p>\n\n\n\n<p>\u201cNo esperan que la falta de vivienda se erradique por completo, simplemente no es as\u00ed. Pero quieren ver un progreso sustancial\u201d, dijo Sragow.<\/p>\n\n\n\n<p>El consejo de Sragow para las personas que se postulan para cargos electos en el \u00e1rea de Los \u00c1ngeles es &#8220;tomar en serio&#8221; las opiniones de los votantes sobre la crisis.<\/p>\n\n\n\n<p>\u201cEsta es una situaci\u00f3n en la que hemos escuchado una y otra vez que los votantes son sofisticados al respecto, entienden lo que est\u00e1 pasando, son emp\u00e1ticos, pero est\u00e1n cansados \u200b\u200bde tener miedo, est\u00e1n cansados \u200b\u200bde estar disgustados, no estamos cansados \u200b\u200bde que sus funcionarios electos no resuelvan el problema\u201d.<\/p>\n\n\n\n<p>Peter Laugharn, presidente de la Fundaci\u00f3n Conrad Hilton, abog\u00f3 por que los funcionarios se centren en la vivienda permanente y los servicios de apoyo para resolver el problema y dijo que &#8220;sabemos lo que funciona&#8221;, pero se\u00f1al\u00f3 que es necesario mejorar la coordinaci\u00f3n y la rendici\u00f3n de cuentas para que el progreso sea hecho.<\/p>\n","protected":false},"excerpt":{"rendered":"<p>Seg\u00fan un grupo de enfoque de votantes realizado en Pasadena, Encino y el lado oeste de Los \u00c1ngeles, la falta de vivienda es el problema m\u00e1s importante para los votantes del condado de Los \u00c1ngeles. Con las pr\u00f3ximas elecciones locales en junio y noviembre de este a\u00f1o, una coalici\u00f3n de l\u00edderes c\u00edvicos public\u00f3 los resultados de un estudio de grupo focal el jueves que encontr\u00f3 que los votantes del condado de Los \u00c1ngeles tienen una total falta de fe en [&hellip;]<\/p>\n","protected":false},"author":4,"featured_media":14434,"comment_status":"open","ping_status":"closed","sticky":false,"template":"","format":"standard","meta":[],"categories":[4],"tags":[],"acf":[],"_links":{"self":[{"href":"http:\/\/www.pasadenahoy.com\/primero\/wp-json\/wp\/v2\/posts\/14433"}],"collection":[{"href":"http:\/\/www.pasadenahoy.com\/primero\/wp-json\/wp\/v2\/posts"}],"about":[{"href":"http:\/\/www.pasadenahoy.com\/primero\/wp-json\/wp\/v2\/types\/post"}],"author":[{"embeddable":true,"href":"http:\/\/www.pasadenahoy.com\/primero\/wp-json\/wp\/v2\/users\/4"}],"replies":[{"embeddable":true,"href":"http:\/\/www.pasadenahoy.com\/primero\/wp-json\/wp\/v2\/comments?post=14433"}],"version-history":[{"count":2,"href":"http:\/\/www.pasadenahoy.com\/primero\/wp-json\/wp\/v2\/posts\/14433\/revisions"}],"predecessor-version":[{"id":14436,"href":"http:\/\/www.pasadenahoy.com\/primero\/wp-json\/wp\/v2\/posts\/14433\/revisions\/14436"}],"wp:featuredmedia":[{"embeddable":true,"href":"http:\/\/www.pasadenahoy.com\/primero\/wp-json\/wp\/v2\/media\/14434"}],"wp:attachment":[{"href":"http:\/\/www.pasadenahoy.com\/primero\/wp-json\/wp\/v2\/media?parent=14433"}],"wp:term":[{"taxonomy":"category","embeddable":true,"href":"http:\/\/www.pasadenahoy.com\/primero\/wp-json\/wp\/v2\/categories?post=14433"},{"taxonomy":"post_tag","embeddable":true,"href":"http:\/\/www.pasadenahoy.com\/primero\/wp-json\/wp\/v2\/tags?post=14433"}],"curies":[{"name":"wp","href":"https:\/\/api.w.org\/{rel}","templated":true}]}}