{"id":14441,"date":"2022-02-11T15:32:42","date_gmt":"2022-02-11T15:32:42","guid":{"rendered":"http:\/\/www.pasadenahoy.com\/primero\/?p=14441"},"modified":"2022-02-11T15:32:43","modified_gmt":"2022-02-11T15:32:43","slug":"clima-inusualmente-calido-alcanza-su-punto-maximo-el-viernes-permanecera-durante-el-fin-de-semana","status":"publish","type":"post","link":"http:\/\/www.pasadenahoy.com\/primero\/la-comunidad\/clima-inusualmente-calido-alcanza-su-punto-maximo-el-viernes-permanecera-durante-el-fin-de-semana\/","title":{"rendered":"Clima inusualmente c\u00e1lido alcanza su punto m\u00e1ximo el viernes, permanecer\u00e1 durante el fin de semana"},"content":{"rendered":"\n<figure class=\"wp-block-image alignnone size-large\"><figure class=\"alignnone\"><img loading=\"lazy\" width=\"700\" height=\"378\" src=\"http:\/\/www.pasadenahoy.com\/primero\/wp-content\/uploads\/2022\/02\/pic-4-5.jpg\" alt=\"\" class=\"wp-image-14442\" srcset=\"http:\/\/www.pasadenahoy.com\/primero\/wp-content\/uploads\/2022\/02\/pic-4-5.jpg 700w, http:\/\/www.pasadenahoy.com\/primero\/wp-content\/uploads\/2022\/02\/pic-4-5-300x162.jpg 300w, http:\/\/www.pasadenahoy.com\/primero\/wp-content\/uploads\/2022\/02\/pic-4-5-241x130.jpg 241w, http:\/\/www.pasadenahoy.com\/primero\/wp-content\/uploads\/2022\/02\/pic-4-5-333x180.jpg 333w, http:\/\/www.pasadenahoy.com\/primero\/wp-content\/uploads\/2022\/02\/pic-4-5-360x194.jpg 360w\" sizes=\"100vw\" \/><\/figure><\/figure>\n\n\n\n<p>Los meteor\u00f3logos enfriaron un poco las predicciones sobre la ola de clima c\u00e1lido que azot\u00f3 a Pasadena esta semana, y ahora dicen que los 87 grados de hoy deber\u00edan ser el d\u00eda m\u00e1s caluroso antes de que el enfriamiento gradual conduzca a un martes posiblemente h\u00famedo.<\/p>\n\n\n\n<p>El fin de semana deber\u00eda ser claro y c\u00e1lido para esta \u00e9poca del a\u00f1o: 86 en ambos d\u00edas, dicen ahora los meteor\u00f3logos del Servicio Meteorol\u00f3gico Nacional.<\/p>\n\n\n\n<p>Un aviso de calor permanece vigente hasta las 6 p.m. Domingo para Pasadena.<\/p>\n\n\n\n<p>El calor podr\u00eda establecer un r\u00e9cord para la temperatura inicial m\u00e1s alta en un Super Bowl. El r\u00e9cord actual es de 84 grados, establecido en Los Angeles Memorial Coliseum en 1973. Se pronostica que las temperaturas en el SoFi Stadium en Inglewood el domingo por la tarde estar\u00e1n entre los 80 y los 80 grados.<\/p>\n\n\n\n<p>El NWS se\u00f1al\u00f3 que &#8220;el clima perfecto de postal se exhibir\u00e1 el domingo para cualquiera que vea la costa de Los \u00c1ngeles en sus televisores&#8221;.<\/p>\n\n\n\n<p>Un sistema de tormentas podr\u00eda caer en la regi\u00f3n a principios de la pr\u00f3xima semana y traer lluvia y nieve de monta\u00f1a y r\u00e1fagas de viento del norte a la regi\u00f3n.<\/p>\n\n\n\n<p>\u201cMucho m\u00e1s fresco el lunes y luego m\u00e1s nublado y m\u00e1s fr\u00edo con una ligera probabilidad de lluvia el martes\u201d, dijeron los meteor\u00f3logos del NWS.<\/p>\n\n\n\n<p>Aqu\u00ed hay una perspectiva detallada del NWS para los pr\u00f3ximos cinco d\u00edas:<\/p>\n\n\n\n<p>En la Noche: Mayormente despejado, la m\u00ednima alrededor de 57. Viento del noreste alrededor de 5 mph.<\/p>\n\n\n\n<p>Viernes: Soleado, la m\u00e1xima alrededor de 87. Viento del noreste de 5 a 10 mph y luego llegar\u00e1 del sur por la tarde.<\/p>\n\n\n\n<p>Vie. por la Noche: Mayormente despejado, la m\u00ednima alrededor de 57. Viento del este noreste alrededor de 5 mph.<\/p>\n\n\n\n<p>S\u00e1bado: Soleado, la m\u00e1xima alrededor de 86. Viento del este sureste de 5 a 10 mph.<\/p>\n\n\n\n<p>S\u00e1b. por la Noche: Mayormente despejado, la m\u00ednima alrededor de 58. Viento del noreste alrededor de 5 mph.<\/p>\n\n\n\n<p>Domingo: Soleado, la m\u00e1xima alrededor de 86.<\/p>\n\n\n\n<p>Dom. por la Noche: Mayormente despejado, la m\u00ednima alrededor de 56.<\/p>\n\n\n\n<p>Lunes: Soleado, la m\u00e1xima alrededor de 78.<\/p>\n\n\n\n<p>Lun. por la Noche: Medio nublado, la m\u00ednima alrededor de 50.<\/p>\n\n\n\n<p>Martes: Una probabilidad de lluvia, principalmente entre 10am y 4pm. Parcialmente soleado, la m\u00e1xima alrededor de 62.<\/p>\n\n\n\n<p>Mar. por la Noche: Poca probabilidad de lluvia. Medio nublado, la m\u00ednima alrededor de 42.<\/p>\n\n\n\n<p>Mi\u00e9rcoles: Soleado, la m\u00e1xima alrededor de 67.<\/p>\n\n\n\n<p>por la Noche: Mayormente despejado, la m\u00ednima alrededor de 45.<\/p>\n\n\n\n<p>Jueves: Soleado, la m\u00e1xima alrededor de 71.<\/p>\n","protected":false},"excerpt":{"rendered":"<p>Los meteor\u00f3logos enfriaron un poco las predicciones sobre la ola de clima c\u00e1lido que azot\u00f3 a Pasadena esta semana, y ahora dicen que los 87 grados de hoy deber\u00edan ser el d\u00eda m\u00e1s caluroso antes de que el enfriamiento gradual conduzca a un martes posiblemente h\u00famedo. El fin de semana deber\u00eda ser claro y c\u00e1lido para esta \u00e9poca del a\u00f1o: 86 en ambos d\u00edas, dicen ahora los meteor\u00f3logos del Servicio Meteorol\u00f3gico Nacional. Un aviso de calor permanece vigente hasta las [&hellip;]<\/p>\n","protected":false},"author":4,"featured_media":0,"comment_status":"open","ping_status":"closed","sticky":false,"template":"","format":"standard","meta":[],"categories":[4],"tags":[],"acf":[],"_links":{"self":[{"href":"http:\/\/www.pasadenahoy.com\/primero\/wp-json\/wp\/v2\/posts\/14441"}],"collection":[{"href":"http:\/\/www.pasadenahoy.com\/primero\/wp-json\/wp\/v2\/posts"}],"about":[{"href":"http:\/\/www.pasadenahoy.com\/primero\/wp-json\/wp\/v2\/types\/post"}],"author":[{"embeddable":true,"href":"http:\/\/www.pasadenahoy.com\/primero\/wp-json\/wp\/v2\/users\/4"}],"replies":[{"embeddable":true,"href":"http:\/\/www.pasadenahoy.com\/primero\/wp-json\/wp\/v2\/comments?post=14441"}],"version-history":[{"count":2,"href":"http:\/\/www.pasadenahoy.com\/primero\/wp-json\/wp\/v2\/posts\/14441\/revisions"}],"predecessor-version":[{"id":14444,"href":"http:\/\/www.pasadenahoy.com\/primero\/wp-json\/wp\/v2\/posts\/14441\/revisions\/14444"}],"wp:attachment":[{"href":"http:\/\/www.pasadenahoy.com\/primero\/wp-json\/wp\/v2\/media?parent=14441"}],"wp:term":[{"taxonomy":"category","embeddable":true,"href":"http:\/\/www.pasadenahoy.com\/primero\/wp-json\/wp\/v2\/categories?post=14441"},{"taxonomy":"post_tag","embeddable":true,"href":"http:\/\/www.pasadenahoy.com\/primero\/wp-json\/wp\/v2\/tags?post=14441"}],"curies":[{"name":"wp","href":"https:\/\/api.w.org\/{rel}","templated":true}]}}