{"id":14445,"date":"2022-02-11T15:37:02","date_gmt":"2022-02-11T15:37:02","guid":{"rendered":"http:\/\/www.pasadenahoy.com\/primero\/?p=14445"},"modified":"2022-02-11T15:37:03","modified_gmt":"2022-02-11T15:37:03","slug":"pasadena-informa-4-muertes-relacionadas-con-covid-19","status":"publish","type":"post","link":"http:\/\/www.pasadenahoy.com\/primero\/la-comunidad\/pasadena-informa-4-muertes-relacionadas-con-covid-19\/","title":{"rendered":"Pasadena informa 4 muertes relacionadas con COVID-19"},"content":{"rendered":"\n<figure class=\"wp-block-image alignnone size-large\"><figure class=\"alignnone\"><img loading=\"lazy\" width=\"700\" height=\"378\" src=\"http:\/\/www.pasadenahoy.com\/primero\/wp-content\/uploads\/2022\/02\/pic-5-6.jpg\" alt=\"\" class=\"wp-image-14446\" srcset=\"http:\/\/www.pasadenahoy.com\/primero\/wp-content\/uploads\/2022\/02\/pic-5-6.jpg 700w, http:\/\/www.pasadenahoy.com\/primero\/wp-content\/uploads\/2022\/02\/pic-5-6-300x162.jpg 300w, http:\/\/www.pasadenahoy.com\/primero\/wp-content\/uploads\/2022\/02\/pic-5-6-241x130.jpg 241w, http:\/\/www.pasadenahoy.com\/primero\/wp-content\/uploads\/2022\/02\/pic-5-6-333x180.jpg 333w, http:\/\/www.pasadenahoy.com\/primero\/wp-content\/uploads\/2022\/02\/pic-5-6-360x194.jpg 360w\" sizes=\"100vw\" \/><\/figure><\/figure>\n\n\n\n<p>En el contexto de una disminuci\u00f3n constante de nuevos casos confirmados de coronavirus en Pasadena, los funcionarios de la ciudad informaron que cuatro habitantes de Pasadena infectados murieron en enero.<\/p>\n\n\n\n<p>\u201cUno de estos casos fue un caso de instalaciones, los otros tres fueron de la comunidad. Tres de ellos eran hombres de entre 80 y 90 a\u00f1os. La cuarta era una mujer de unos 30 a\u00f1os con un estado de vacunaci\u00f3n desconocido\u201d, dijo la portavoz de la ciudad, Lisa Derderian.<\/p>\n\n\n\n<p>Las muertes elevan a 389 el n\u00famero de residentes de Pasadena cuyas muertes se atribuyeron al COVID-019 desde el comienzo de la pandemia.<\/p>\n\n\n\n<p>El jueves, los funcionarios de salud de la ciudad informaron 53 casos nuevos confirmados y 4 probables de COVID en los habitantes de Pasadena. El n\u00famero diario de casos nuevos contin\u00faa cayendo. Recientemente, a fines de enero y principios de febrero, se informaron cientos de casos nuevos todos los d\u00edas.<\/p>\n\n\n\n<p>El Hospital Huntington dijo que estaba atendiendo a 45 pacientes que dieron positivo por COVID hasta el jueves. Nueve de esos pacientes estaban en la UCI, una ca\u00edda desde los m\u00e1ximos recientes de dos d\u00edgitos.<\/p>\n\n\n\n<p>El n\u00famero de pacientes con COVID-19 positivo en los hospitales del condado de Los \u00c1ngeles cay\u00f3 por debajo de 2500, lo que abri\u00f3 la puerta a un posible levantamiento del mandato de uso de m\u00e1scaras al aire libre del condado a partir de la pr\u00f3xima semana para grandes eventos, escuelas y guarder\u00edas.<\/p>\n\n\n\n<p>Seg\u00fan las \u00faltimas cifras estatales, hab\u00eda 2464 pacientes con COVID positivo en hospitales locales hasta el jueves, frente a los 2597 del mi\u00e9rcoles. De esos pacientes, 492 estaban siendo tratados en cuidados intensivos, una ca\u00edda con respecto a los 528 del d\u00eda anterior.<\/p>\n\n\n\n<p>Seg\u00fan las pautas anunciadas la semana pasada por la directora de salud p\u00fablica del condado, B\u00e1rbara Ferrer, si el n\u00famero de hospitalizaciones se mantiene por debajo de 2500 durante siete d\u00edas consecutivos, el condado considerar\u00e1 que est\u00e1 entrando en una fase de &#8220;post-aumento&#8221; y levantar\u00e1 su mandato de uso de mascarillas al aire libre. \u201cmega-eventos\u201d y al aire libre en escuelas y guarder\u00edas.<\/p>\n\n\n\n<p>Ferrer dijo el jueves que, en ausencia de un aumento repentino en las hospitalizaciones, el mandato de m\u00e1scaras para exteriores podr\u00eda levantarse el pr\u00f3ximo mi\u00e9rcoles.<\/p>\n\n\n\n<p>\u201cQuiero enfatizar que &#8216;post-oleada&#8217; no significa que la pandemia haya terminado o que la transmisi\u00f3n sea baja o que no habr\u00e1 olas adicionales impredecibles o oleadas en el futuro que requerir\u00e1n medidas integradas de salud p\u00fablica\u201d, dijo Ferrer el jueves. \u201cM\u00e1s bien, reconoce que nos estamos estabilizando con disminuciones constantes desde el pico de aumento y realinea nuestra respuesta actual de salud p\u00fablica para satisfacer las necesidades actuales de salud p\u00fablica\u201d.<\/p>\n\n\n\n<p>Si bien los requisitos de enmascaramiento en exteriores podr\u00edan levantarse la pr\u00f3xima semana, el mandato de enmascaramiento en interiores permanecer\u00e1 vigente hasta que se cumplan criterios mucho m\u00e1s estrictos. Eso es a pesar de que el estado planea levantar su requisito de m\u00e1scara para interiores para las personas vacunadas la pr\u00f3xima semana.<\/p>\n\n\n\n<p>Seg\u00fan Ferrer, la regla del uso de mascarillas en interiores del condado no se levantar\u00e1 hasta que la tasa de transmisi\u00f3n del virus del condado caiga al nivel &#8220;moderado&#8221; seg\u00fan lo definido por los Centros para el Control y la Prevenci\u00f3n de Enfermedades de EE. UU. durante dos semanas consecutivas, o hasta que las vacunas contra el COVID est\u00e9n disponibles. a ni\u00f1os menores de 5 a\u00f1os durante ocho semanas.<\/p>\n\n\n\n<p>Alcanzar la designaci\u00f3n &#8220;moderada&#8221; de los CDC requiere que el condado tenga una tasa acumulativa de casos nuevos de siete d\u00edas de menos de 50 por cada 100,000 residentes. Seg\u00fan el sitio web de los CDC, la tasa del condado era de 622 por 100,000 a partir del jueves. Eso es menos que 1,098 por cada 100,000 residentes el lunes.<\/p>\n\n\n\n<p>Ferrer dijo que la tasa del condado ha estado cayendo aproximadamente un 3,5 % todos los d\u00edas, y si ese ritmo contin\u00faa, el condado podr\u00eda alcanzar el nivel de transmisi\u00f3n &#8220;moderado&#8221; en 25 a 30 d\u00edas. Si es as\u00ed, el mandato de m\u00e1scara interior podr\u00eda levantarse potencialmente a fines de marzo.<\/p>\n\n\n\n<p>Tambi\u00e9n se\u00f1al\u00f3 que las vacunas para ni\u00f1os menores de 5 a\u00f1os podr\u00edan aprobarse potencialmente a fines de febrero.<\/p>\n\n\n\n<p>La supervisora \u200b\u200bdel condado, Kathryn Barger, dijo nuevamente esta semana que los criterios eran demasiado estrictos y \u201cni siquiera realistas\u201d. Inst\u00f3 al condado a alinearse con el estado para disminuir la confusi\u00f3n entre los residentes. Sin embargo, los supervisores de su junta se contentaron con ce\u00f1irse a los criterios actuales.<\/p>\n\n\n\n<p>Ferrer reiter\u00f3 el jueves que cree que todav\u00eda es demasiado pronto para levantar el requisito de m\u00e1scara para interiores.<\/p>\n\n\n\n<p>\u201cMientras pensamos en las estrategias posteriores a la oleada que se implementar\u00e1n en breve, quiero se\u00f1alar que hemos permanecido abiertos durante esta oleada tan da\u00f1ina porque usamos un amplio conjunto de medidas de protecci\u00f3n que ayudaron a disminuir el impacto de Omicron\u201d, dijo. dijo, refiri\u00e9ndose a la variante COVID altamente transmisible. \u201cY vamos a tener que seguir usando algunas de estas estrategias despu\u00e9s del aumento\u201d.<\/p>\n\n\n\n<p>Se\u00f1al\u00f3 que los requisitos de verificaci\u00f3n o prueba de vacunas permanecer\u00e1n vigentes en los &#8220;megaeventos&#8221; en interiores y exteriores, y para las partes interiores de bares, restaurantes, clubes nocturnos, cervecer\u00edas y salones.<\/p>\n\n\n\n<p>El condado inform\u00f3 el jueves otras 81 muertes relacionadas con COVID. Ferrer se\u00f1al\u00f3 que si bien las tasas de casos y hospitalizaciones han disminuido, las muertes diarias siguen siendo altas.<\/p>\n\n\n\n<p>\u201cDurante los siete d\u00edas anteriores, hubo un promedio de 71 muertes reportadas cada d\u00eda. <\/p>\n\n\n\n<p>en el condado de Los \u00c1ngeles, similar al n\u00famero promedio de muertes reportadas en los siete d\u00edas anteriores\u201d, dijo. \u201cMe entristece ver a tantos residentes del condado de Los \u00c1ngeles que siguen perdiendo la vida por el COVID-19\u201d.<\/p>\n\n\n\n<p>Las nuevas muertes le dieron al condado un total pand\u00e9mico de 29,690.<\/p>\n\n\n\n<p>El jueves tambi\u00e9n se confirmaron otros 6,276 casos nuevos, lo que le da al condado un total acumulado de 2,746,866.<\/p>\n\n\n\n<p>La tasa diaria promedio de personas que dieron positivo por el virus fue del 4,7% hasta el jueves, una tasa que se ha mantenido estable todos los d\u00edas de esta semana.<\/p>\n\n\n\n<p>Las cifras m\u00e1s recientes muestran que, a partir del 6 de febrero, el 82 % de todos los residentes elegibles del condado mayores de 5 a\u00f1os han recibido al menos una dosis de la vacuna contra el COVID, el 73 % est\u00e1n completamente vacunados y el 35 % est\u00e1n completamente vacunados con una vacuna de refuerzo.<\/p>\n\n\n\n<p>Para la poblaci\u00f3n general del condado de alrededor de 10,3 millones de personas, el 78 % ha recibido al menos una dosis, el 70 % est\u00e1 completamente vacunado y el 33 % est\u00e1 vacunado y reforzado.<\/p>\n\n\n\n<p>Se\u00f1al\u00f3 que durante la semana que finaliz\u00f3 el 6 de febrero, el condado administr\u00f3 la menor cantidad de primeras dosis de vacunas desde que las vacunas estuvieron disponibles.<\/p>\n\n\n\n<p><\/p>\n","protected":false},"excerpt":{"rendered":"<p>En el contexto de una disminuci\u00f3n constante de nuevos casos confirmados de coronavirus en Pasadena, los funcionarios de la ciudad informaron que cuatro habitantes de Pasadena infectados murieron en enero. \u201cUno de estos casos fue un caso de instalaciones, los otros tres fueron de la comunidad. Tres de ellos eran hombres de entre 80 y 90 a\u00f1os. La cuarta era una mujer de unos 30 a\u00f1os con un estado de vacunaci\u00f3n desconocido\u201d, dijo la portavoz de la ciudad, Lisa Derderian. [&hellip;]<\/p>\n","protected":false},"author":4,"featured_media":0,"comment_status":"open","ping_status":"closed","sticky":false,"template":"","format":"standard","meta":[],"categories":[4],"tags":[],"acf":[],"_links":{"self":[{"href":"http:\/\/www.pasadenahoy.com\/primero\/wp-json\/wp\/v2\/posts\/14445"}],"collection":[{"href":"http:\/\/www.pasadenahoy.com\/primero\/wp-json\/wp\/v2\/posts"}],"about":[{"href":"http:\/\/www.pasadenahoy.com\/primero\/wp-json\/wp\/v2\/types\/post"}],"author":[{"embeddable":true,"href":"http:\/\/www.pasadenahoy.com\/primero\/wp-json\/wp\/v2\/users\/4"}],"replies":[{"embeddable":true,"href":"http:\/\/www.pasadenahoy.com\/primero\/wp-json\/wp\/v2\/comments?post=14445"}],"version-history":[{"count":2,"href":"http:\/\/www.pasadenahoy.com\/primero\/wp-json\/wp\/v2\/posts\/14445\/revisions"}],"predecessor-version":[{"id":14448,"href":"http:\/\/www.pasadenahoy.com\/primero\/wp-json\/wp\/v2\/posts\/14445\/revisions\/14448"}],"wp:attachment":[{"href":"http:\/\/www.pasadenahoy.com\/primero\/wp-json\/wp\/v2\/media?parent=14445"}],"wp:term":[{"taxonomy":"category","embeddable":true,"href":"http:\/\/www.pasadenahoy.com\/primero\/wp-json\/wp\/v2\/categories?post=14445"},{"taxonomy":"post_tag","embeddable":true,"href":"http:\/\/www.pasadenahoy.com\/primero\/wp-json\/wp\/v2\/tags?post=14445"}],"curies":[{"name":"wp","href":"https:\/\/api.w.org\/{rel}","templated":true}]}}