{"id":14460,"date":"2022-02-14T14:57:44","date_gmt":"2022-02-14T14:57:44","guid":{"rendered":"http:\/\/www.pasadenahoy.com\/primero\/?p=14460"},"modified":"2022-02-14T14:57:45","modified_gmt":"2022-02-14T14:57:45","slug":"el-departamento-de-salud-de-la-ciudad-redefinira-los-megaeventos-al-aire-libre-y-bajo-techo","status":"publish","type":"post","link":"http:\/\/www.pasadenahoy.com\/primero\/la-comunidad\/el-departamento-de-salud-de-la-ciudad-redefinira-los-megaeventos-al-aire-libre-y-bajo-techo\/","title":{"rendered":"El Departamento de Salud de la ciudad redefinir\u00e1 los megaeventos al aire libre y bajo techo"},"content":{"rendered":"\n<figure class=\"wp-block-image alignnone size-large\"><figure class=\"alignnone\"><img loading=\"lazy\" width=\"700\" height=\"378\" src=\"http:\/\/www.pasadenahoy.com\/primero\/wp-content\/uploads\/2022\/02\/pic2.jpg\" alt=\"\" class=\"wp-image-14461\" srcset=\"http:\/\/www.pasadenahoy.com\/primero\/wp-content\/uploads\/2022\/02\/pic2.jpg 700w, http:\/\/www.pasadenahoy.com\/primero\/wp-content\/uploads\/2022\/02\/pic2-300x162.jpg 300w, http:\/\/www.pasadenahoy.com\/primero\/wp-content\/uploads\/2022\/02\/pic2-241x130.jpg 241w, http:\/\/www.pasadenahoy.com\/primero\/wp-content\/uploads\/2022\/02\/pic2-333x180.jpg 333w, http:\/\/www.pasadenahoy.com\/primero\/wp-content\/uploads\/2022\/02\/pic2-360x194.jpg 360w\" sizes=\"100vw\" \/><\/figure><\/figure>\n\n\n\n<p>Seg\u00fan un memorando del director de salud de la ciudad, el Dr. Ying-Ying Goh, debido a la disminuci\u00f3n de la transmisi\u00f3n de la variante Omicron del virus COVID-19, la ciudad redefinir\u00e1 los megaeventos al aire libre de acuerdo con la orientaci\u00f3n estatal, despu\u00e9s del 15 de febrero.<\/p>\n\n\n\n<p>A partir del mi\u00e9rcoles, el departamento de salud de la ciudad redefinir\u00e1 los megaeventos al aire libre como aquellos eventos con 10 000 asistentes o m\u00e1s, y los megaeventos en interiores como aquellos con 1000 asistentes o m\u00e1s.<\/p>\n\n\n\n<p>Actualmente los umbrales son 5.000 y 500, respectivamente. Se aplican requisitos para la verificaci\u00f3n del estado de vacunaci\u00f3n o prueba negativa.<\/p>\n\n\n\n<p>\u201cEn Pasadena y la regi\u00f3n circundante, estamos viendo un progreso constante en la disminuci\u00f3n de las tasas de casos de COVID-19 desde el aumento impulsado por Omicron [aunque todav\u00eda en el nivel m\u00e1s alto de las categor\u00edas de transmisi\u00f3n de los CDC: &#8216;Transmisi\u00f3n alta&#8217;], la disminuci\u00f3n de las hospitalizaciones por COVID- 19, y admisiones estables (aunque todav\u00eda altas) en la UCI\u201d, seg\u00fan Goh. \u201cPPHD est\u00e1 utilizando un enfoque basado en riesgos y basado en datos para ajustar los requisitos y la orientaci\u00f3n para proteger a nuestra comunidad mientras se tiene en cuenta el panorama cambiante\u201d.<\/p>\n\n\n\n<p>Seg\u00fan Goh, Pasadena se coordinar\u00e1 con el condado de Los \u00c1ngeles para definir el per\u00edodo &#8220;posterior a la oleada&#8221; cuando las hospitalizaciones diarias por COVID-19 en todo el condado caigan por debajo de 2500 durante siete d\u00edas consecutivos.<\/p>\n\n\n\n<p>Una vez que la ciudad llegue al per\u00edodo posterior a la oleada, ya no ser\u00e1 necesario usar cubrebocas en espacios al aire libre en megaeventos al aire libre y al aire libre en las escuelas TK-12.<\/p>\n\n\n\n<p>Pero el requisito de usar cubrebocas en los establecimientos cerrados continuar\u00e1 hasta que las m\u00e9tricas en todo el condado alcancen una transmisi\u00f3n moderada (10-49.99 casos nuevos\/100,000 personas en los \u00faltimos siete d\u00edas), seg\u00fan lo definido por los CDC, durante dos semanas consecutivas o hasta que haya vacunas disponibles para ni\u00f1os menores de edad. cinco durante ocho semanas, y no hay informes emergentes de nuevas variantes de preocupaci\u00f3n que circulen significativamente y que amenacen la eficacia de la vacuna.<\/p>\n\n\n\n<p>Seg\u00fan la orden estatal, las personas no vacunadas en entornos p\u00fablicos cerrados y negocios a\u00fan deber\u00e1n usar m\u00e1scaras.<\/p>\n\n\n\n<p>Las \u00f3rdenes estatales tambi\u00e9n contin\u00faan exigiendo el uso de m\u00e1scaras en interiores en escuelas K-12, guarder\u00edas, entornos juveniles, entornos de atenci\u00f3n m\u00e9dica, entornos de atenci\u00f3n a largo plazo e instalaciones de atenci\u00f3n para adultos y personas mayores, centros correccionales, refugios para personas sin hogar y de emergencia, y centros de enfriamiento.<\/p>\n\n\n\n<p>Las regulaciones federales requieren el uso de m\u00e1scaras en el transporte p\u00fablico y en los centros de transporte.<\/p>\n\n\n\n<p>Los empleadores deben continuar brindando m\u00e1scaras de alta calidad y bien ajustadas a los trabajadores que est\u00e1n en contacto cercano con otros hasta que la transmisi\u00f3n sea menor. La verificaci\u00f3n de vacunas tambi\u00e9n continuar\u00e1 en megaeventos y secciones interiores de bares, salones, clubes nocturnos y cervecer\u00edas.<\/p>\n","protected":false},"excerpt":{"rendered":"<p>Seg\u00fan un memorando del director de salud de la ciudad, el Dr. Ying-Ying Goh, debido a la disminuci\u00f3n de la transmisi\u00f3n de la variante Omicron del virus COVID-19, la ciudad redefinir\u00e1 los megaeventos al aire libre de acuerdo con la orientaci\u00f3n estatal, despu\u00e9s del 15 de febrero. A partir del mi\u00e9rcoles, el departamento de salud de la ciudad redefinir\u00e1 los megaeventos al aire libre como aquellos eventos con 10 000 asistentes o m\u00e1s, y los megaeventos en interiores como aquellos [&hellip;]<\/p>\n","protected":false},"author":4,"featured_media":14461,"comment_status":"open","ping_status":"closed","sticky":false,"template":"","format":"standard","meta":[],"categories":[4],"tags":[],"acf":[],"_links":{"self":[{"href":"http:\/\/www.pasadenahoy.com\/primero\/wp-json\/wp\/v2\/posts\/14460"}],"collection":[{"href":"http:\/\/www.pasadenahoy.com\/primero\/wp-json\/wp\/v2\/posts"}],"about":[{"href":"http:\/\/www.pasadenahoy.com\/primero\/wp-json\/wp\/v2\/types\/post"}],"author":[{"embeddable":true,"href":"http:\/\/www.pasadenahoy.com\/primero\/wp-json\/wp\/v2\/users\/4"}],"replies":[{"embeddable":true,"href":"http:\/\/www.pasadenahoy.com\/primero\/wp-json\/wp\/v2\/comments?post=14460"}],"version-history":[{"count":2,"href":"http:\/\/www.pasadenahoy.com\/primero\/wp-json\/wp\/v2\/posts\/14460\/revisions"}],"predecessor-version":[{"id":14463,"href":"http:\/\/www.pasadenahoy.com\/primero\/wp-json\/wp\/v2\/posts\/14460\/revisions\/14463"}],"wp:featuredmedia":[{"embeddable":true,"href":"http:\/\/www.pasadenahoy.com\/primero\/wp-json\/wp\/v2\/media\/14461"}],"wp:attachment":[{"href":"http:\/\/www.pasadenahoy.com\/primero\/wp-json\/wp\/v2\/media?parent=14460"}],"wp:term":[{"taxonomy":"category","embeddable":true,"href":"http:\/\/www.pasadenahoy.com\/primero\/wp-json\/wp\/v2\/categories?post=14460"},{"taxonomy":"post_tag","embeddable":true,"href":"http:\/\/www.pasadenahoy.com\/primero\/wp-json\/wp\/v2\/tags?post=14460"}],"curies":[{"name":"wp","href":"https:\/\/api.w.org\/{rel}","templated":true}]}}