{"id":14481,"date":"2022-02-14T15:19:26","date_gmt":"2022-02-14T15:19:26","guid":{"rendered":"http:\/\/www.pasadenahoy.com\/primero\/?p=14481"},"modified":"2022-02-14T15:19:27","modified_gmt":"2022-02-14T15:19:27","slug":"resolucion-de-apoyo-a-los-derechos-reproductivos-en-la-agenda-del-concejo-municipal-del-lunes","status":"publish","type":"post","link":"http:\/\/www.pasadenahoy.com\/primero\/el-gobierno-local\/resolucion-de-apoyo-a-los-derechos-reproductivos-en-la-agenda-del-concejo-municipal-del-lunes\/","title":{"rendered":"Resoluci\u00f3n de apoyo a los derechos reproductivos en la agenda del Concejo Municipal del lunes"},"content":{"rendered":"\n<figure class=\"wp-block-image alignnone size-large\"><figure class=\"alignnone\"><img loading=\"lazy\" width=\"700\" height=\"378\" src=\"http:\/\/www.pasadenahoy.com\/primero\/wp-content\/uploads\/2022\/02\/pic-7-2.jpg\" alt=\"\" class=\"wp-image-14482\" srcset=\"http:\/\/www.pasadenahoy.com\/primero\/wp-content\/uploads\/2022\/02\/pic-7-2.jpg 700w, http:\/\/www.pasadenahoy.com\/primero\/wp-content\/uploads\/2022\/02\/pic-7-2-300x162.jpg 300w, http:\/\/www.pasadenahoy.com\/primero\/wp-content\/uploads\/2022\/02\/pic-7-2-241x130.jpg 241w, http:\/\/www.pasadenahoy.com\/primero\/wp-content\/uploads\/2022\/02\/pic-7-2-333x180.jpg 333w, http:\/\/www.pasadenahoy.com\/primero\/wp-content\/uploads\/2022\/02\/pic-7-2-360x194.jpg 360w\" sizes=\"100vw\" \/><figcaption><span class=\"caption-text\">Partidarios de Planned Parenthood Pasadena y San Gabriel Valley en un mitin de 2019 en el Ayuntamiento de Pasadena. (Foto de James Carbone\/Pasadena Now)<\/span><\/figcaption><\/figure><\/figure>\n\n\n\n<p>El Concejo Municipal considerar\u00e1 una resoluci\u00f3n el lunes en apoyo a la libertad reproductiva.<\/p>\n\n\n\n<p>En septiembre, la Corte Suprema de la naci\u00f3n permiti\u00f3 que entrara en vigor una ley de Texas que b\u00e1sicamente prohib\u00eda el aborto despu\u00e9s de las seis semanas de gestaci\u00f3n.<\/p>\n\n\n\n<p>Seg\u00fan varios informes, algunas mujeres de Texas han estado volando a California para abortar.<\/p>\n\n\n\n<p>La resoluci\u00f3n fue presentada por el concejal Jess Rivas.<\/p>\n\n\n\n<p>\u201cConsiderando que la ciudad de Pasadena tiene un historial de apoyo a los derechos de las mujeres y la salud reproductiva, ha apoyado continuamente la legislaci\u00f3n estatal y federal que protege y promueve los derechos reproductivos, el acceso a la atenci\u00f3n m\u00e9dica y los fondos para los servicios de atenci\u00f3n m\u00e9dica preventiva\u201d, dice la resoluci\u00f3n.<\/p>\n\n\n\n<p>\u201cLa ciudad de Pasadena continuar\u00e1 defendiendo la igualdad y la libertad de todos protegiendo su libertad reproductiva, educando a los residentes sobre sus derechos a la libertad reproductiva, dando la bienvenida a cualquier persona a Pasadena para ejercer plenamente sus derechos reproductivos y actuando como modelo para otras ciudades que quieran defender plena libertad reproductiva para todos\u201d.<\/p>\n\n\n\n<p>El a\u00f1o pasado, grupos locales se unieron para organizar una &#8220;Caravana de Pasadena por la Elecci\u00f3n&#8221; que viaj\u00f3 desde el Rose Bowl hasta el Ayuntamiento de Pasadena en apoyo de los derechos reproductivos.<\/p>\n\n\n\n<p>Casi dos docenas de organizaciones locales participaron en el esfuerzo de la caravana, en asociaci\u00f3n con Planned Parenthood Pasadena y el Valle de San Gabriel.<\/p>\n","protected":false},"excerpt":{"rendered":"<p>El Concejo Municipal considerar\u00e1 una resoluci\u00f3n el lunes en apoyo a la libertad reproductiva. En septiembre, la Corte Suprema de la naci\u00f3n permiti\u00f3 que entrara en vigor una ley de Texas que b\u00e1sicamente prohib\u00eda el aborto despu\u00e9s de las seis semanas de gestaci\u00f3n. Seg\u00fan varios informes, algunas mujeres de Texas han estado volando a California para abortar. La resoluci\u00f3n fue presentada por el concejal Jess Rivas. \u201cConsiderando que la ciudad de Pasadena tiene un historial de apoyo a los derechos [&hellip;]<\/p>\n","protected":false},"author":4,"featured_media":0,"comment_status":"open","ping_status":"closed","sticky":false,"template":"","format":"standard","meta":[],"categories":[6],"tags":[],"acf":[],"_links":{"self":[{"href":"http:\/\/www.pasadenahoy.com\/primero\/wp-json\/wp\/v2\/posts\/14481"}],"collection":[{"href":"http:\/\/www.pasadenahoy.com\/primero\/wp-json\/wp\/v2\/posts"}],"about":[{"href":"http:\/\/www.pasadenahoy.com\/primero\/wp-json\/wp\/v2\/types\/post"}],"author":[{"embeddable":true,"href":"http:\/\/www.pasadenahoy.com\/primero\/wp-json\/wp\/v2\/users\/4"}],"replies":[{"embeddable":true,"href":"http:\/\/www.pasadenahoy.com\/primero\/wp-json\/wp\/v2\/comments?post=14481"}],"version-history":[{"count":2,"href":"http:\/\/www.pasadenahoy.com\/primero\/wp-json\/wp\/v2\/posts\/14481\/revisions"}],"predecessor-version":[{"id":14484,"href":"http:\/\/www.pasadenahoy.com\/primero\/wp-json\/wp\/v2\/posts\/14481\/revisions\/14484"}],"wp:attachment":[{"href":"http:\/\/www.pasadenahoy.com\/primero\/wp-json\/wp\/v2\/media?parent=14481"}],"wp:term":[{"taxonomy":"category","embeddable":true,"href":"http:\/\/www.pasadenahoy.com\/primero\/wp-json\/wp\/v2\/categories?post=14481"},{"taxonomy":"post_tag","embeddable":true,"href":"http:\/\/www.pasadenahoy.com\/primero\/wp-json\/wp\/v2\/tags?post=14481"}],"curies":[{"name":"wp","href":"https:\/\/api.w.org\/{rel}","templated":true}]}}