{"id":14493,"date":"2022-02-14T15:33:09","date_gmt":"2022-02-14T15:33:09","guid":{"rendered":"http:\/\/www.pasadenahoy.com\/primero\/?p=14493"},"modified":"2022-02-14T15:33:11","modified_gmt":"2022-02-14T15:33:11","slug":"las-hospitalizaciones-por-covid-en-el-condado-de-los-angeles-se-reducen-en-125-a-2086-en-el-ultimo-informe","status":"publish","type":"post","link":"http:\/\/www.pasadenahoy.com\/primero\/la-comunidad\/las-hospitalizaciones-por-covid-en-el-condado-de-los-angeles-se-reducen-en-125-a-2086-en-el-ultimo-informe\/","title":{"rendered":"Las hospitalizaciones por COVID en el condado de Los \u00c1ngeles se reducen en 125 a 2,086 en el \u00faltimo informe"},"content":{"rendered":"\n<figure class=\"wp-block-image alignnone size-large\"><figure class=\"alignnone\"><img loading=\"lazy\" width=\"700\" height=\"378\" src=\"http:\/\/www.pasadenahoy.com\/primero\/wp-content\/uploads\/2022\/02\/pic-10-1.jpg\" alt=\"\" class=\"wp-image-14494\" srcset=\"http:\/\/www.pasadenahoy.com\/primero\/wp-content\/uploads\/2022\/02\/pic-10-1.jpg 700w, http:\/\/www.pasadenahoy.com\/primero\/wp-content\/uploads\/2022\/02\/pic-10-1-300x162.jpg 300w, http:\/\/www.pasadenahoy.com\/primero\/wp-content\/uploads\/2022\/02\/pic-10-1-241x130.jpg 241w, http:\/\/www.pasadenahoy.com\/primero\/wp-content\/uploads\/2022\/02\/pic-10-1-333x180.jpg 333w, http:\/\/www.pasadenahoy.com\/primero\/wp-content\/uploads\/2022\/02\/pic-10-1-360x194.jpg 360w\" sizes=\"100vw\" \/><\/figure><\/figure>\n\n\n\n<p>La cantidad de pacientes hospitalizados con COVID-positivo contin\u00faa cayendo en el condado de Los \u00c1ngeles, disminuyendo en 125 personas a 2,086, seg\u00fan las \u00faltimas cifras estatales publicadas el domingo.<\/p>\n\n\n\n<p>El n\u00famero de esos pacientes en cuidados intensivos fue de 439, frente a los 461 del d\u00eda anterior.<\/p>\n\n\n\n<p>Las hospitalizaciones hab\u00edan aumentado a m\u00e1s de 4.800 a mediados de enero en el apogeo del aumento invernal de casos impulsado por Omicron.<\/p>\n\n\n\n<p>Seg\u00fan las pautas anunciadas este mes por la directora de salud p\u00fablica del condado, B\u00e1rbara Ferrer, si el n\u00famero de hospitalizaciones se mantiene por debajo de 2500 durante siete d\u00edas consecutivos, el condado considerar\u00e1 que est\u00e1 entrando en una fase &#8220;posterior a la oleada&#8221; y levantar\u00e1 su mandato de uso de mascarillas al aire libre. megaeventos\u201d y al aire libre en escuelas y guarder\u00edas. El s\u00e1bado marc\u00f3 el tercer d\u00eda de menos de 2500 hospitalizaciones.<\/p>\n\n\n\n<p>Ferrer dijo la semana pasada que, en ausencia de un aumento repentino en las hospitalizaciones, el mandato de las m\u00e1scaras para exteriores podr\u00eda levantarse este mi\u00e9rcoles.<\/p>\n\n\n\n<p>Los \u00faltimos n\u00fameros se produjeron cuando el Departamento de Salud P\u00fablica del Condado de Los \u00c1ngeles inform\u00f3 4889 nuevas pruebas positivas de COVID y otras 58 muertes relacionadas con el virus. Esos n\u00fameros, que seg\u00fan los funcionarios probablemente reflejan retrasos en los informes durante el fin de semana, elevaron los totales del condado a 2,761,870 casos y 29,902 muertes desde que comenz\u00f3 la pandemia.<\/p>\n\n\n\n<p>Se han realizado pruebas a m\u00e1s de 11,2 millones de personas, y el 22% de esas personas dieron positivo, dijo el departamento de salud.<\/p>\n\n\n\n<p>Ferrer advirti\u00f3 a las personas que planean ver el Super Bowl del domingo en persona, en bares o restaurantes del \u00e1rea o en fiestas privadas que sigan varias pautas de sentido com\u00fan, que incluyen:<\/p>\n\n\n\n<p>Obtener una prueba de COVID lo m\u00e1s cerca posible del comienzo del juego y despu\u00e9s del juego si tuvo posibles exposiciones;<\/p>\n\n\n\n<p>Mantener reuniones peque\u00f1as y al aire libre, o si esa no es una opci\u00f3n, mejorar el flujo de aire interior;<\/p>\n\n\n\n<p>Mantener las manos limpias y mantener la distancia mientras come;<\/p>\n\n\n\n<p>Usar una m\u00e1scara bien ajustada de alta calidad.<\/p>\n\n\n\n<p>\u201cMientras la gente se prepara para ver el partido, ya sea en el SoFi Stadium, en un restaurante o bar, o en casa con amigos y familiares, recuerde las medidas sensatas de salud p\u00fablica que nos protegen a todos\u201d, dijo Ferrer el s\u00e1bado. &#8220;LA. County cree en cuidarse unos a otros, y s\u00e9 que podemos cuidarnos unos a otros y disfrutar del juego al mismo tiempo. \u00a1Cu\u00eddense, p\u00e1senlo lo mejor posible y vayan Rams!\u201d.<\/p>\n\n\n\n<p>El viernes, Ferrer volvi\u00f3 a instar a los residentes vacunados a recibir vacunas de refuerzo, se\u00f1al\u00f3 que la eficacia de las vacunas disminuye con el tiempo y dijo que la dosis adicional es la mejor defensa contra un viaje al hospital debido al virus.<\/p>\n\n\n\n<p>\u201cDada la evidencia de la disminuci\u00f3n de la protecci\u00f3n con el tiempo de las vacunas COVID, los residentes y trabajadores elegibles deben recibir refuerzos lo antes posible\u201d, dijo en un comunicado. \u201cMientras pensamos en las estrategias &#8216;posteriores a la oleada&#8217;, aumentar la cantidad de personas protegidas de manera \u00f3ptima contra la infecci\u00f3n por COVID nos ayuda a disminuir la cantidad de personas que enferman gravemente y mueren a causa de la COVID. Las acciones apropiadas que nos permitan vivir con este virus sin grandes interrupciones en nuestras vidas deber\u00e1n incluir estrategias que reduzcan el impacto del virus en los m\u00e1s vulnerables\u201d.<\/p>\n\n\n\n<p>Si bien los requisitos de uso de m\u00e1scaras en exteriores del condado podr\u00edan levantarse esta semana, el mandato de uso de m\u00e1scaras en interiores permanecer\u00e1 vigente hasta que se cumplan criterios mucho m\u00e1s estrictos. Eso es a pesar de que el estado planea levantar su requisito de m\u00e1scara interior para las personas vacunadas la pr\u00f3xima semana.<\/p>\n\n\n\n<p>Seg\u00fan Ferrer, la regla del uso de mascarillas en interiores del condado no se levantar\u00e1 hasta que la tasa de transmisi\u00f3n del virus del condado caiga al nivel &#8220;moderado&#8221; seg\u00fan lo definido por los Centros para el Control y la Prevenci\u00f3n de Enfermedades de EE. UU. durante dos semanas consecutivas, o hasta que las vacunas contra el COVID est\u00e9n disponibles. a ni\u00f1os menores de 5 a\u00f1os durante ocho semanas.<\/p>\n\n\n\n<p>Alcanzar la designaci\u00f3n &#8220;moderada&#8221; de los CDC requiere que el condado tenga una tasa acumulativa de casos nuevos de siete d\u00edas de menos de 50 por cada 100,000 residentes. Seg\u00fan el sitio web de los CDC, la tasa del condado era de 518 por 100,000 a partir del viernes. Eso es menos de 622 por cada 100,000 residentes el jueves.<\/p>\n","protected":false},"excerpt":{"rendered":"<p>La cantidad de pacientes hospitalizados con COVID-positivo contin\u00faa cayendo en el condado de Los \u00c1ngeles, disminuyendo en 125 personas a 2,086, seg\u00fan las \u00faltimas cifras estatales publicadas el domingo. El n\u00famero de esos pacientes en cuidados intensivos fue de 439, frente a los 461 del d\u00eda anterior. Las hospitalizaciones hab\u00edan aumentado a m\u00e1s de 4.800 a mediados de enero en el apogeo del aumento invernal de casos impulsado por Omicron. Seg\u00fan las pautas anunciadas este mes por la directora de [&hellip;]<\/p>\n","protected":false},"author":4,"featured_media":0,"comment_status":"open","ping_status":"closed","sticky":false,"template":"","format":"standard","meta":[],"categories":[4],"tags":[],"acf":[],"_links":{"self":[{"href":"http:\/\/www.pasadenahoy.com\/primero\/wp-json\/wp\/v2\/posts\/14493"}],"collection":[{"href":"http:\/\/www.pasadenahoy.com\/primero\/wp-json\/wp\/v2\/posts"}],"about":[{"href":"http:\/\/www.pasadenahoy.com\/primero\/wp-json\/wp\/v2\/types\/post"}],"author":[{"embeddable":true,"href":"http:\/\/www.pasadenahoy.com\/primero\/wp-json\/wp\/v2\/users\/4"}],"replies":[{"embeddable":true,"href":"http:\/\/www.pasadenahoy.com\/primero\/wp-json\/wp\/v2\/comments?post=14493"}],"version-history":[{"count":2,"href":"http:\/\/www.pasadenahoy.com\/primero\/wp-json\/wp\/v2\/posts\/14493\/revisions"}],"predecessor-version":[{"id":14496,"href":"http:\/\/www.pasadenahoy.com\/primero\/wp-json\/wp\/v2\/posts\/14493\/revisions\/14496"}],"wp:attachment":[{"href":"http:\/\/www.pasadenahoy.com\/primero\/wp-json\/wp\/v2\/media?parent=14493"}],"wp:term":[{"taxonomy":"category","embeddable":true,"href":"http:\/\/www.pasadenahoy.com\/primero\/wp-json\/wp\/v2\/categories?post=14493"},{"taxonomy":"post_tag","embeddable":true,"href":"http:\/\/www.pasadenahoy.com\/primero\/wp-json\/wp\/v2\/tags?post=14493"}],"curies":[{"name":"wp","href":"https:\/\/api.w.org\/{rel}","templated":true}]}}