{"id":14500,"date":"2022-02-15T14:58:35","date_gmt":"2022-02-15T14:58:35","guid":{"rendered":"http:\/\/www.pasadenahoy.com\/primero\/?p=14500"},"modified":"2022-02-15T14:58:36","modified_gmt":"2022-02-15T14:58:36","slug":"comienza-la-temporada-de-campana-2022-para-el-concejo-municipal","status":"publish","type":"post","link":"http:\/\/www.pasadenahoy.com\/primero\/la-comunidad\/comienza-la-temporada-de-campana-2022-para-el-concejo-municipal\/","title":{"rendered":"Comienza la temporada de campa\u00f1a 2022 para el Concejo Municipal"},"content":{"rendered":"\n<figure class=\"wp-block-image alignnone size-large\"><figure class=\"alignnone\"><img loading=\"lazy\" width=\"700\" height=\"378\" src=\"http:\/\/www.pasadenahoy.com\/primero\/wp-content\/uploads\/2022\/02\/pic-1-7.jpg\" alt=\"\" class=\"wp-image-14501\" srcset=\"http:\/\/www.pasadenahoy.com\/primero\/wp-content\/uploads\/2022\/02\/pic-1-7.jpg 700w, http:\/\/www.pasadenahoy.com\/primero\/wp-content\/uploads\/2022\/02\/pic-1-7-300x162.jpg 300w, http:\/\/www.pasadenahoy.com\/primero\/wp-content\/uploads\/2022\/02\/pic-1-7-241x130.jpg 241w, http:\/\/www.pasadenahoy.com\/primero\/wp-content\/uploads\/2022\/02\/pic-1-7-333x180.jpg 333w, http:\/\/www.pasadenahoy.com\/primero\/wp-content\/uploads\/2022\/02\/pic-1-7-360x194.jpg 360w\" sizes=\"100vw\" \/><\/figure><\/figure>\n\n\n\n<p>La temporada de elecciones locales para los esca\u00f1os del Concejo Municipal en los distritos 3, 5 y 7 comenz\u00f3 el lunes con un taller de candidatos dirigido por el Secretario Municipal Mark Jomsky.<\/p>\n\n\n\n<p>Un taller adicional se llevar\u00e1 a cabo a las 5:30 p.m. el mi\u00e9rcoles 16 de febrero. Las citas tambi\u00e9n est\u00e1n disponibles comunic\u00e1ndose con cityclerk@cityofpasadena.net.<\/p>\n\n\n\n<p>Los candidatos deben sacar papeles y comenzar a recolectar firmas para calificar para la elecci\u00f3n.<\/p>\n\n\n\n<p>Los posibles candidatos del Distrito 7 y Distrito 3 Jason Lyon y Brandon Lamar asistieron a la reuni\u00f3n.<\/p>\n\n\n\n<p>Actualmente, John Kennedy y Jess Rivas ocupan esca\u00f1os en los distritos 3 y 5, respectivamente. El concejal del Distrito 7, Andy Wilson, ha anunciado que no buscar\u00e1 la reelecci\u00f3n.<\/p>\n\n\n\n<p>Se requiere que los candidatos circulen peticiones de nominaci\u00f3n para recolectar firmas de votantes registrados para que sus nombres se incluyan en la boleta electoral del 7 de junio.<\/p>\n\n\n\n<p>Esta es la segunda elecci\u00f3n local desde que la ciudad movi\u00f3 sus elecciones para que coincidieran con las elecciones estatales de conformidad con la Ley de Participaci\u00f3n de Votantes de California (California Voters Participation Act, CVPA). Las ciudades cumplieron con el llamado a mover las elecciones locales, que fue dise\u00f1ado para aumentar la participaci\u00f3n electoral. Como resultado del cambio, la ciudad ya no realiza sus propias elecciones.<\/p>\n\n\n\n<p>En la primera elecci\u00f3n en la que la campa\u00f1a se vio afectada por el COVID-19, m\u00e1s del 81 % de los votantes registrados de Pasadena emitieron su voto en las Elecciones Generales de noviembre, seg\u00fan la Oficina del Secretario\/Registrador del Condado de Los \u00c1ngeles.<\/p>\n\n\n\n<p>En total, 74.290 de 91.498 votantes registrados, o el 81,18%, emitieron su voto.<\/p>\n\n\n\n<p>La informaci\u00f3n electoral est\u00e1 disponible en l\u00ednea o llamando a la Oficina del Secretario Municipal al (626) 744-4124 durante el horario comercial habitual, de lunes a viernes. La p\u00e1gina web se actualizar\u00e1 peri\u00f3dicamente con informaci\u00f3n sobre la nominaci\u00f3n de candidatos.<\/p>\n\n\n\n<p>Si necesita registrarse para votar o verificar el estado de su registro, visite www.registertovote.ca.gov. La informaci\u00f3n sobre el registro de votantes tambi\u00e9n est\u00e1 disponible en persona en el Ayuntamiento, las bibliotecas p\u00fablicas y las oficinas de correos.<\/p>\n","protected":false},"excerpt":{"rendered":"<p>La temporada de elecciones locales para los esca\u00f1os del Concejo Municipal en los distritos 3, 5 y 7 comenz\u00f3 el lunes con un taller de candidatos dirigido por el Secretario Municipal Mark Jomsky. Un taller adicional se llevar\u00e1 a cabo a las 5:30 p.m. el mi\u00e9rcoles 16 de febrero. Las citas tambi\u00e9n est\u00e1n disponibles comunic\u00e1ndose con cityclerk@cityofpasadena.net. Los candidatos deben sacar papeles y comenzar a recolectar firmas para calificar para la elecci\u00f3n. Los posibles candidatos del Distrito 7 y Distrito [&hellip;]<\/p>\n","protected":false},"author":4,"featured_media":14501,"comment_status":"open","ping_status":"closed","sticky":false,"template":"","format":"standard","meta":[],"categories":[4],"tags":[],"acf":[],"_links":{"self":[{"href":"http:\/\/www.pasadenahoy.com\/primero\/wp-json\/wp\/v2\/posts\/14500"}],"collection":[{"href":"http:\/\/www.pasadenahoy.com\/primero\/wp-json\/wp\/v2\/posts"}],"about":[{"href":"http:\/\/www.pasadenahoy.com\/primero\/wp-json\/wp\/v2\/types\/post"}],"author":[{"embeddable":true,"href":"http:\/\/www.pasadenahoy.com\/primero\/wp-json\/wp\/v2\/users\/4"}],"replies":[{"embeddable":true,"href":"http:\/\/www.pasadenahoy.com\/primero\/wp-json\/wp\/v2\/comments?post=14500"}],"version-history":[{"count":2,"href":"http:\/\/www.pasadenahoy.com\/primero\/wp-json\/wp\/v2\/posts\/14500\/revisions"}],"predecessor-version":[{"id":14503,"href":"http:\/\/www.pasadenahoy.com\/primero\/wp-json\/wp\/v2\/posts\/14500\/revisions\/14503"}],"wp:featuredmedia":[{"embeddable":true,"href":"http:\/\/www.pasadenahoy.com\/primero\/wp-json\/wp\/v2\/media\/14501"}],"wp:attachment":[{"href":"http:\/\/www.pasadenahoy.com\/primero\/wp-json\/wp\/v2\/media?parent=14500"}],"wp:term":[{"taxonomy":"category","embeddable":true,"href":"http:\/\/www.pasadenahoy.com\/primero\/wp-json\/wp\/v2\/categories?post=14500"},{"taxonomy":"post_tag","embeddable":true,"href":"http:\/\/www.pasadenahoy.com\/primero\/wp-json\/wp\/v2\/tags?post=14500"}],"curies":[{"name":"wp","href":"https:\/\/api.w.org\/{rel}","templated":true}]}}