{"id":14504,"date":"2022-02-15T15:03:29","date_gmt":"2022-02-15T15:03:29","guid":{"rendered":"http:\/\/www.pasadenahoy.com\/primero\/?p=14504"},"modified":"2022-02-15T15:03:30","modified_gmt":"2022-02-15T15:03:30","slug":"requisito-de-mascara-para-exteriores-del-condado-en-camino-a-levantarse-a-mitad-de-semana","status":"publish","type":"post","link":"http:\/\/www.pasadenahoy.com\/primero\/la-comunidad\/requisito-de-mascara-para-exteriores-del-condado-en-camino-a-levantarse-a-mitad-de-semana\/","title":{"rendered":"Requisito de m\u00e1scara para exteriores del condado en camino a levantarse a mitad de semana"},"content":{"rendered":"\n<figure class=\"wp-block-image alignnone size-large\"><figure class=\"alignnone\"><img loading=\"lazy\" width=\"700\" height=\"378\" src=\"http:\/\/www.pasadenahoy.com\/primero\/wp-content\/uploads\/2022\/02\/shutterstock_1715556685-700x378-1.jpg\" alt=\"\" class=\"wp-image-14505\" srcset=\"http:\/\/www.pasadenahoy.com\/primero\/wp-content\/uploads\/2022\/02\/shutterstock_1715556685-700x378-1.jpg 700w, http:\/\/www.pasadenahoy.com\/primero\/wp-content\/uploads\/2022\/02\/shutterstock_1715556685-700x378-1-300x162.jpg 300w, http:\/\/www.pasadenahoy.com\/primero\/wp-content\/uploads\/2022\/02\/shutterstock_1715556685-700x378-1-241x130.jpg 241w, http:\/\/www.pasadenahoy.com\/primero\/wp-content\/uploads\/2022\/02\/shutterstock_1715556685-700x378-1-333x180.jpg 333w, http:\/\/www.pasadenahoy.com\/primero\/wp-content\/uploads\/2022\/02\/shutterstock_1715556685-700x378-1-360x194.jpg 360w\" sizes=\"100vw\" \/><\/figure><\/figure>\n\n\n\n<p>El condado de Los \u00c1ngeles se mantuvo encaminado el lunes para levantar su requisito de uso de m\u00e1scaras al aire libre a mediados de semana gracias a otra ca\u00edda en la cantidad de pacientes con COVID-positivo en los hospitales locales.<\/p>\n\n\n\n<p>Seg\u00fan cifras estatales, hubo 2054 pacientes con COVID-positivo en los hospitales del condado, frente a los 2086 del domingo. El n\u00famero de esos pacientes tratados en cuidados intensivos fue de 437, frente a los 439 del domingo.<\/p>\n\n\n\n<p>Las hospitalizaciones hab\u00edan aumentado a m\u00e1s de 4.800 a mediados de enero en el apogeo del aumento invernal de casos impulsado por la variante Omicron.<\/p>\n\n\n\n<p>Seg\u00fan las pautas anunciadas este mes por la directora de salud p\u00fablica del condado, B\u00e1rbara Ferrer, si el n\u00famero de hospitalizaciones se mantiene por debajo de 2500 durante siete d\u00edas consecutivos, el condado considerar\u00e1 que est\u00e1 entrando en una fase &#8220;posterior a la oleada&#8221; y levantar\u00e1 su mandato de uso de mascarillas al aire libre. megaeventos\u201d y al aire libre en escuelas y guarder\u00edas. El lunes marc\u00f3 el quinto d\u00eda consecutivo de menos de 2500 hospitalizaciones.<\/p>\n\n\n\n<p>El mandato de uso de m\u00e1scaras al aire libre del condado estuvo vigente para el Super Bowl del domingo en el SoFi Stadium en Inglewood, pero las im\u00e1genes del juego nuevamente mostraron que los fan\u00e1ticos ignoraron en gran medida el requisito.<\/p>\n\n\n\n<p>El condado tambi\u00e9n inform\u00f3 el lunes 26 muertes m\u00e1s relacionadas con COVID-19, elevando el n\u00famero total de muertes por virus a 29,928.<\/p>\n\n\n\n<p>Se anunciaron otros 2457 casos de COVID, aunque es probable que el n\u00famero sea bajo debido a los retrasos est\u00e1ndar en los informes del fin de semana. Los nuevos casos le dieron al condado un total acumulado de 2,764,073 durante toda la pandemia.<\/p>\n\n\n\n<p>La tasa diaria promedio m\u00f3vil de personas que dieron positivo por el virus fue del 3% a partir del lunes.<\/p>\n\n\n\n<p>La directora de salud p\u00fablica del condado, B\u00e1rbara Ferrer, hizo otro esfuerzo p\u00fablico el lunes para que las personas se vacunen, en particular los residentes en vecindarios generalmente desatendidos y de mayor impacto.<\/p>\n\n\n\n<p>\u201cUna vez m\u00e1s nos encontramos en un punto crucial en nuestro viaje de recuperaci\u00f3n en el que no podemos darnos el lujo de ignorar nuestras responsabilidades individuales y colectivas\u201d, dijo en un comunicado. \u201cDado d\u00f3nde estamos y el riesgo continuo en las comunidades de escasos recursos, necesitamos usar protecciones de seguridad sensatas que nos ayuden a reducir la transmisi\u00f3n de este peligroso virus. Mejorar las tasas de vacunaci\u00f3n sigue siendo una prioridad, ya que las vacunas brindan una protecci\u00f3n significativa tanto para la persona vacunada como para la comunidad que la rodea\u201d.<\/p>\n\n\n\n<p>El condado planea albergar m\u00e1s de 800 cl\u00ednicas m\u00f3viles de vacunaci\u00f3n esta semana, adem\u00e1s de las ubicaciones est\u00e1ndar de vacunaci\u00f3n.<\/p>\n\n\n\n<p>Si bien los requisitos de uso de m\u00e1scaras en exteriores del condado podr\u00edan levantarse esta semana, el mandato de uso de m\u00e1scaras en interiores permanecer\u00e1 vigente hasta que se cumplan criterios mucho m\u00e1s estrictos. Eso es a pesar de que el estado planea levantar su requisito de m\u00e1scara para interiores para las personas vacunadas al final del d\u00eda martes.<\/p>\n\n\n\n<p>Seg\u00fan Ferrer, la regla del uso de mascarillas en interiores del condado no se levantar\u00e1 hasta que la tasa de transmisi\u00f3n del virus del condado caiga al nivel &#8220;moderado&#8221; seg\u00fan lo definido por los Centros para el Control y la Prevenci\u00f3n de Enfermedades de EE. UU. durante dos semanas consecutivas, o hasta que las vacunas contra el COVID est\u00e9n disponibles. a ni\u00f1os menores de 5 a\u00f1os durante ocho semanas.<\/p>\n\n\n\n<p>Alcanzar la designaci\u00f3n &#8220;moderada&#8221; de los CDC requiere que el condado tenga una tasa acumulativa de casos nuevos de siete d\u00edas de menos de 50 por cada 100,000 residentes. Seg\u00fan el sitio web de los CDC, la tasa del condado era de aproximadamente 459 por 100,000 a partir del lunes.<\/p>\n\n\n\n<p>La tasa ha estado cayendo constantemente, y Ferrer dijo la semana pasada que con la tasa actual de disminuci\u00f3n, el condado podr\u00eda alcanzar la categor\u00eda \u201cmoderada\u201d dentro de un mes.<\/p>\n","protected":false},"excerpt":{"rendered":"<p>El condado de Los \u00c1ngeles se mantuvo encaminado el lunes para levantar su requisito de uso de m\u00e1scaras al aire libre a mediados de semana gracias a otra ca\u00edda en la cantidad de pacientes con COVID-positivo en los hospitales locales. Seg\u00fan cifras estatales, hubo 2054 pacientes con COVID-positivo en los hospitales del condado, frente a los 2086 del domingo. El n\u00famero de esos pacientes tratados en cuidados intensivos fue de 437, frente a los 439 del domingo. Las hospitalizaciones hab\u00edan [&hellip;]<\/p>\n","protected":false},"author":4,"featured_media":14505,"comment_status":"open","ping_status":"closed","sticky":false,"template":"","format":"standard","meta":[],"categories":[4],"tags":[],"acf":[],"_links":{"self":[{"href":"http:\/\/www.pasadenahoy.com\/primero\/wp-json\/wp\/v2\/posts\/14504"}],"collection":[{"href":"http:\/\/www.pasadenahoy.com\/primero\/wp-json\/wp\/v2\/posts"}],"about":[{"href":"http:\/\/www.pasadenahoy.com\/primero\/wp-json\/wp\/v2\/types\/post"}],"author":[{"embeddable":true,"href":"http:\/\/www.pasadenahoy.com\/primero\/wp-json\/wp\/v2\/users\/4"}],"replies":[{"embeddable":true,"href":"http:\/\/www.pasadenahoy.com\/primero\/wp-json\/wp\/v2\/comments?post=14504"}],"version-history":[{"count":2,"href":"http:\/\/www.pasadenahoy.com\/primero\/wp-json\/wp\/v2\/posts\/14504\/revisions"}],"predecessor-version":[{"id":14507,"href":"http:\/\/www.pasadenahoy.com\/primero\/wp-json\/wp\/v2\/posts\/14504\/revisions\/14507"}],"wp:featuredmedia":[{"embeddable":true,"href":"http:\/\/www.pasadenahoy.com\/primero\/wp-json\/wp\/v2\/media\/14505"}],"wp:attachment":[{"href":"http:\/\/www.pasadenahoy.com\/primero\/wp-json\/wp\/v2\/media?parent=14504"}],"wp:term":[{"taxonomy":"category","embeddable":true,"href":"http:\/\/www.pasadenahoy.com\/primero\/wp-json\/wp\/v2\/categories?post=14504"},{"taxonomy":"post_tag","embeddable":true,"href":"http:\/\/www.pasadenahoy.com\/primero\/wp-json\/wp\/v2\/tags?post=14504"}],"curies":[{"name":"wp","href":"https:\/\/api.w.org\/{rel}","templated":true}]}}