{"id":14508,"date":"2022-02-15T15:12:24","date_gmt":"2022-02-15T15:12:24","guid":{"rendered":"http:\/\/www.pasadenahoy.com\/primero\/?p=14508"},"modified":"2022-02-15T15:12:25","modified_gmt":"2022-02-15T15:12:25","slug":"incendio-destruye-unidad-en-pasadena-motel-el-martes-por-la-manana","status":"publish","type":"post","link":"http:\/\/www.pasadenahoy.com\/primero\/la-comunidad\/incendio-destruye-unidad-en-pasadena-motel-el-martes-por-la-manana\/","title":{"rendered":"Incendio destruye unidad en Pasadena Motel el martes por la ma\u00f1ana"},"content":{"rendered":"\n<figure class=\"wp-block-image alignnone size-large\"><figure class=\"alignnone\"><img loading=\"lazy\" width=\"700\" height=\"378\" src=\"http:\/\/www.pasadenahoy.com\/primero\/wp-content\/uploads\/2022\/02\/pic-3-6.jpg\" alt=\"\" class=\"wp-image-14509\" srcset=\"http:\/\/www.pasadenahoy.com\/primero\/wp-content\/uploads\/2022\/02\/pic-3-6.jpg 700w, http:\/\/www.pasadenahoy.com\/primero\/wp-content\/uploads\/2022\/02\/pic-3-6-300x162.jpg 300w, http:\/\/www.pasadenahoy.com\/primero\/wp-content\/uploads\/2022\/02\/pic-3-6-241x130.jpg 241w, http:\/\/www.pasadenahoy.com\/primero\/wp-content\/uploads\/2022\/02\/pic-3-6-333x180.jpg 333w, http:\/\/www.pasadenahoy.com\/primero\/wp-content\/uploads\/2022\/02\/pic-3-6-360x194.jpg 360w\" sizes=\"100vw\" \/><figcaption><span class=\"caption-text\">[Im\u00e1genes cortes\u00eda del Departamento de Bomberos de Pasadena]<\/span><\/figcaption><\/figure><\/figure>\n\n\n\n<p>El fuego destruy\u00f3 una unidad en el edificio de un motel de un piso en el Ace Motel, 2870 E. Colorado Blvd., la madrugada del martes, seg\u00fan las autoridades. No hubo heridos.<br>Los bomberos que llegaron poco despu\u00e9s de que se informara el incendio a la 1:15 a. m. se encontraron con un fuerte fuego proveniente de las ventanas y la puerta de una sola unidad en el lado este del complejo, seg\u00fan la portavoz del Departamento de Bomberos, Lisa Derderian.<\/p>\n\n\n\n<p>La acci\u00f3n r\u00e1pida detuvo el mayor da\u00f1o en una sola unidad, que fue destruida, dijo Derderian. Una sala de almacenamiento adyacente sufri\u00f3 da\u00f1os menores.<\/p>\n\n\n\n<p>Un investigador de incendios estuvo en la escena el martes temprano.<\/p>\n","protected":false},"excerpt":{"rendered":"<p>El fuego destruy\u00f3 una unidad en el edificio de un motel de un piso en el Ace Motel, 2870 E. Colorado Blvd., la madrugada del martes, seg\u00fan las autoridades. No hubo heridos.Los bomberos que llegaron poco despu\u00e9s de que se informara el incendio a la 1:15 a. m. se encontraron con un fuerte fuego proveniente de las ventanas y la puerta de una sola unidad en el lado este del complejo, seg\u00fan la portavoz del Departamento de Bomberos, Lisa Derderian. [&hellip;]<\/p>\n","protected":false},"author":4,"featured_media":14509,"comment_status":"open","ping_status":"closed","sticky":false,"template":"","format":"standard","meta":[],"categories":[4],"tags":[],"acf":[],"_links":{"self":[{"href":"http:\/\/www.pasadenahoy.com\/primero\/wp-json\/wp\/v2\/posts\/14508"}],"collection":[{"href":"http:\/\/www.pasadenahoy.com\/primero\/wp-json\/wp\/v2\/posts"}],"about":[{"href":"http:\/\/www.pasadenahoy.com\/primero\/wp-json\/wp\/v2\/types\/post"}],"author":[{"embeddable":true,"href":"http:\/\/www.pasadenahoy.com\/primero\/wp-json\/wp\/v2\/users\/4"}],"replies":[{"embeddable":true,"href":"http:\/\/www.pasadenahoy.com\/primero\/wp-json\/wp\/v2\/comments?post=14508"}],"version-history":[{"count":2,"href":"http:\/\/www.pasadenahoy.com\/primero\/wp-json\/wp\/v2\/posts\/14508\/revisions"}],"predecessor-version":[{"id":14511,"href":"http:\/\/www.pasadenahoy.com\/primero\/wp-json\/wp\/v2\/posts\/14508\/revisions\/14511"}],"wp:featuredmedia":[{"embeddable":true,"href":"http:\/\/www.pasadenahoy.com\/primero\/wp-json\/wp\/v2\/media\/14509"}],"wp:attachment":[{"href":"http:\/\/www.pasadenahoy.com\/primero\/wp-json\/wp\/v2\/media?parent=14508"}],"wp:term":[{"taxonomy":"category","embeddable":true,"href":"http:\/\/www.pasadenahoy.com\/primero\/wp-json\/wp\/v2\/categories?post=14508"},{"taxonomy":"post_tag","embeddable":true,"href":"http:\/\/www.pasadenahoy.com\/primero\/wp-json\/wp\/v2\/tags?post=14508"}],"curies":[{"name":"wp","href":"https:\/\/api.w.org\/{rel}","templated":true}]}}