{"id":14512,"date":"2022-02-15T15:15:55","date_gmt":"2022-02-15T15:15:55","guid":{"rendered":"http:\/\/www.pasadenahoy.com\/primero\/?p=14512"},"modified":"2022-02-15T15:15:56","modified_gmt":"2022-02-15T15:15:56","slug":"clima-de-cambio-rapido-las-temperaturas-bajan-la-lluvia-podria-caer-el-martes","status":"publish","type":"post","link":"http:\/\/www.pasadenahoy.com\/primero\/la-comunidad\/clima-de-cambio-rapido-las-temperaturas-bajan-la-lluvia-podria-caer-el-martes\/","title":{"rendered":"Clima de cambio r\u00e1pido: las temperaturas bajan, la lluvia podr\u00eda caer el martes"},"content":{"rendered":"\n<p>Los cielos c\u00e1lidos y soleados sobre Pasadena ser\u00e1n solo un recuerdo a medida que las nubes y la lluvia azoten el \u00e1rea el martes, dijeron los meteor\u00f3logos.<\/p>\n\n\n\n<p>El m\u00e1ximo diurno de Pasadena el martes caer\u00e1 en picado 30 grados desde el m\u00e1ximo del domingo a solo 57, seg\u00fan el Servicio Meteorol\u00f3gico Nacional.<\/p>\n\n\n\n<p>Hay un 50% de probabilidad de lluvia ligera en la alineaci\u00f3n. En general, se espera que las cantidades de lluvia esperadas sean de menos de 0,33 pulgadas, pero se podr\u00edan ver cantidades de hasta 0,50 pulgadas en las \u00e1reas al pie de las colinas.<\/p>\n\n\n\n<p>Las nubes deber\u00edan desaparecer para el mi\u00e9rcoles y las temperaturas aumentan. Las temperaturas volver\u00e1n a ser casi normales el jueves.<\/p>\n\n\n\n<p>Aqu\u00ed hay un pron\u00f3stico detallado del NWS:<\/p>\n\n\n\n<p>Martes: Una probabilidad de lluvias, con tormentas el\u00e9ctricas tambi\u00e9n posibles despu\u00e9s de las 10 a.m. Mayormente nublado, la m\u00e1xima alrededor de 57. Viento del este sureste de 10 a 15 mph y luego llegar\u00e1 del oeste noroeste por la tarde. La probabilidad de precipitaci\u00f3n es del 50%.<\/p>\n\n\n\n<p>Mar. por la Noche: Una probabilidad de lluvias y tormentas el\u00e9ctricas antes de las 10 p.m., y luego poca probabilidad de lluvias. Mayormente nublado, y se pondr\u00e1 mayormente despejado gradualmente, la m\u00ednima alrededor de 45. Viento del oeste suroeste de 5 a 10 mph y luego llegar\u00e1 del nor noroeste despu\u00e9s de medianoche. La probabilidad de precipitaci\u00f3n es del 50%.<\/p>\n\n\n\n<p>Mi\u00e9rcoles: Soleado, la m\u00e1xima alrededor de 63. Viento del noreste de 5 a 10 mph y luego llegar\u00e1 del sur suroeste por la tarde.<\/p>\n\n\n\n<p>por la Noche: Mayormente despejado, la m\u00ednima alrededor de 49. Viento del sur suroeste alrededor de 5 mph y luego llegar\u00e1 del norte despu\u00e9s de medianoche.<\/p>\n\n\n\n<p>Jueves: Soleado, la m\u00e1xima alrededor de 71.<\/p>\n\n\n\n<p>Jueves por la Noche: Despejado, la m\u00ednima alrededor de 45.<\/p>\n\n\n\n<p>Viernes: Soleado, la m\u00e1xima alrededor de 75.<\/p>\n\n\n\n<p>Viernes por la Noche: Despejado, con m\u00ednima alrededor de 47.<\/p>\n\n\n\n<p>S\u00e1bado: Soleado, la m\u00e1xima alrededor de 73.<\/p>\n\n\n\n<p>S\u00e1b. por la Noche: \u00c1reas dispersadas de niebla. Si no, mayormente nublado, con m\u00ednima alrededor de 49.<\/p>\n\n\n\n<p>Domingo: \u00c1reas dispersadas de niebla. Si no, parcialmente soleado, con una m\u00e1xima cercana a 67.<\/p>\n\n\n\n<p>Dom. por la Noche: Medio nublado, la m\u00ednima alrededor de 46.<\/p>\n\n\n\n<p>D\u00eda del Presidente: Poca probabilidad de lluvias. Mayormente soleado, la m\u00e1xima alrededor de 65.<\/p>\n","protected":false},"excerpt":{"rendered":"<p>Los cielos c\u00e1lidos y soleados sobre Pasadena ser\u00e1n solo un recuerdo a medida que las nubes y la lluvia azoten el \u00e1rea el martes, dijeron los meteor\u00f3logos. El m\u00e1ximo diurno de Pasadena el martes caer\u00e1 en picado 30 grados desde el m\u00e1ximo del domingo a solo 57, seg\u00fan el Servicio Meteorol\u00f3gico Nacional. Hay un 50% de probabilidad de lluvia ligera en la alineaci\u00f3n. En general, se espera que las cantidades de lluvia esperadas sean de menos de 0,33 pulgadas, pero [&hellip;]<\/p>\n","protected":false},"author":4,"featured_media":0,"comment_status":"open","ping_status":"closed","sticky":false,"template":"","format":"standard","meta":[],"categories":[4],"tags":[],"acf":[],"_links":{"self":[{"href":"http:\/\/www.pasadenahoy.com\/primero\/wp-json\/wp\/v2\/posts\/14512"}],"collection":[{"href":"http:\/\/www.pasadenahoy.com\/primero\/wp-json\/wp\/v2\/posts"}],"about":[{"href":"http:\/\/www.pasadenahoy.com\/primero\/wp-json\/wp\/v2\/types\/post"}],"author":[{"embeddable":true,"href":"http:\/\/www.pasadenahoy.com\/primero\/wp-json\/wp\/v2\/users\/4"}],"replies":[{"embeddable":true,"href":"http:\/\/www.pasadenahoy.com\/primero\/wp-json\/wp\/v2\/comments?post=14512"}],"version-history":[{"count":2,"href":"http:\/\/www.pasadenahoy.com\/primero\/wp-json\/wp\/v2\/posts\/14512\/revisions"}],"predecessor-version":[{"id":14515,"href":"http:\/\/www.pasadenahoy.com\/primero\/wp-json\/wp\/v2\/posts\/14512\/revisions\/14515"}],"wp:attachment":[{"href":"http:\/\/www.pasadenahoy.com\/primero\/wp-json\/wp\/v2\/media?parent=14512"}],"wp:term":[{"taxonomy":"category","embeddable":true,"href":"http:\/\/www.pasadenahoy.com\/primero\/wp-json\/wp\/v2\/categories?post=14512"},{"taxonomy":"post_tag","embeddable":true,"href":"http:\/\/www.pasadenahoy.com\/primero\/wp-json\/wp\/v2\/tags?post=14512"}],"curies":[{"name":"wp","href":"https:\/\/api.w.org\/{rel}","templated":true}]}}