{"id":14528,"date":"2022-02-16T14:56:19","date_gmt":"2022-02-16T14:56:19","guid":{"rendered":"http:\/\/www.pasadenahoy.com\/primero\/?p=14528"},"modified":"2022-02-16T14:56:21","modified_gmt":"2022-02-16T14:56:21","slug":"el-estado-levanta-la-regla-de-uso-de-mascaras-en-interiores-para-los-vacunados-pero-pasadena-no-lo-hace","status":"publish","type":"post","link":"http:\/\/www.pasadenahoy.com\/primero\/la-comunidad\/el-estado-levanta-la-regla-de-uso-de-mascaras-en-interiores-para-los-vacunados-pero-pasadena-no-lo-hace\/","title":{"rendered":"El estado levanta la regla de uso de m\u00e1scaras en interiores para los vacunados, pero Pasadena no lo hace"},"content":{"rendered":"\n<p>El estado de California elimin\u00f3 el mi\u00e9rcoles el requisito de uso de mascarillas en interiores por el COVID-19 para las personas vacunadas, pero Pasadena seguir\u00e1 aplicando su propia regla de uso de mascarillas en interiores.<\/p>\n\n\n\n<p>Sin embargo, la ciudad emiti\u00f3 una nueva orden de salud que relaj\u00f3 los requisitos de m\u00e1scaras al aire libre en las escuelas K-12 y las guarder\u00edas a partir de la medianoche del mi\u00e9rcoles, confirm\u00f3 el director de salud de Pasadena, el Dr. Ying-Ying Goh.<br>La ciudad tambi\u00e9n ha publicado cambios en sus definiciones de grandes eventos que requieren enmascaramiento. A partir del 16 de febrero, la nueva orden redefine los megaeventos al aire libre como aquellos eventos con 10 000 o m\u00e1s asistentes, y los megaeventos en interiores como aquellos con 1000 o m\u00e1s asistentes.<\/p>\n\n\n\n<p>El condado de Los \u00c1ngeles tampoco ha seguido la relajaci\u00f3n del estado del uso de m\u00e1scaras en interiores para los vacunados, a pesar de la creciente disidencia entre la Junta de Supervisores.<\/p>\n\n\n\n<p>La supervisora \u200b\u200bdel condado de Los \u00c1ngeles, Kathryn Barger, que representa a Pasadena, pidi\u00f3 previamente al condado que se alineara con el estado y levantara su mandato de uso de m\u00e1scaras en interiores, diciendo que crea demasiada confusi\u00f3n y frustraci\u00f3n entre los residentes por tener reglas locales m\u00e1s estrictas.<\/p>\n\n\n\n<p>El martes, la supervisora \u200b\u200bJanice Hahn se uni\u00f3 a Barger en esa llamada, se\u00f1alando las violaciones desenfrenadas de la regla de uso de m\u00e1scaras al aire libre del condado durante el Super Bowl del domingo en el SoFi Stadium.<\/p>\n\n\n\n<p>\u201cEmpresas, escuelas e iglesias fueron multadas o cerradas por mucho menos\u201d, dijo Hahn durante la reuni\u00f3n de la junta del martes. \u201cY, sin embargo, parece que cuando tenemos algo de alto perfil, como el Super Bowl o los Emmy, las reglas ya no parecen importar\u201d.<\/p>\n\n\n\n<p>\u201cCreo que nuestras \u00f3rdenes de salud solo son efectivas si las personas creen en ellas, si piensan que son justas y si las cumplen\u201d, dijo. \u201cY mantener los mandatos vigentes que no se siguen solo erosiona la credibilidad que el p\u00fablico tiene en nosotros como legisladores para tomar buenas decisiones\u201d.<\/p>\n\n\n\n<p>Los otros tres miembros de la Junta de Supervisores, Holly Mitchell, Hilda Solis y Sheila Kuehl, hasta ahora siguen apoyando que se mantenga el mandato de uso de mascarillas en interiores del condado hasta que se cumplan los criterios descritos por la Directora de Salud P\u00fablica del Condado, Barbara Ferrer.<\/p>\n\n\n\n<p>El gobernador Gavin Newsom anunci\u00f3 la semana pasada que el mandato de uso de mascarillas en interiores en la mayor\u00eda de los dem\u00e1s lugares se levantar\u00eda para las personas vacunadas a partir del mi\u00e9rcoles por la ma\u00f1ana, y se\u00f1al\u00f3 una ca\u00edda del 65 % en la tasa de infecci\u00f3n del virus desde el pico del aumento invernal causado por la variante Omicron de COVID-19, as\u00ed como una estabilizaci\u00f3n en los n\u00fameros de hospitalizaci\u00f3n.<\/p>\n\n\n\n<p>Pero enfatiz\u00f3 que \u201clas personas no vacunadas a\u00fan necesitar\u00e1n usar m\u00e1scaras en el interior\u201d.<\/p>\n\n\n\n<p>El requisito de uso de m\u00e1scaras tambi\u00e9n seguir\u00e1 vigente para todos en otros lugares interiores seleccionados: escuelas, centros de transporte p\u00fablico, aeropuertos, refugios de emergencia, centros de atenci\u00f3n m\u00e9dica, centros correccionales, refugios para personas sin hogar y centros de atenci\u00f3n a largo plazo y para personas mayores.<\/p>\n\n\n\n<p>Las personas no vacunadas deber\u00e1n seguir usando m\u00e1scaras en entornos cerrados, como tiendas minoristas, restaurantes, teatros y oficinas gubernamentales. Se dejar\u00e1 a las empresas individuales hacer cumplir la regla.<\/p>\n\n\n\n<p>El lunes, el estado anunci\u00f3 que seguir\u00e1 exigiendo el uso de m\u00e1scaras en interiores en las escuelas hasta al menos el 28 de febrero, cuando los funcionarios de salud planean reevaluar las m\u00e9tricas de la pandemia y determinar si se puede levantar esa regla. El anuncio se produjo a pesar de las indicaciones anteriores de Newsom de que se levantar\u00eda la regla de la m\u00e1scara escolar, pero recibi\u00f3 cierto rechazo de los sindicatos de maestros.<\/p>\n\n\n\n<p>La decisi\u00f3n del estado de levantar el mandato de uso de m\u00e1scaras en interiores en la mayor\u00eda de los dem\u00e1s lugares afectar\u00e1 a los condados que no tienen mandatos locales de sus propios cobertores faciales de gobierno, como los condados de Orange, Riverside y San Diego. Con el levantamiento del mandato, los parques tem\u00e1ticos Disneyland y Disney&#8217;s California Adventure en el condado de Orange ya no requerir\u00e1n el uso de m\u00e1scaras por parte de los clientes vacunados, ya sea en interiores o exteriores, a partir del jueves. Pero se requerir\u00e1n m\u00e1scaras para todos los invitados en entornos interiores seleccionados, como los transbordadores de Disney y &#8220;en entornos de salud, como en Primeros Auxilios&#8221;.<\/p>\n\n\n\n<p>Tanto en el condado de Pasadena como en el de Los \u00c1ngeles, los requisitos de mascarillas seguir\u00e1n vigentes para las personas vacunadas y no vacunadas en entornos cerrados hasta que el nivel de transmisi\u00f3n del virus del condado caiga al nivel &#8220;moderado&#8221; seg\u00fan lo definido por los Centros para el Control y la Prevenci\u00f3n de Enfermedades de EE. UU. por dos semanas seguidas. Tambi\u00e9n se levantar\u00eda una vez que las vacunas COVID est\u00e9n disponibles para ni\u00f1os menores de 5 a\u00f1os por un total de ocho semanas. No estaba claro cu\u00e1ndo las autoridades federales aprobar\u00e1n las vacunas para ese grupo de edad.<\/p>\n\n\n\n<p>Alcanzar el nivel de transmisi\u00f3n &#8220;moderado&#8221; de los CDC requiere que el condado tenga una tasa acumulativa de casos nuevos de siete d\u00edas de menos de 50 por cada 100,000 residentes. Seg\u00fan el sitio web de los CDC, la tasa del condado era de 458 por cada 100 000 residentes hasta el martes. Ferrer le dijo a la Junta de Supervisores el martes que al ritmo actual la tasa ha estado cayendo, el condado est\u00e1 a favor <\/p>\n\n\n\n<p>se espera que alcance la clasificaci\u00f3n &#8220;moderada&#8221; el 16 de marzo. Eso significar\u00eda que el mandato de m\u00e1scara se levantar\u00eda el 30 de marzo, si no se materializan nuevas &#8220;variantes de preocupaci\u00f3n&#8221; del virus COVID.<\/p>\n\n\n\n<p>Barger reconoci\u00f3 el martes que hay un final a la vista para el mandato de m\u00e1scara, pero dijo que el condado deber\u00eda moverse m\u00e1s r\u00e1pido, alinearse con el estado y levantar el requisito de inmediato.<\/p>\n\n\n\n<p>Ferrer se\u00f1al\u00f3 que el mandato podr\u00eda levantarse antes en algunos lugares interiores donde existen otras &#8220;capas de protecci\u00f3n&#8221;, como las vacunas o pruebas obligatorias de COVID. Ella dijo que el Departamento de Salud P\u00fablica podr\u00eda estar preparado la pr\u00f3xima semana para presentar una recomendaci\u00f3n para flexibilizar la regla en ubicaciones seleccionadas.<\/p>\n\n\n\n<p>El requisito de Pasadena y el condado de Los \u00c1ngeles de que las personas usen m\u00e1scaras en megaeventos al aire libre y al aire libre en escuelas y guarder\u00edas se levant\u00f3 el mi\u00e9rcoles a las 12:01 a.m. Esa decisi\u00f3n se tom\u00f3 cuando el condado cumpli\u00f3 con la pauta previamente anunciada de hospitalizaciones relacionadas con virus que permanecen por debajo de 2,500 durante siete d\u00edas seguidos. El martes marc\u00f3 el sexto d\u00eda consecutivo de cumplimiento de ese requisito, con 1995 hospitalizaciones, seg\u00fan cifras estatales.<\/p>\n\n\n\n<p><\/p>\n","protected":false},"excerpt":{"rendered":"<p>El estado de California elimin\u00f3 el mi\u00e9rcoles el requisito de uso de mascarillas en interiores por el COVID-19 para las personas vacunadas, pero Pasadena seguir\u00e1 aplicando su propia regla de uso de mascarillas en interiores. Sin embargo, la ciudad emiti\u00f3 una nueva orden de salud que relaj\u00f3 los requisitos de m\u00e1scaras al aire libre en las escuelas K-12 y las guarder\u00edas a partir de la medianoche del mi\u00e9rcoles, confirm\u00f3 el director de salud de Pasadena, el Dr. Ying-Ying Goh.La ciudad [&hellip;]<\/p>\n","protected":false},"author":4,"featured_media":14529,"comment_status":"open","ping_status":"closed","sticky":false,"template":"","format":"standard","meta":[],"categories":[4],"tags":[],"acf":[],"_links":{"self":[{"href":"http:\/\/www.pasadenahoy.com\/primero\/wp-json\/wp\/v2\/posts\/14528"}],"collection":[{"href":"http:\/\/www.pasadenahoy.com\/primero\/wp-json\/wp\/v2\/posts"}],"about":[{"href":"http:\/\/www.pasadenahoy.com\/primero\/wp-json\/wp\/v2\/types\/post"}],"author":[{"embeddable":true,"href":"http:\/\/www.pasadenahoy.com\/primero\/wp-json\/wp\/v2\/users\/4"}],"replies":[{"embeddable":true,"href":"http:\/\/www.pasadenahoy.com\/primero\/wp-json\/wp\/v2\/comments?post=14528"}],"version-history":[{"count":2,"href":"http:\/\/www.pasadenahoy.com\/primero\/wp-json\/wp\/v2\/posts\/14528\/revisions"}],"predecessor-version":[{"id":14531,"href":"http:\/\/www.pasadenahoy.com\/primero\/wp-json\/wp\/v2\/posts\/14528\/revisions\/14531"}],"wp:featuredmedia":[{"embeddable":true,"href":"http:\/\/www.pasadenahoy.com\/primero\/wp-json\/wp\/v2\/media\/14529"}],"wp:attachment":[{"href":"http:\/\/www.pasadenahoy.com\/primero\/wp-json\/wp\/v2\/media?parent=14528"}],"wp:term":[{"taxonomy":"category","embeddable":true,"href":"http:\/\/www.pasadenahoy.com\/primero\/wp-json\/wp\/v2\/categories?post=14528"},{"taxonomy":"post_tag","embeddable":true,"href":"http:\/\/www.pasadenahoy.com\/primero\/wp-json\/wp\/v2\/tags?post=14528"}],"curies":[{"name":"wp","href":"https:\/\/api.w.org\/{rel}","templated":true}]}}