{"id":14545,"date":"2022-02-16T15:18:57","date_gmt":"2022-02-16T15:18:57","guid":{"rendered":"http:\/\/www.pasadenahoy.com\/primero\/?p=14545"},"modified":"2022-02-16T15:18:58","modified_gmt":"2022-02-16T15:18:58","slug":"la-ciudad-anuncia-cierres-y-recordatorios-del-dia-de-los-presidentes","status":"publish","type":"post","link":"http:\/\/www.pasadenahoy.com\/primero\/el-gobierno-local\/la-ciudad-anuncia-cierres-y-recordatorios-del-dia-de-los-presidentes\/","title":{"rendered":"La ciudad anuncia cierres y recordatorios del D\u00eda de los Presidentes"},"content":{"rendered":"\n<figure class=\"wp-block-image alignnone size-large\"><figure class=\"alignnone\"><img loading=\"lazy\" width=\"700\" height=\"378\" src=\"http:\/\/www.pasadenahoy.com\/primero\/wp-content\/uploads\/2022\/02\/pic5.jpg\" alt=\"\" class=\"wp-image-14546\" srcset=\"http:\/\/www.pasadenahoy.com\/primero\/wp-content\/uploads\/2022\/02\/pic5.jpg 700w, http:\/\/www.pasadenahoy.com\/primero\/wp-content\/uploads\/2022\/02\/pic5-300x162.jpg 300w, http:\/\/www.pasadenahoy.com\/primero\/wp-content\/uploads\/2022\/02\/pic5-241x130.jpg 241w, http:\/\/www.pasadenahoy.com\/primero\/wp-content\/uploads\/2022\/02\/pic5-333x180.jpg 333w, http:\/\/www.pasadenahoy.com\/primero\/wp-content\/uploads\/2022\/02\/pic5-360x194.jpg 360w\" sizes=\"100vw\" \/><\/figure><\/figure>\n\n\n\n<p>En conmemoraci\u00f3n del D\u00eda de los Presidentes, el ayuntamiento y muchos servicios de la ciudad estar\u00e1n cerrados el lunes 21 de febrero.<\/p>\n\n\n\n<p>El Centro de Servicio al Ciudadano estar\u00e1 cerrado y reabrir\u00e1 a las 8 a. m. el 22 de febrero. La recolecci\u00f3n de basura, reciclaje y desechos de jard\u00edn se realizar\u00e1 el lunes 21 de febrero. No habr\u00e1 demoras en la recolecci\u00f3n para los residentes.<\/p>\n\n\n\n<p>Los residentes y las empresas de Pasadena que experimenten emergencias el\u00e9ctricas deben llamar a Pasadena Water and Power (PWP) al (626) 744-4673. Para emergencias relacionadas con el agua, llame al (626) 744-4138. El centro de llamadas de servicio al cliente de PWP estar\u00e1 cerrado el lunes 21 de febrero; sin embargo, los clientes pueden acceder a sus cuentas y realizar pagos a trav\u00e9s del sistema telef\u00f3nico automatizado al (626) 744-4005 o en l\u00ednea en www.PWPweb.com.<\/p>\n\n\n\n<p>El Centro de Pago de Servicios Municipales y la Oficina de Estacionamiento de la Ciudad tambi\u00e9n estar\u00e1n cerrados el D\u00eda de los Presidentes. Todos los parqu\u00edmetros ser\u00e1n gratuitos y no se aplicar\u00e1n l\u00edmites de tiempo de estacionamiento. Se emitir\u00e1n infracciones por restricciones de estacionamiento durante la noche, estacionamiento en la acera roja y bloqueo de hidrantes contra incendios. La aplicaci\u00f3n de parqu\u00edmetros se reanuda el 22 de febrero.<\/p>\n\n\n\n<p>Los autobuses de Pasadena Transit y Dial-A-Ride operar\u00e1n en sus horarios regulares.<\/p>\n\n\n\n<p>El Centro de Permisos estar\u00e1 cerrado el D\u00eda de los Presidentes; sin embargo, algunos servicios estar\u00e1n disponibles a trav\u00e9s del Centro de permisos en l\u00ednea, donde se pueden obtener permisos de subcomercio y se pueden enviar planes para mejoras de inquilinos comerciales (nuevas presentaciones) y unidades de vivienda accesorias. Las operaciones en persona se reanudar\u00e1n el 22 de febrero.<\/p>\n\n\n\n<p>Todas las bibliotecas p\u00fablicas de Pasadena estar\u00e1n cerradas el domingo y el lunes 20 y 21 de febrero y reabrir\u00e1n al p\u00fablico el martes 22 de febrero.<\/p>\n\n\n\n<p>Los Departamentos de Bomberos y Polic\u00eda de Pasadena continuar\u00e1n brindando servicios de patrulla, c\u00e1rcel, bomberos, param\u00e9dicos y otros servicios de emergencia durante las vacaciones. Para emergencias que pongan en peligro la vida, recuerde siempre llamar al 9-1-1. Para situaciones que no sean de emergencia, llame al Departamento de Polic\u00eda de Pasadena al (626) 744-4241. Si ves algo, di algo.&#8221; Reporte cualquier actividad sospechosa al departamento de polic\u00eda al (626) 744-4241.<\/p>\n\n\n\n<p>El Ayuntamiento de Pasadena no se reunir\u00e1 el D\u00eda de los Presidentes. La pr\u00f3xima reuni\u00f3n del consejo est\u00e1 programada para el lunes 28 de febrero.<\/p>\n","protected":false},"excerpt":{"rendered":"<p>En conmemoraci\u00f3n del D\u00eda de los Presidentes, el ayuntamiento y muchos servicios de la ciudad estar\u00e1n cerrados el lunes 21 de febrero. El Centro de Servicio al Ciudadano estar\u00e1 cerrado y reabrir\u00e1 a las 8 a. m. el 22 de febrero. La recolecci\u00f3n de basura, reciclaje y desechos de jard\u00edn se realizar\u00e1 el lunes 21 de febrero. No habr\u00e1 demoras en la recolecci\u00f3n para los residentes. Los residentes y las empresas de Pasadena que experimenten emergencias el\u00e9ctricas deben llamar a [&hellip;]<\/p>\n","protected":false},"author":4,"featured_media":0,"comment_status":"open","ping_status":"closed","sticky":false,"template":"","format":"standard","meta":[],"categories":[6],"tags":[],"acf":[],"_links":{"self":[{"href":"http:\/\/www.pasadenahoy.com\/primero\/wp-json\/wp\/v2\/posts\/14545"}],"collection":[{"href":"http:\/\/www.pasadenahoy.com\/primero\/wp-json\/wp\/v2\/posts"}],"about":[{"href":"http:\/\/www.pasadenahoy.com\/primero\/wp-json\/wp\/v2\/types\/post"}],"author":[{"embeddable":true,"href":"http:\/\/www.pasadenahoy.com\/primero\/wp-json\/wp\/v2\/users\/4"}],"replies":[{"embeddable":true,"href":"http:\/\/www.pasadenahoy.com\/primero\/wp-json\/wp\/v2\/comments?post=14545"}],"version-history":[{"count":2,"href":"http:\/\/www.pasadenahoy.com\/primero\/wp-json\/wp\/v2\/posts\/14545\/revisions"}],"predecessor-version":[{"id":14548,"href":"http:\/\/www.pasadenahoy.com\/primero\/wp-json\/wp\/v2\/posts\/14545\/revisions\/14548"}],"wp:attachment":[{"href":"http:\/\/www.pasadenahoy.com\/primero\/wp-json\/wp\/v2\/media?parent=14545"}],"wp:term":[{"taxonomy":"category","embeddable":true,"href":"http:\/\/www.pasadenahoy.com\/primero\/wp-json\/wp\/v2\/categories?post=14545"},{"taxonomy":"post_tag","embeddable":true,"href":"http:\/\/www.pasadenahoy.com\/primero\/wp-json\/wp\/v2\/tags?post=14545"}],"curies":[{"name":"wp","href":"https:\/\/api.w.org\/{rel}","templated":true}]}}