{"id":14562,"date":"2022-02-17T15:03:19","date_gmt":"2022-02-17T15:03:19","guid":{"rendered":"http:\/\/www.pasadenahoy.com\/primero\/?p=14562"},"modified":"2022-02-17T15:03:20","modified_gmt":"2022-02-17T15:03:20","slug":"las-muertes-por-covid-de-pasadena-se-acercan-a-la-marca-de-400-el-condado-supera-las-30000","status":"publish","type":"post","link":"http:\/\/www.pasadenahoy.com\/primero\/la-comunidad\/las-muertes-por-covid-de-pasadena-se-acercan-a-la-marca-de-400-el-condado-supera-las-30000\/","title":{"rendered":"Las muertes por COVID de Pasadena se acercan a la marca de 400, el condado supera las 30,000"},"content":{"rendered":"\n<figure class=\"wp-block-image alignnone size-large\"><figure class=\"alignnone\"><img loading=\"lazy\" width=\"700\" height=\"378\" src=\"http:\/\/www.pasadenahoy.com\/primero\/wp-content\/uploads\/2022\/02\/pic-2-8.jpg\" alt=\"\" class=\"wp-image-14563\" srcset=\"http:\/\/www.pasadenahoy.com\/primero\/wp-content\/uploads\/2022\/02\/pic-2-8.jpg 700w, http:\/\/www.pasadenahoy.com\/primero\/wp-content\/uploads\/2022\/02\/pic-2-8-300x162.jpg 300w, http:\/\/www.pasadenahoy.com\/primero\/wp-content\/uploads\/2022\/02\/pic-2-8-241x130.jpg 241w, http:\/\/www.pasadenahoy.com\/primero\/wp-content\/uploads\/2022\/02\/pic-2-8-333x180.jpg 333w, http:\/\/www.pasadenahoy.com\/primero\/wp-content\/uploads\/2022\/02\/pic-2-8-360x194.jpg 360w\" sizes=\"100vw\" \/><figcaption><span class=\"caption-text\">[Shutterstock]<\/span><\/figcaption><\/figure><\/figure>\n\n\n\n<p>El d\u00eda en que levant\u00f3 su mandato de uso de m\u00e1scaras al aire libre gracias a la disminuci\u00f3n del n\u00famero de hospitalizaciones por COVID-19, el Departamento de Salud P\u00fablica de Pasadena inform\u00f3 otras 4 muertes relacionadas con el coronavirus en sus \u00faltimos datos, acercando a la ciudad al sombr\u00edo hito de 400 de esas muertes durante la pandemia<br>Pasadena dijo que dos de las muertes reportadas el mi\u00e9rcoles fueron de enero y dos de principios de febrero. Una persona estaba completamente vacunada, dos estaban parcialmente vacunadas y se desconoc\u00eda el estado de la cuarta. Todos ten\u00edan m\u00e1s de 80 a\u00f1os.<\/p>\n\n\n\n<p>El condado de Los \u00c1ngeles inform\u00f3 el mi\u00e9rcoles que super\u00f3 las 30,000 muertes relacionadas con COVID.<\/p>\n\n\n\n<p>Las cifras aleccionadoras sirvieron como recordatorios de que el virus continuaba cobrando vidas, incluso cuando las restricciones comienzan a disminuir a nivel local y estatal en respuesta a la ca\u00edda de las tasas de transmisi\u00f3n y el n\u00famero de casos diarios que marcaron el final del aumento invernal de infecciones.<\/p>\n\n\n\n<p>\u201cAunque ingresar a la etapa posterior a la oleada es una buena noticia, todos somos conscientes de que la etapa posterior a la oleada no significa que la pandemia haya terminado, que la transmisi\u00f3n sea baja o que no habr\u00e1 oleadas adicionales impredecibles de oleadas en el futuro que requerir\u00e1n medidas de salud p\u00fablica\u201d, dijo la directora de salud p\u00fablica del condado, B\u00e1rbara Ferrer, en un comunicado.<\/p>\n\n\n\n<p>Las 102 muertes reportadas el mi\u00e9rcoles le dieron al condado un n\u00famero de muertes por pandemia de 30,081.<\/p>\n\n\n\n<p>Tambi\u00e9n se informaron otras 3,348 infecciones por COVID, lo que elev\u00f3 el total acumulativo de la pandemia del condado a 2,769,372.<\/p>\n\n\n\n<p>La tasa diaria promedio m\u00f3vil de personas que dieron positivo por el virus fue del 3% a partir del mi\u00e9rcoles.<\/p>\n\n\n\n<p>Seg\u00fan cifras estatales, hab\u00eda 1.835 pacientes con COVID-positivo en los hospitales del condado hasta el mi\u00e9rcoles, frente a los 1.995 del d\u00eda anterior. El n\u00famero de esos pacientes tratados en cuidados intensivos fue de 388, frente a los 423 del martes.<\/p>\n\n\n\n<p>La eliminaci\u00f3n de Pasadena del mandato de uso de m\u00e1scaras al aire libre coincidi\u00f3 con el levantamiento del estado el mi\u00e9rcoles del requisito de uso de m\u00e1scaras en interiores para residentes completamente vacunados. Sin embargo, tanto la ciudad como el condado de Los \u00c1ngeles mantendr\u00e1n su mandato de uso de mascarillas en interiores para todas las personas, independientemente del estado de vacunaci\u00f3n.<\/p>\n\n\n\n<p>La directora de salud p\u00fablica del condado, la Dra. B\u00e1rbara Ferrer, dijo nuevamente el martes que la regla del uso de m\u00e1scaras en interiores del condado permanecer\u00e1 vigente hasta que la tasa de transmisi\u00f3n del virus del condado caiga al nivel &#8220;moderado&#8221;, seg\u00fan lo definido por los Centros para el Control y la Prevenci\u00f3n de Enfermedades de EE. all\u00ed durante dos semanas. Ferrer dijo que la tasa del condado est\u00e1 disminuyendo y, al ritmo actual, deber\u00eda alcanzar el nivel &#8220;moderado&#8221; para el 16 de marzo, lo que significa que el requisito de m\u00e1scara para interiores podr\u00eda eliminarse para el 30 de marzo.<\/p>\n\n\n\n<p>Ella dijo que entiende el deseo de los residentes de quitarse las cubiertas faciales, pero el \u201cproblema es de tiempo\u201d. Ferrer dijo que las m\u00e1scaras son un nivel cr\u00edtico de protecci\u00f3n cuando la transmisi\u00f3n del virus sigue siendo alta.<\/p>\n\n\n\n<p>Ferrer inst\u00f3 a todos los que asistieron al Super Bowl, donde la gran mayor\u00eda de los fan\u00e1ticos ignoraron la regla de usar m\u00e1scaras, o vieron el juego en un lugar lleno de gente con personas sin m\u00e1scaras, a considerar hacerse la prueba de COVID.<\/p>\n\n\n\n<p>\u201cA los muchos residentes que vieron el Super Bowl el fin de semana pasado en el estadio SoFi, con amigos y familiares en su casa, o en un bar o restaurante local, h\u00e1ganse la prueba si estuvieron en lugares llenos de gente donde muchos estaban sin m\u00e1scara\u201d, dijo. en un comunicado el martes. \u201cEsto es particularmente importante para cualquier persona que experimente s\u00edntomas de enfermedad. Nos gustar\u00eda evitar los aumentos de casos que a veces se han producido tras grandes eventos deportivos. Para aquellos que celebran en el desfile de la victoria del Super Bowl de los Rams (mi\u00e9rcoles), ser cautelosos todav\u00eda tiene sentido, as\u00ed que contin\u00faen usando m\u00e1scaras si est\u00e1n en contacto cercano con muchos otros\u201d.<\/p>\n","protected":false},"excerpt":{"rendered":"<p>El d\u00eda en que levant\u00f3 su mandato de uso de m\u00e1scaras al aire libre gracias a la disminuci\u00f3n del n\u00famero de hospitalizaciones por COVID-19, el Departamento de Salud P\u00fablica de Pasadena inform\u00f3 otras 4 muertes relacionadas con el coronavirus en sus \u00faltimos datos, acercando a la ciudad al sombr\u00edo hito de 400 de esas muertes durante la pandemiaPasadena dijo que dos de las muertes reportadas el mi\u00e9rcoles fueron de enero y dos de principios de febrero. Una persona estaba completamente [&hellip;]<\/p>\n","protected":false},"author":4,"featured_media":14563,"comment_status":"open","ping_status":"closed","sticky":false,"template":"","format":"standard","meta":[],"categories":[4],"tags":[],"acf":[],"_links":{"self":[{"href":"http:\/\/www.pasadenahoy.com\/primero\/wp-json\/wp\/v2\/posts\/14562"}],"collection":[{"href":"http:\/\/www.pasadenahoy.com\/primero\/wp-json\/wp\/v2\/posts"}],"about":[{"href":"http:\/\/www.pasadenahoy.com\/primero\/wp-json\/wp\/v2\/types\/post"}],"author":[{"embeddable":true,"href":"http:\/\/www.pasadenahoy.com\/primero\/wp-json\/wp\/v2\/users\/4"}],"replies":[{"embeddable":true,"href":"http:\/\/www.pasadenahoy.com\/primero\/wp-json\/wp\/v2\/comments?post=14562"}],"version-history":[{"count":2,"href":"http:\/\/www.pasadenahoy.com\/primero\/wp-json\/wp\/v2\/posts\/14562\/revisions"}],"predecessor-version":[{"id":14565,"href":"http:\/\/www.pasadenahoy.com\/primero\/wp-json\/wp\/v2\/posts\/14562\/revisions\/14565"}],"wp:featuredmedia":[{"embeddable":true,"href":"http:\/\/www.pasadenahoy.com\/primero\/wp-json\/wp\/v2\/media\/14563"}],"wp:attachment":[{"href":"http:\/\/www.pasadenahoy.com\/primero\/wp-json\/wp\/v2\/media?parent=14562"}],"wp:term":[{"taxonomy":"category","embeddable":true,"href":"http:\/\/www.pasadenahoy.com\/primero\/wp-json\/wp\/v2\/categories?post=14562"},{"taxonomy":"post_tag","embeddable":true,"href":"http:\/\/www.pasadenahoy.com\/primero\/wp-json\/wp\/v2\/tags?post=14562"}],"curies":[{"name":"wp","href":"https:\/\/api.w.org\/{rel}","templated":true}]}}