{"id":14570,"date":"2022-02-17T15:12:30","date_gmt":"2022-02-17T15:12:30","guid":{"rendered":"http:\/\/www.pasadenahoy.com\/primero\/?p=14570"},"modified":"2022-02-17T15:12:31","modified_gmt":"2022-02-17T15:12:31","slug":"el-clima-calido-y-soleado-se-recupera-despues-de-la-tormenta-de-granizo-anterior-de-la-semana","status":"publish","type":"post","link":"http:\/\/www.pasadenahoy.com\/primero\/la-comunidad\/el-clima-calido-y-soleado-se-recupera-despues-de-la-tormenta-de-granizo-anterior-de-la-semana\/","title":{"rendered":"El clima c\u00e1lido y soleado se recupera despu\u00e9s de la tormenta de granizo anterior de la semana"},"content":{"rendered":"\n<figure class=\"wp-block-image alignnone size-large\"><figure class=\"alignnone\"><img loading=\"lazy\" width=\"700\" height=\"378\" src=\"http:\/\/www.pasadenahoy.com\/primero\/wp-content\/uploads\/2022\/02\/pic-4-10.jpg\" alt=\"\" class=\"wp-image-14571\" srcset=\"http:\/\/www.pasadenahoy.com\/primero\/wp-content\/uploads\/2022\/02\/pic-4-10.jpg 700w, http:\/\/www.pasadenahoy.com\/primero\/wp-content\/uploads\/2022\/02\/pic-4-10-300x162.jpg 300w, http:\/\/www.pasadenahoy.com\/primero\/wp-content\/uploads\/2022\/02\/pic-4-10-241x130.jpg 241w, http:\/\/www.pasadenahoy.com\/primero\/wp-content\/uploads\/2022\/02\/pic-4-10-333x180.jpg 333w, http:\/\/www.pasadenahoy.com\/primero\/wp-content\/uploads\/2022\/02\/pic-4-10-360x194.jpg 360w\" sizes=\"100vw\" \/><\/figure><\/figure>\n\n\n\n<p>Despu\u00e9s de un caluroso domingo de Super Bowl seguido de casi una pulgada de granizo y rel\u00e1mpagos el martes, Pasadena vuelve a tener un clima templado con una tendencia al calentamiento en Pasadena hasta el final de la semana.<\/p>\n\n\n\n<p>Las r\u00e1fagas de viento de Santa Ana de hasta 25 mph pueden ocurrir localmente. Se esperan vientos m\u00e1s fuertes en todo el condado.<\/p>\n\n\n\n<p>El m\u00e1ximo esperado para el d\u00eda es un poco m\u00e1s alto que el promedio de febrero de 72, bajo un cielo soleado.<\/p>\n\n\n\n<p>El viernes deber\u00eda ser a\u00fan m\u00e1s c\u00e1lido con 76 y el s\u00e1bado con un m\u00e1ximo de 77.<\/p>\n\n\n\n<p>Un sistema de tormentas fr\u00edas podr\u00eda traer r\u00e1fagas de viento junto con lluvia y nieve de monta\u00f1a a la regi\u00f3n a principios de la pr\u00f3xima semana.<\/p>\n\n\n\n<p>Aqu\u00ed est\u00e1 el pron\u00f3stico detallado para la pr\u00f3xima semana, del Servicio Meteorol\u00f3gico Nacional:<\/p>\n\n\n\n<p>Hoy: Soleado, la m\u00e1xima alrededor de 72. Viento del nor noreste de 5 a 15 mph y luego llegar\u00e1 del este sureste por la tarde. Los vientos podr\u00edan tener r\u00e1fagas de hasta 25 mph.<\/p>\n\n\n\n<p>Esta Noche: Mayormente despejado, la m\u00ednima alrededor de 47. Viento del noreste alrededor de 5 mph.<\/p>\n\n\n\n<p>Viernes: Soleado, la m\u00e1xima alrededor de 76. Viento del nor noreste alrededor de 5 mph y luego llegar\u00e1 del sur suroeste por la tarde.<\/p>\n\n\n\n<p>Vie. por la Noche: Mayormente despejado, la m\u00ednima alrededor de 48. Viento del oeste de 5 a 10 mph y luego llegar\u00e1 del noreste por la noche.<\/p>\n\n\n\n<p>S\u00e1bado: Soleado, la m\u00e1xima alrededor de 77. Viento del nor noreste de 5 a 10 mph y luego llegar\u00e1 del sur suroeste por la tarde.<\/p>\n\n\n\n<p>S\u00e1b. por la Noche: Mayormente despejado, la m\u00ednima alrededor de 47.<\/p>\n\n\n\n<p>Domingo: Soleado, la m\u00e1xima alrededor de 69.<\/p>\n\n\n\n<p>Dom. por la Noche: Mayormente nublado, la m\u00ednima alrededor de 48.<\/p>\n\n\n\n<p>Cumplea\u00f1os de Washington: Parcialmente soleado, la m\u00e1xima cerca de 63.<\/p>\n\n\n\n<p>Lun. por la Noche: Medio nublado, la m\u00ednima alrededor de 42.<\/p>\n\n\n\n<p>Martes: Parcialmente soleado, la m\u00e1xima alrededor de 61.<\/p>\n\n\n\n<p>Mar. por la Noche: Poca probabilidad de lluvias. Medio nublado, la m\u00ednima alrededor de 40.<\/p>\n\n\n\n<p>Mi\u00e9rcoles: Poca probabilidad de lluvia. Mayormente soleado, la m\u00e1xima alrededor de 61.<\/p>\n","protected":false},"excerpt":{"rendered":"<p>Despu\u00e9s de un caluroso domingo de Super Bowl seguido de casi una pulgada de granizo y rel\u00e1mpagos el martes, Pasadena vuelve a tener un clima templado con una tendencia al calentamiento en Pasadena hasta el final de la semana. Las r\u00e1fagas de viento de Santa Ana de hasta 25 mph pueden ocurrir localmente. Se esperan vientos m\u00e1s fuertes en todo el condado. El m\u00e1ximo esperado para el d\u00eda es un poco m\u00e1s alto que el promedio de febrero de 72, [&hellip;]<\/p>\n","protected":false},"author":4,"featured_media":0,"comment_status":"open","ping_status":"closed","sticky":false,"template":"","format":"standard","meta":[],"categories":[4],"tags":[],"acf":[],"_links":{"self":[{"href":"http:\/\/www.pasadenahoy.com\/primero\/wp-json\/wp\/v2\/posts\/14570"}],"collection":[{"href":"http:\/\/www.pasadenahoy.com\/primero\/wp-json\/wp\/v2\/posts"}],"about":[{"href":"http:\/\/www.pasadenahoy.com\/primero\/wp-json\/wp\/v2\/types\/post"}],"author":[{"embeddable":true,"href":"http:\/\/www.pasadenahoy.com\/primero\/wp-json\/wp\/v2\/users\/4"}],"replies":[{"embeddable":true,"href":"http:\/\/www.pasadenahoy.com\/primero\/wp-json\/wp\/v2\/comments?post=14570"}],"version-history":[{"count":2,"href":"http:\/\/www.pasadenahoy.com\/primero\/wp-json\/wp\/v2\/posts\/14570\/revisions"}],"predecessor-version":[{"id":14573,"href":"http:\/\/www.pasadenahoy.com\/primero\/wp-json\/wp\/v2\/posts\/14570\/revisions\/14573"}],"wp:attachment":[{"href":"http:\/\/www.pasadenahoy.com\/primero\/wp-json\/wp\/v2\/media?parent=14570"}],"wp:term":[{"taxonomy":"category","embeddable":true,"href":"http:\/\/www.pasadenahoy.com\/primero\/wp-json\/wp\/v2\/categories?post=14570"},{"taxonomy":"post_tag","embeddable":true,"href":"http:\/\/www.pasadenahoy.com\/primero\/wp-json\/wp\/v2\/tags?post=14570"}],"curies":[{"name":"wp","href":"https:\/\/api.w.org\/{rel}","templated":true}]}}