{"id":14578,"date":"2022-02-17T15:20:46","date_gmt":"2022-02-17T15:20:46","guid":{"rendered":"http:\/\/www.pasadenahoy.com\/primero\/?p=14578"},"modified":"2022-02-17T15:20:47","modified_gmt":"2022-02-17T15:20:47","slug":"la-metro-reducira-el-servicio-de-autobuses-y-trenes-debido-a-la-escasez-de-operadores","status":"publish","type":"post","link":"http:\/\/www.pasadenahoy.com\/primero\/la-comunidad\/la-metro-reducira-el-servicio-de-autobuses-y-trenes-debido-a-la-escasez-de-operadores\/","title":{"rendered":"LA Metro reducir\u00e1 el servicio de autobuses y trenes debido a la escasez de operadores"},"content":{"rendered":"\n<figure class=\"wp-block-image alignnone size-large\"><figure class=\"alignnone\"><img loading=\"lazy\" width=\"700\" height=\"378\" src=\"http:\/\/www.pasadenahoy.com\/primero\/wp-content\/uploads\/2022\/02\/pic-6-6.jpg\" alt=\"\" class=\"wp-image-14579\" srcset=\"http:\/\/www.pasadenahoy.com\/primero\/wp-content\/uploads\/2022\/02\/pic-6-6.jpg 700w, http:\/\/www.pasadenahoy.com\/primero\/wp-content\/uploads\/2022\/02\/pic-6-6-300x162.jpg 300w, http:\/\/www.pasadenahoy.com\/primero\/wp-content\/uploads\/2022\/02\/pic-6-6-241x130.jpg 241w, http:\/\/www.pasadenahoy.com\/primero\/wp-content\/uploads\/2022\/02\/pic-6-6-333x180.jpg 333w, http:\/\/www.pasadenahoy.com\/primero\/wp-content\/uploads\/2022\/02\/pic-6-6-360x194.jpg 360w\" sizes=\"100vw\" \/><\/figure><\/figure>\n\n\n\n<p>Dado que Metro enfrenta escasez de personal principalmente debido a la pandemia, la autoridad de transporte del condado de Los \u00c1ngeles realizar\u00e1 ajustes temporales en el servicio, que incluyen horas de operaci\u00f3n reducidas y tiempos de espera m\u00e1s prolongados, a partir del domingo 20 de febrero.<\/p>\n\n\n\n<p>Los cambios afectar\u00e1n la l\u00ednea de autob\u00fas 267 y la l\u00ednea L del servicio ferroviario, las cuales pasan por Pasadena.<\/p>\n\n\n\n<p>The Source, el blog en l\u00ednea de Metro, informa que las reducciones del servicio tienen como objetivo \u201cevitar m\u00e1s cancelaciones inesperadas causadas por la escasez de operadores\u201d.<\/p>\n\n\n\n<p>El informe dice que el servicio de la l\u00ednea de autob\u00fas 267, que pasa por Altadena, Pasadena, Arcadia y El Monte, y al menos otras 60 l\u00edneas, estar\u00e1 programado para operar en promedio de cinco a 10 minutos menos de lo normal durante el d\u00eda y la noche. .<\/p>\n\n\n\n<p>\u201cNuestras l\u00edneas de autob\u00fas m\u00e1s concurridas seguir\u00e1n funcionando cada cinco a 15 minutos entre semana\u201d, dijo Metro en un comunicado. \u201cNinguna l\u00ednea de autob\u00fas pasar\u00e1 menos de cada 60 minutos. El servicio comenzar\u00e1 y terminar\u00e1 en los horarios habituales en cada ruta. Y las rutas no est\u00e1n cambiando\u201d.<\/p>\n\n\n\n<p>La otra l\u00ednea de autob\u00fas que sirve a Pasadena, Metro Bus 501, no se ver\u00e1 afectada, seg\u00fan mostr\u00f3 el horario de Metro.<\/p>\n\n\n\n<p>Los trenes Gold Line Metro funcionar\u00e1n cada 10 minutos durante las horas pico entre semana en lugar de cada ocho minutos. El servicio de tren ligero del mediod\u00eda y los fines de semana permanecer\u00e1 en los trenes cada 12 minutos, y las tardes continuar\u00e1n con trenes cada 20 minutos, agrega el comunicado.<\/p>\n\n\n\n<p>Metro dijo que la reducci\u00f3n de operadores se produjo debido a una &#8220;tormenta perfecta&#8221; que incluye la escasez de mano de obra nacional, el desgaste mayor que la contrataci\u00f3n y los empleados que contraen COVID-19.<\/p>\n\n\n\n<p>Los operadores de autobuses comenzaron a dejar la agencia a tasas m\u00e1s altas de lo que estaban siendo contratados en julio de 2021. Desde entonces, 356 operadores de autobuses han dejado la agencia y solo 207 fueron contratados al 27 de enero. En diciembre, 11 fueron contratados y 32 se fueron. .<\/p>\n\n\n\n<p>La agencia tiene alrededor de 3119 operadores de autobuses y necesita agregar 448 adicionales. Tambi\u00e9n ha bajado 28 operadores ferroviarios, con solo 298 trabajando actualmente al 27 de enero.<\/p>\n\n\n\n<p>Para responder a la escasez de personal, Metro se ha embarcado en un agresivo programa de contrataci\u00f3n, ofreciendo un bono de $3,000 para los nuevos operadores de trenes y autobuses. Las tarifas por hora para las nuevas contrataciones comenzar\u00e1n en $19.12 y los beneficios incluir\u00e1n seguro m\u00e9dico, reembolsos de matr\u00edcula, capacitaci\u00f3n paga, opciones de planes de jubilaci\u00f3n y horarios de trabajo flexibles, dijo Metro.<\/p>\n\n\n\n<p>\u201cAnima a tus amigos, familiares y miembros de la comunidad a formar parte del equipo de Metro que brinda excelencia en el servicio y apoyo y mantiene a nuestra regi\u00f3n en movimiento\u201d, dice el comunicado.<\/p>\n\n\n\n<p>Para solicitar puestos de operador en Metro, visite <a href=\"http:\/\/www.metro.net\/driveLA\">www.metro.net\/driveLA<\/a>.<\/p>\n","protected":false},"excerpt":{"rendered":"<p>Dado que Metro enfrenta escasez de personal principalmente debido a la pandemia, la autoridad de transporte del condado de Los \u00c1ngeles realizar\u00e1 ajustes temporales en el servicio, que incluyen horas de operaci\u00f3n reducidas y tiempos de espera m\u00e1s prolongados, a partir del domingo 20 de febrero. Los cambios afectar\u00e1n la l\u00ednea de autob\u00fas 267 y la l\u00ednea L del servicio ferroviario, las cuales pasan por Pasadena. The Source, el blog en l\u00ednea de Metro, informa que las reducciones del servicio [&hellip;]<\/p>\n","protected":false},"author":4,"featured_media":0,"comment_status":"open","ping_status":"closed","sticky":false,"template":"","format":"standard","meta":[],"categories":[4],"tags":[],"acf":[],"_links":{"self":[{"href":"http:\/\/www.pasadenahoy.com\/primero\/wp-json\/wp\/v2\/posts\/14578"}],"collection":[{"href":"http:\/\/www.pasadenahoy.com\/primero\/wp-json\/wp\/v2\/posts"}],"about":[{"href":"http:\/\/www.pasadenahoy.com\/primero\/wp-json\/wp\/v2\/types\/post"}],"author":[{"embeddable":true,"href":"http:\/\/www.pasadenahoy.com\/primero\/wp-json\/wp\/v2\/users\/4"}],"replies":[{"embeddable":true,"href":"http:\/\/www.pasadenahoy.com\/primero\/wp-json\/wp\/v2\/comments?post=14578"}],"version-history":[{"count":2,"href":"http:\/\/www.pasadenahoy.com\/primero\/wp-json\/wp\/v2\/posts\/14578\/revisions"}],"predecessor-version":[{"id":14581,"href":"http:\/\/www.pasadenahoy.com\/primero\/wp-json\/wp\/v2\/posts\/14578\/revisions\/14581"}],"wp:attachment":[{"href":"http:\/\/www.pasadenahoy.com\/primero\/wp-json\/wp\/v2\/media?parent=14578"}],"wp:term":[{"taxonomy":"category","embeddable":true,"href":"http:\/\/www.pasadenahoy.com\/primero\/wp-json\/wp\/v2\/categories?post=14578"},{"taxonomy":"post_tag","embeddable":true,"href":"http:\/\/www.pasadenahoy.com\/primero\/wp-json\/wp\/v2\/tags?post=14578"}],"curies":[{"name":"wp","href":"https:\/\/api.w.org\/{rel}","templated":true}]}}