{"id":14589,"date":"2022-02-18T15:08:14","date_gmt":"2022-02-18T15:08:14","guid":{"rendered":"http:\/\/www.pasadenahoy.com\/primero\/?p=14589"},"modified":"2022-02-18T15:08:15","modified_gmt":"2022-02-18T15:08:15","slug":"rivas-saca-papeles-para-elecciones-municipales-de-junio","status":"publish","type":"post","link":"http:\/\/www.pasadenahoy.com\/primero\/el-gobierno-local\/rivas-saca-papeles-para-elecciones-municipales-de-junio\/","title":{"rendered":"Rivas saca papeles para elecciones municipales de junio"},"content":{"rendered":"\n<figure class=\"wp-block-image alignnone size-large\"><figure class=\"alignnone\"><img loading=\"lazy\" width=\"700\" height=\"378\" src=\"http:\/\/www.pasadenahoy.com\/primero\/wp-content\/uploads\/2022\/02\/pic-2-3.png\" alt=\"\" class=\"wp-image-14590\" srcset=\"http:\/\/www.pasadenahoy.com\/primero\/wp-content\/uploads\/2022\/02\/pic-2-3.png 700w, http:\/\/www.pasadenahoy.com\/primero\/wp-content\/uploads\/2022\/02\/pic-2-3-300x162.png 300w, http:\/\/www.pasadenahoy.com\/primero\/wp-content\/uploads\/2022\/02\/pic-2-3-241x130.png 241w, http:\/\/www.pasadenahoy.com\/primero\/wp-content\/uploads\/2022\/02\/pic-2-3-333x180.png 333w, http:\/\/www.pasadenahoy.com\/primero\/wp-content\/uploads\/2022\/02\/pic-2-3-360x194.png 360w\" sizes=\"100vw\" \/><figcaption><span class=\"caption-text\">Jess Rivas<\/span><\/figcaption><\/figure><\/figure>\n\n\n\n<p>El titular del Distrito 5, Jess Rivas, ha dado los primeros pasos para calificar para las elecciones de junio.<\/p>\n\n\n\n<p>Seg\u00fan el sitio web de la Secretar\u00eda Municipal, el concejal del Distrito 5, Jess Rivas, retir\u00f3 los papeles el mi\u00e9rcoles por la noche.<\/p>\n\n\n\n<p>Esta ser\u00e1 la primera elecci\u00f3n de Rivas. Fue nombrada para el puesto por el Concejo Municipal en una reuni\u00f3n especial despu\u00e9s de que V\u00edctor Gordo renunci\u00f3 despu\u00e9s de ganar la carrera por la alcald\u00eda.<\/p>\n\n\n\n<p>Rivas ha recaudado $46,334.83 desde julio.<\/p>\n\n\n\n<p>Rivas no ha aceptado donaciones de m\u00e1s de $5,000 y se opuso a las donaciones de campa\u00f1a ilimitadas el a\u00f1o pasado cuando el Concejo Municipal discuti\u00f3 el asunto.<\/p>\n\n\n\n<p>Hasta el momento ning\u00fan otro posible candidato ha sacado papeles en el distrito.<\/p>\n\n\n\n<p>Este a\u00f1o los votantes de los distritos 3, 5 y 7 ir\u00e1n a las urnas para decidir qui\u00e9nes representar\u00e1n a sus vecindarios en esos distritos.<\/p>\n\n\n\n<p>Si ning\u00fan candidato recibe m\u00e1s del 50 por ciento de los votos, la elecci\u00f3n ir\u00e1 a una segunda vuelta en noviembre.<\/p>\n\n\n\n<p>En el Distrito 3, el Titular John Kennedy y Brandon Lamar sacaron papeles, y en el Distrito 7, el Comisionado del Noroeste Allen Shay, el Comisionado de Planificaci\u00f3n Jason Lyon y Ciran Hadjian, un excomisionado con d\u00e9cadas de servicio en la ciudad, sacaron papeles para reemplazar al Vicealcalde Andy. Wilson, que no busca la reelecci\u00f3n.<\/p>\n\n\n\n<p>Se requiere que los candidatos circulen peticiones de nominaci\u00f3n para recolectar firmas de votantes registrados para que sus nombres se incluyan en la boleta electoral del 7 de junio.<\/p>\n\n\n\n<p>Esta es la segunda elecci\u00f3n local desde que la ciudad movi\u00f3 sus elecciones para que coincidieran con las elecciones estatales de conformidad con la Ley de Participaci\u00f3n de Votantes de California (California Voters Participation Act, CVPA). Las ciudades cumplieron con el llamado a mover las elecciones locales, que fue dise\u00f1ado para aumentar la participaci\u00f3n electoral. Como resultado del cambio, la ciudad ya no realiza sus propias elecciones.<\/p>\n\n\n\n<p>En la primera elecci\u00f3n en la que la campa\u00f1a se vio afectada por el COVID-19, m\u00e1s del 81 % de los votantes registrados de Pasadena emitieron su voto en las Elecciones Generales de noviembre, seg\u00fan la Oficina del Secretario\/Registrador del Condado de Los \u00c1ngeles.<\/p>\n\n\n\n<p>En total, 74.290 de 91.498 votantes registrados, o el 81,18%, emitieron su voto.<\/p>\n","protected":false},"excerpt":{"rendered":"<p>El titular del Distrito 5, Jess Rivas, ha dado los primeros pasos para calificar para las elecciones de junio. Seg\u00fan el sitio web de la Secretar\u00eda Municipal, el concejal del Distrito 5, Jess Rivas, retir\u00f3 los papeles el mi\u00e9rcoles por la noche. Esta ser\u00e1 la primera elecci\u00f3n de Rivas. Fue nombrada para el puesto por el Concejo Municipal en una reuni\u00f3n especial despu\u00e9s de que V\u00edctor Gordo renunci\u00f3 despu\u00e9s de ganar la carrera por la alcald\u00eda. Rivas ha recaudado $46,334.83 [&hellip;]<\/p>\n","protected":false},"author":4,"featured_media":14590,"comment_status":"open","ping_status":"closed","sticky":false,"template":"","format":"standard","meta":[],"categories":[6],"tags":[],"acf":[],"_links":{"self":[{"href":"http:\/\/www.pasadenahoy.com\/primero\/wp-json\/wp\/v2\/posts\/14589"}],"collection":[{"href":"http:\/\/www.pasadenahoy.com\/primero\/wp-json\/wp\/v2\/posts"}],"about":[{"href":"http:\/\/www.pasadenahoy.com\/primero\/wp-json\/wp\/v2\/types\/post"}],"author":[{"embeddable":true,"href":"http:\/\/www.pasadenahoy.com\/primero\/wp-json\/wp\/v2\/users\/4"}],"replies":[{"embeddable":true,"href":"http:\/\/www.pasadenahoy.com\/primero\/wp-json\/wp\/v2\/comments?post=14589"}],"version-history":[{"count":2,"href":"http:\/\/www.pasadenahoy.com\/primero\/wp-json\/wp\/v2\/posts\/14589\/revisions"}],"predecessor-version":[{"id":14592,"href":"http:\/\/www.pasadenahoy.com\/primero\/wp-json\/wp\/v2\/posts\/14589\/revisions\/14592"}],"wp:featuredmedia":[{"embeddable":true,"href":"http:\/\/www.pasadenahoy.com\/primero\/wp-json\/wp\/v2\/media\/14590"}],"wp:attachment":[{"href":"http:\/\/www.pasadenahoy.com\/primero\/wp-json\/wp\/v2\/media?parent=14589"}],"wp:term":[{"taxonomy":"category","embeddable":true,"href":"http:\/\/www.pasadenahoy.com\/primero\/wp-json\/wp\/v2\/categories?post=14589"},{"taxonomy":"post_tag","embeddable":true,"href":"http:\/\/www.pasadenahoy.com\/primero\/wp-json\/wp\/v2\/tags?post=14589"}],"curies":[{"name":"wp","href":"https:\/\/api.w.org\/{rel}","templated":true}]}}