{"id":14593,"date":"2022-02-18T15:12:01","date_gmt":"2022-02-18T15:12:01","guid":{"rendered":"http:\/\/www.pasadenahoy.com\/primero\/?p=14593"},"modified":"2022-02-18T15:12:02","modified_gmt":"2022-02-18T15:12:02","slug":"estado-avanzando-hacia-un-marco-inteligente-para-la-coexistencia-continua-con-covid","status":"publish","type":"post","link":"http:\/\/www.pasadenahoy.com\/primero\/el-gobierno-local\/estado-avanzando-hacia-un-marco-inteligente-para-la-coexistencia-continua-con-covid\/","title":{"rendered":"Estado avanzando hacia un marco &#8216;INTELIGENTE&#8217; para la coexistencia continua con COVID"},"content":{"rendered":"\n<figure class=\"wp-block-image alignnone size-large\"><figure class=\"alignnone\"><img loading=\"lazy\" width=\"700\" height=\"378\" src=\"http:\/\/www.pasadenahoy.com\/primero\/wp-content\/uploads\/2022\/02\/pic3.png\" alt=\"\" class=\"wp-image-14594\" srcset=\"http:\/\/www.pasadenahoy.com\/primero\/wp-content\/uploads\/2022\/02\/pic3.png 700w, http:\/\/www.pasadenahoy.com\/primero\/wp-content\/uploads\/2022\/02\/pic3-300x162.png 300w, http:\/\/www.pasadenahoy.com\/primero\/wp-content\/uploads\/2022\/02\/pic3-241x130.png 241w, http:\/\/www.pasadenahoy.com\/primero\/wp-content\/uploads\/2022\/02\/pic3-333x180.png 333w, http:\/\/www.pasadenahoy.com\/primero\/wp-content\/uploads\/2022\/02\/pic3-360x194.png 360w\" sizes=\"100vw\" \/><figcaption><span class=\"caption-text\">El gobernador Gavin Newsom (derecha) anunci\u00f3 el nuevo plan SMARTER en una conferencia de prensa en Fontana el jueves 17 de febrero de 2020. [Imagen cortes\u00eda de la oficina del gobernador]<\/span><\/figcaption><\/figure><\/figure>\n\n\n\n<p>Marcando un cambio en la batalla contra el COVID-19, los funcionarios estatales anunciaron el jueves un marco basado en la idea de que el virus tendr\u00e1 una presencia continua, y llevar\u00e1 a California a un estado continuo de preparaci\u00f3n para abordar brotes localizados y responder a posibles nuevas variantes de el virus, mientras intenta dar a los residentes al menos una sensaci\u00f3n de normalidad.<\/p>\n\n\n\n<p>\u201cEstamos pasando de la fase de crisis a una fase en la que trabajaremos para vivir con este virus y mantendremos una postura de preparaci\u00f3n y nos mantendremos al tanto de la naturaleza del cambio que es tan evidente con esta pandemia y enfermedad\u201d. dijo el gobernador Gavin Newsom en una conferencia de prensa en Fontana. \u201cNos estamos alejando\u2026 de una construcci\u00f3n de mandatos de mayor control a una en la que creamos las condiciones y un entorno en el que no reaccionamos, pero mantenemos una postura en la que nos mantenemos al tanto de las mutaciones\u2026 y nos aseguramos de que estamos comunicarse de manera m\u00e1s efectiva\u201d.<\/p>\n\n\n\n<p>El plan &#8220;SMARTER&#8221; del estado contin\u00faa enfatizando la importancia de las vacunas y las pruebas, junto con la educaci\u00f3n continua sobre el virus, la comunicaci\u00f3n con los residentes sobre las condiciones a medida que cambian y la vigilancia de nuevas variantes que podr\u00edan surgir y conducir a nuevas oleadas.<\/p>\n\n\n\n<p>Los inquilinos del plan son M\u00c1S INTELIGENTES: inyecciones, m\u00e1scaras, conciencia, preparaci\u00f3n, pruebas, educaci\u00f3n y &#8220;Rx&#8221; o tratamiento.<\/p>\n\n\n\n<p>\u201cEst\u00e1 claro que el virus permanecer\u00e1 con nosotros por alg\u00fan tiempo, si no para siempre\u201d, seg\u00fan el documento oficial publicado por la oficina del gobernador. \u201cEs menos claro con qu\u00e9 frecuencia y cu\u00e1nto seguir\u00e1 afectando nuestra salud y bienestar. Sin embargo, sabemos lo que funciona y hemos creado las herramientas necesarias durante los \u00faltimos dos a\u00f1os que nos permiten aprender y perfeccionar nuestras defensas contra este virus a medida que evoluciona\u201d.<\/p>\n\n\n\n<p>La presidenta del Partido Republicano de California, Jessica Millan Patterson, emiti\u00f3 un comunicado en el que critic\u00f3 el anuncio de Newsom como largo en ret\u00f3rica pero corto en sustancia.<\/p>\n\n\n\n<p>\u201cEn el anuncio m\u00e1s exagerado desde la apertura de la b\u00f3veda de Al Capone, Gavin Newsom sirvi\u00f3 hoy una porci\u00f3n extra grande de ensalada de palabras y poco m\u00e1s\u201d, dijo Patterson. \u201cH\u00e1ganos saber cu\u00e1ndo decide seguir el ejemplo de otros estados azules y poner fin a su estado de emergencia o levantar su mandato de m\u00e1scara escolar\u2026\u201d<\/p>\n\n\n\n<p>El plan est\u00e1 dise\u00f1ado para llevar al estado m\u00e1s all\u00e1 de la pandemia y m\u00e1s hacia una etapa &#8220;end\u00e9mica&#8221; en la que los residentes aprender\u00e1n a coexistir con un virus obstinado.<\/p>\n\n\n\n<p>\u201cHoy se trata de equilibrio casi m\u00e1s que de cualquier otra cosa\u201d, dijo a los periodistas el Dr. Mark Ghaly, secretario de Salud y Servicios Humanos del estado. \u201cEquilibrio entre mensaje de esperanza y adaptaci\u00f3n exitosa, pero tambi\u00e9n vigilancia preparada. Hoy no se trata de seguir adelante, sino de seguir adelante\u201d.<\/p>\n\n\n\n<p>Ghaly dijo que el marco se basa en el conocimiento que se ha recopilado sobre el virus en los \u00faltimos dos a\u00f1os, incluidas las mejores formas de responder a ciertos tipos de nuevas variantes. Tambi\u00e9n reconoce la creciente inmunidad en todo el estado, ya sea a trav\u00e9s de la vacunaci\u00f3n o una infecci\u00f3n previa o ambas. El tema general es uno de preparaci\u00f3n, dijo Ghaly.<\/p>\n\n\n\n<p>Parte de esa preparaci\u00f3n ser\u00e1 una reserva estatal de m\u00e1scaras, ventiladores, pruebas de venta libre y otros recursos necesarios para responder si se producen brotes. Ghaly dijo que, a diferencia de los planes anteriores de respuesta a pandemias, el marco SMARTER no contiene umbrales predeterminados que activar\u00edan restricciones selectas.<\/p>\n\n\n\n<p>\u201cNos estamos deslizando hacia la normalidad. No estamos anunciando lo normal. \u2026. Este es un estado que tendr\u00e1 herramientas disponibles y mantendr\u00e1 nuestras antenas en alto\u201d, dijo Ghaly.<\/p>\n\n\n\n<p>\u201cNos va a dar confianza sobre c\u00f3mo movernos ya no con miedo, sino con la sensaci\u00f3n de que nosotros en el estado vamos a respaldar a todos, brindando buena informaci\u00f3n que es clara y les permite a ellos (residentes) hacer muchas de las cosas que tal vez han dejado en suspenso, lo que reci\u00e9n est\u00e1n comenzando a hacer y lo hacen con confianza\u201d, dijo. \u201cY eso tambi\u00e9n incluye poder decirle a la gente cuando estamos viendo algo preocupante\u201d.<\/p>\n","protected":false},"excerpt":{"rendered":"<p>Marcando un cambio en la batalla contra el COVID-19, los funcionarios estatales anunciaron el jueves un marco basado en la idea de que el virus tendr\u00e1 una presencia continua, y llevar\u00e1 a California a un estado continuo de preparaci\u00f3n para abordar brotes localizados y responder a posibles nuevas variantes de el virus, mientras intenta dar a los residentes al menos una sensaci\u00f3n de normalidad. \u201cEstamos pasando de la fase de crisis a una fase en la que trabajaremos para vivir [&hellip;]<\/p>\n","protected":false},"author":4,"featured_media":14594,"comment_status":"open","ping_status":"closed","sticky":false,"template":"","format":"standard","meta":[],"categories":[6],"tags":[],"acf":[],"_links":{"self":[{"href":"http:\/\/www.pasadenahoy.com\/primero\/wp-json\/wp\/v2\/posts\/14593"}],"collection":[{"href":"http:\/\/www.pasadenahoy.com\/primero\/wp-json\/wp\/v2\/posts"}],"about":[{"href":"http:\/\/www.pasadenahoy.com\/primero\/wp-json\/wp\/v2\/types\/post"}],"author":[{"embeddable":true,"href":"http:\/\/www.pasadenahoy.com\/primero\/wp-json\/wp\/v2\/users\/4"}],"replies":[{"embeddable":true,"href":"http:\/\/www.pasadenahoy.com\/primero\/wp-json\/wp\/v2\/comments?post=14593"}],"version-history":[{"count":2,"href":"http:\/\/www.pasadenahoy.com\/primero\/wp-json\/wp\/v2\/posts\/14593\/revisions"}],"predecessor-version":[{"id":14596,"href":"http:\/\/www.pasadenahoy.com\/primero\/wp-json\/wp\/v2\/posts\/14593\/revisions\/14596"}],"wp:featuredmedia":[{"embeddable":true,"href":"http:\/\/www.pasadenahoy.com\/primero\/wp-json\/wp\/v2\/media\/14594"}],"wp:attachment":[{"href":"http:\/\/www.pasadenahoy.com\/primero\/wp-json\/wp\/v2\/media?parent=14593"}],"wp:term":[{"taxonomy":"category","embeddable":true,"href":"http:\/\/www.pasadenahoy.com\/primero\/wp-json\/wp\/v2\/categories?post=14593"},{"taxonomy":"post_tag","embeddable":true,"href":"http:\/\/www.pasadenahoy.com\/primero\/wp-json\/wp\/v2\/tags?post=14593"}],"curies":[{"name":"wp","href":"https:\/\/api.w.org\/{rel}","templated":true}]}}