{"id":14605,"date":"2022-02-18T15:23:56","date_gmt":"2022-02-18T15:23:56","guid":{"rendered":"http:\/\/www.pasadenahoy.com\/primero\/?p=14605"},"modified":"2022-02-18T15:23:57","modified_gmt":"2022-02-18T15:23:57","slug":"rodriguez-sera-honrado-con-el-premio-kolzak-de-glaad","status":"publish","type":"post","link":"http:\/\/www.pasadenahoy.com\/primero\/la-comunidad\/rodriguez-sera-honrado-con-el-premio-kolzak-de-glaad\/","title":{"rendered":"Rodr\u00edguez ser\u00e1 honrado con el Premio Kolzak de GLAAD"},"content":{"rendered":"\n<figure class=\"wp-block-image alignnone size-large\"><figure class=\"alignnone\"><img loading=\"lazy\" width=\"700\" height=\"467\" src=\"http:\/\/www.pasadenahoy.com\/primero\/wp-content\/uploads\/2022\/02\/pic6-1.jpg\" alt=\"\" class=\"wp-image-14606\" srcset=\"http:\/\/www.pasadenahoy.com\/primero\/wp-content\/uploads\/2022\/02\/pic6-1.jpg 700w, http:\/\/www.pasadenahoy.com\/primero\/wp-content\/uploads\/2022\/02\/pic6-1-300x200.jpg 300w, http:\/\/www.pasadenahoy.com\/primero\/wp-content\/uploads\/2022\/02\/pic6-1-195x130.jpg 195w, http:\/\/www.pasadenahoy.com\/primero\/wp-content\/uploads\/2022\/02\/pic6-1-270x180.jpg 270w, http:\/\/www.pasadenahoy.com\/primero\/wp-content\/uploads\/2022\/02\/pic6-1-360x240.jpg 360w\" sizes=\"100vw\" \/><figcaption><span class=\"caption-text\">[Foto cortes\u00eda de Pasadena Playhouse]<\/span><\/figcaption><\/figure><\/figure>\n\n\n\n<p>La galardonada actriz, cantante y activista Michaela Ja\u00e9 (Mj) Rodr\u00edguez, que rompi\u00f3 barreras cuando apareci\u00f3 en una obra de teatro en el Pasadena Playhouse, ser\u00e1 honrada con el Premio Stephen F. Kolzak en la 33.\u00aa edici\u00f3n anual de los GLAAD Media Awards en Los \u00c1ngeles en el Beverly Hilton el 2 de abril.<\/p>\n\n\n\n<p>\u201cMichaela Ja\u00e9 Rodr\u00edguez es un talento innegable que est\u00e1 cambiando la forma en que el p\u00fablico entiende a las personas trans mientras derriba las barreras para la comunidad trans y las personas de color LGBTQ dentro de la industria del entretenimiento\u201d, dijo la presidenta y directora ejecutiva de GLAAD, Sarah Kate Ellis, en un comunicado. \u201cSu actuaci\u00f3n como Blanca en &#8216;Pose&#8217; fue uno de los papeles m\u00e1s importantes e impactantes en la historia de la representaci\u00f3n LGBTQ en la televisi\u00f3n, y contin\u00faa encabezando el futuro de la visibilidad e inclusi\u00f3n trans en el entretenimiento a trav\u00e9s de su talento en la pantalla, en la m\u00fasica, y como un activista apasionado.\u201d<\/p>\n\n\n\n<p>En 2019, Rodr\u00edguez apareci\u00f3 en &#8220;Little Shop of Horrors&#8221; como Audrey en Pasadena Playhouse, lo que marc\u00f3 la primera vez que una mujer trans apareci\u00f3 en el papel de una producci\u00f3n importante.<\/p>\n\n\n\n<p>Rodr\u00edguez es conocida por su papel de Blanca Evangelista en la serie de FX \u201cPose\u201d. Gan\u00f3 un Globo de Oro y fue nominada a un premio Emmy a la mejor actriz en un papel principal por &#8220;Pose&#8221;, convirti\u00e9ndola en la primera mujer trans en ganar un premio Globo de Oro y obtener una nominaci\u00f3n al Emmy. Tambi\u00e9n es la primera mujer abiertamente transg\u00e9nero en ganar un premio NAACP Imagen a la mejor actriz de televisi\u00f3n.<\/p>\n\n\n\n<p>El premio Stephen F. Kolzak, otorgado a un profesional de los medios LGBTQ que ha marcado una diferencia significativa en la promoci\u00f3n de la aceptaci\u00f3n LGBTQ, lleva el nombre de un legendario director de casting, que dedic\u00f3 su vida a crear conciencia en la industria del entretenimiento sobre la discriminaci\u00f3n que enfrentan las personas LGBTQ. y personas con VIH. Los homenajeados anteriores de Stephen F. Kolzak incluyen a Laverne Cox, Jim Parsons, Wanda Sykes, Troye Sivan, Ruby Rose, Chaz Bono, Stephen Warren, Melissa Etheridge y Sir Ian McKellen.<\/p>\n\n\n\n<p>En 2021, The Advocate seleccion\u00f3 a Rodr\u00edguez como su Persona del A\u00f1o, un anuncio que se produjo cuando se preparaba para aparecer como Carolyn en \u201ctick, tick, BOOM!\u201d de Netflix, dirigida por Lin-Manuel Miranda. Rodr\u00edguez protagonizar\u00e1 con Maya Rudolph la pr\u00f3xima serie de Apple TV+ \u201cLoot\u201d.<\/p>\n\n\n\n<p>Rodr\u00edguez le dijo a Variety c\u00f3mo ser trans en s\u00ed mismo es activismo y afirm\u00f3: \u201cObviamente estoy luchando por mi comunidad simplemente porque soy trans, y tengo que hacer eso, y lo hago porque esa es mi existencia. Me despierto por la ma\u00f1ana y ese es mi activismo\u201d.<\/p>\n\n\n\n<p>Adem\u00e1s, recibi\u00f3 el premio Trailblazer Hispanic Heritage Award 2018 por su trabajo en \u201cPose\u201d.<\/p>\n\n\n\n<p>Sobre su legado, Rodr\u00edguez le dijo a Harper&#8217;s Bazaar: &#8220;Michaela Ja\u00e9 est\u00e1 aqu\u00ed para quedarse, y est\u00e1 aqu\u00ed para asegurarse de que estamos cambiando el mundo en todas las di\u00e1sporas&#8221;.<\/p>\n\n\n\n<p>Las ceremonias de los GLAAD Media Awards, que financian el trabajo de GLAAD para acelerar la aceptaci\u00f3n LGBTQ, se realizar\u00e1n en Los \u00c1ngeles en el Beverly Hilton el 2 de abril y en Nueva York en el Hilton Midtown el 6 de mayo.<\/p>\n\n\n\n<p>La presidenta y directora ejecutiva de GLAAD, Sarah Kate Ellis, se desempe\u00f1a como productora ejecutiva de los premios GLAAD Media Awards con el personal de GLAAD, Rich Ferraro y Anthony Allen Ramos.<\/p>\n","protected":false},"excerpt":{"rendered":"<p>La galardonada actriz, cantante y activista Michaela Ja\u00e9 (Mj) Rodr\u00edguez, que rompi\u00f3 barreras cuando apareci\u00f3 en una obra de teatro en el Pasadena Playhouse, ser\u00e1 honrada con el Premio Stephen F. Kolzak en la 33.\u00aa edici\u00f3n anual de los GLAAD Media Awards en Los \u00c1ngeles en el Beverly Hilton el 2 de abril. \u201cMichaela Ja\u00e9 Rodr\u00edguez es un talento innegable que est\u00e1 cambiando la forma en que el p\u00fablico entiende a las personas trans mientras derriba las barreras para la [&hellip;]<\/p>\n","protected":false},"author":4,"featured_media":0,"comment_status":"open","ping_status":"closed","sticky":false,"template":"","format":"standard","meta":[],"categories":[4],"tags":[],"acf":[],"_links":{"self":[{"href":"http:\/\/www.pasadenahoy.com\/primero\/wp-json\/wp\/v2\/posts\/14605"}],"collection":[{"href":"http:\/\/www.pasadenahoy.com\/primero\/wp-json\/wp\/v2\/posts"}],"about":[{"href":"http:\/\/www.pasadenahoy.com\/primero\/wp-json\/wp\/v2\/types\/post"}],"author":[{"embeddable":true,"href":"http:\/\/www.pasadenahoy.com\/primero\/wp-json\/wp\/v2\/users\/4"}],"replies":[{"embeddable":true,"href":"http:\/\/www.pasadenahoy.com\/primero\/wp-json\/wp\/v2\/comments?post=14605"}],"version-history":[{"count":2,"href":"http:\/\/www.pasadenahoy.com\/primero\/wp-json\/wp\/v2\/posts\/14605\/revisions"}],"predecessor-version":[{"id":14608,"href":"http:\/\/www.pasadenahoy.com\/primero\/wp-json\/wp\/v2\/posts\/14605\/revisions\/14608"}],"wp:attachment":[{"href":"http:\/\/www.pasadenahoy.com\/primero\/wp-json\/wp\/v2\/media?parent=14605"}],"wp:term":[{"taxonomy":"category","embeddable":true,"href":"http:\/\/www.pasadenahoy.com\/primero\/wp-json\/wp\/v2\/categories?post=14605"},{"taxonomy":"post_tag","embeddable":true,"href":"http:\/\/www.pasadenahoy.com\/primero\/wp-json\/wp\/v2\/tags?post=14605"}],"curies":[{"name":"wp","href":"https:\/\/api.w.org\/{rel}","templated":true}]}}