{"id":14616,"date":"2022-02-21T15:07:29","date_gmt":"2022-02-21T15:07:29","guid":{"rendered":"http:\/\/www.pasadenahoy.com\/primero\/?p=14616"},"modified":"2022-02-21T15:07:30","modified_gmt":"2022-02-21T15:07:30","slug":"el-fiscal-de-distrito-cambia-la-politica-contra-la-presentacion-de-alegaciones-de-circunstancias-especiales","status":"publish","type":"post","link":"http:\/\/www.pasadenahoy.com\/primero\/la-comunidad\/el-fiscal-de-distrito-cambia-la-politica-contra-la-presentacion-de-alegaciones-de-circunstancias-especiales\/","title":{"rendered":"El fiscal de distrito cambia la pol\u00edtica contra la presentaci\u00f3n de alegaciones de circunstancias especiales"},"content":{"rendered":"\n<figure class=\"wp-block-image alignnone size-large\"><figure class=\"alignnone\"><img loading=\"lazy\" width=\"700\" height=\"378\" src=\"http:\/\/www.pasadenahoy.com\/primero\/wp-content\/uploads\/2022\/02\/pic-2-9.jpg\" alt=\"\" class=\"wp-image-14617\" srcset=\"http:\/\/www.pasadenahoy.com\/primero\/wp-content\/uploads\/2022\/02\/pic-2-9.jpg 700w, http:\/\/www.pasadenahoy.com\/primero\/wp-content\/uploads\/2022\/02\/pic-2-9-300x162.jpg 300w, http:\/\/www.pasadenahoy.com\/primero\/wp-content\/uploads\/2022\/02\/pic-2-9-241x130.jpg 241w, http:\/\/www.pasadenahoy.com\/primero\/wp-content\/uploads\/2022\/02\/pic-2-9-333x180.jpg 333w, http:\/\/www.pasadenahoy.com\/primero\/wp-content\/uploads\/2022\/02\/pic-2-9-360x194.jpg 360w\" sizes=\"100vw\" \/><\/figure><\/figure>\n\n\n\n<p>El fiscal de distrito del condado de Los \u00c1ngeles, George Gasc\u00f3n, se ha retractado de dos de sus directivas m\u00e1s criticadas, una que elimina la opci\u00f3n de juzgar a menores como adultos por delitos graves y otra que evita acusaciones especiales que podr\u00edan resultar en cadenas perpetuas sin libertad condicional en algunos casos de asesinato.<\/p>\n\n\n\n<p>Gasc\u00f3n se\u00f1al\u00f3 en una serie de memorandos del personal publicados el viernes por la noche que &#8220;puede haber una rara ocasi\u00f3n&#8221; en la que las alegaciones de circunstancias especiales pueden ser &#8220;necesarias&#8221; que podr\u00edan resultar en una cadena perpetua sin libertad condicional en casos de asesinato y los menores pueden ser transferidos selectivamente al adulto. sistema judicial en los \u201ccasos m\u00e1s atroces que justifican un encarcelamiento estatal\u201d.<\/p>\n\n\n\n<p>Los nuevos memorandos surgen cuando el principal fiscal del condado ha sido criticado por las familias de algunas v\u00edctimas de delitos, el alguacil del condado de Los \u00c1ngeles, Alex Villanueva, el exjefe del Departamento de Polic\u00eda de Los \u00c1ngeles, Charlie Beck, y algunos fiscales de su propia oficina.<\/p>\n\n\n\n<p>Gasc\u00f3n tambi\u00e9n enfrenta un nuevo esfuerzo de destituci\u00f3n que se anunci\u00f3 en diciembre. Los partidarios del retiro est\u00e1n trabajando para recopilar 566,857 firmas de votantes registrados del condado de Los \u00c1ngeles para enviarlas a la oficina de registro del condado antes del 6 de julio. Un esfuerzo similar en 2021 no logr\u00f3 reunir suficientes firmas para calificar.<\/p>\n\n\n\n<p>Justo despu\u00e9s de asumir el cargo en diciembre de 2020, Gasc\u00f3n anunci\u00f3 una serie de directivas, incluida una que ped\u00eda desestimar, retirar o no presentar alegaciones de circunstancias especiales en casos de asesinato y otra que promet\u00eda que la oficina \u201cTERMINAR\u00cdA de inmediato con la pr\u00e1ctica de enviar a los j\u00f3venes a la c\u00e1rcel para adultos\u201d. sistema judicial.&#8221;<\/p>\n\n\n\n<p>En uno de los memorandos publicados el viernes por la noche, Gasc\u00f3n escribi\u00f3 que la oficina est\u00e1 \u201ccomprometida a nunca buscar la pena de muerte, eliminar el encarcelamiento masivo y fomentar la rehabilitaci\u00f3n de los acusados \u200b\u200bde delitos\u201d.<\/p>\n\n\n\n<p>\u201cSin embargo, despu\u00e9s de escuchar a la comunidad, las v\u00edctimas y los colegas, entiendo que puede haber raras ocasiones en las que sea necesario presentar alegaciones de circunstancias especiales. En consecuencia, crear\u00e9 un comit\u00e9 para revisar la idoneidad de presentar dichas mejoras en un n\u00famero extremadamente limitado de casos donde los hechos subyacentes son extraordinarios y\/o las v\u00edctimas son excepcionalmente vulnerables\u201d, escribi\u00f3 Gasc\u00f3n en un memorando.<\/p>\n\n\n\n<p>El comit\u00e9, denominado Comit\u00e9 de Evaluaci\u00f3n de Cargos Alternativos, revisar\u00e1 los casos en los que el fiscal a cargo, el jefe adjunto y el director de la oficina est\u00e9n de acuerdo en que se justifica una excepci\u00f3n para presentar una acusaci\u00f3n o alegaciones de circunstancias especiales, seg\u00fan Gasc\u00f3n.<\/p>\n\n\n\n<p>El memorando se\u00f1ala que la aprobaci\u00f3n para presentar alegaciones de circunstancias especiales &#8220;solo se otorgar\u00e1 en situaciones extraordinarias en las que est\u00e9 muy claro que el acusado est\u00e1 m\u00e1s all\u00e1 de cualquier medio de rehabilitaci\u00f3n y el delito perpetrado merece esta pena extrema&#8221;, y que la oficina entonces buscar\u00eda cadena perpetua sin posibilidad de libertad condicional en los casos en que se estime procedente dicha presentaci\u00f3n.<\/p>\n\n\n\n<p>La asociaci\u00f3n que representa a m\u00e1s de 800 fiscales de distrito adjuntos en el condado de Los \u00c1ngeles present\u00f3 una demanda en diciembre de 2020 desafiando algunas de las directivas de Gasc\u00f3n, incluido el requisito de que los fiscales busquen la desestimaci\u00f3n de las acusaciones de circunstancias especiales en los casos de asesinato que estaban pendientes. La asociaci\u00f3n sostuvo que los movimientos fueron \u201cilegales\u201d.<\/p>\n\n\n\n<p>Un juez fall\u00f3 mayoritariamente a favor de la Asociaci\u00f3n de Fiscales Adjuntos del Condado de Los \u00c1ngeles en febrero pasado, pero posteriormente suspendi\u00f3 el caso mientras Gasc\u00f3n apela. La fecha del juicio est\u00e1 programada para ser fijada para el caso en abril.<\/p>\n\n\n\n<p>Mientras tanto, en otro memorando emitido el viernes, Gasc\u00f3n se\u00f1al\u00f3 que bajo su directiva de diciembre de 2020 existe una \u201cpresunci\u00f3n de que la oficina no buscar\u00e1 la transferencia a la jurisdicci\u00f3n penal\u201d para los delincuentes juveniles.<\/p>\n\n\n\n<p>\u201cSin embargo, en circunstancias excepcionales, la jurisdicci\u00f3n penal puede ser apropiada para los delincuentes juveniles\u201d, escribi\u00f3 Gasc\u00f3n. \u201cLas transferencias selectivas de menores al sistema judicial de adultos solo se realizar\u00e1n en los casos m\u00e1s atroces que justifiquen un encarcelamiento estatal, donde est\u00e9 muy claro que el menor representa un peligro para el p\u00fablico y tiene serias dificultades para controlar su comportamiento peligroso de acuerdo con la evaluaci\u00f3n para la detenci\u00f3n prolongada en un Centro Seguro de Tratamiento para J\u00f3venes\u201d.<\/p>\n\n\n\n<p>Un comit\u00e9 separado, el Comit\u00e9 de Acusaci\u00f3n Alternativa Juvenil, revisar\u00e1 los casos cuando se presenten con una recomendaci\u00f3n del fiscal, el adjunto a cargo, el asistente del jefe adjunto y el jefe adjunto de la Divisi\u00f3n de Menores para proceder con una audiencia de transferencia a un tribunal de adultos. para los casos que se originan en la corte de menores.<\/p>\n\n\n\n<p>Gasc\u00f3n ha defendido repetidamente sus pol\u00edticas, diciendo que sus posturas eran bien conocidas durante su campa\u00f1a y que su elecci\u00f3n signific\u00f3 el apoyo p\u00fablico a su agenda.<\/p>\n\n\n\n<p>\u201cEl fiscal est\u00e1 firmemente comprometido con sus principios. Uno de estos principios subyacentes es refinar constantemente lo que estamos haciendo para que podamos continuar mejorando la seguridad p\u00fablica. <\/p>\n\n\n\n<p>ty de una manera reflexiva\u201d, dijo Alex Bastian, asesor especial de Gasc\u00f3n, en un comunicado despu\u00e9s de la publicaci\u00f3n de los memorandos. \u201cEsto es lo que el D.A. siempre ha hecho y lo que seguir\u00e1 haciendo. Ahora llevamos m\u00e1s de un a\u00f1o en su mandato, ha escuchado a miembros de la comunidad, v\u00edctimas y colegas. En base a todo lo que hemos aprendido, estamos implementando estos ajustes de pol\u00edtica\u201d.<\/p>\n\n\n\n<p>\u201cNos mantendremos fieles a nuestros principios rectores y continuaremos evaluando el trabajo que hacemos para asegurarnos de que estamos en constante evoluci\u00f3n para avanzar a\u00fan m\u00e1s en la seguridad p\u00fablica\u201d, agreg\u00f3 Bastian.<\/p>\n\n\n\n<p><\/p>\n","protected":false},"excerpt":{"rendered":"<p>El fiscal de distrito del condado de Los \u00c1ngeles, George Gasc\u00f3n, se ha retractado de dos de sus directivas m\u00e1s criticadas, una que elimina la opci\u00f3n de juzgar a menores como adultos por delitos graves y otra que evita acusaciones especiales que podr\u00edan resultar en cadenas perpetuas sin libertad condicional en algunos casos de asesinato. Gasc\u00f3n se\u00f1al\u00f3 en una serie de memorandos del personal publicados el viernes por la noche que &#8220;puede haber una rara ocasi\u00f3n&#8221; en la que las [&hellip;]<\/p>\n","protected":false},"author":4,"featured_media":14617,"comment_status":"open","ping_status":"closed","sticky":false,"template":"","format":"standard","meta":[],"categories":[4],"tags":[],"acf":[],"_links":{"self":[{"href":"http:\/\/www.pasadenahoy.com\/primero\/wp-json\/wp\/v2\/posts\/14616"}],"collection":[{"href":"http:\/\/www.pasadenahoy.com\/primero\/wp-json\/wp\/v2\/posts"}],"about":[{"href":"http:\/\/www.pasadenahoy.com\/primero\/wp-json\/wp\/v2\/types\/post"}],"author":[{"embeddable":true,"href":"http:\/\/www.pasadenahoy.com\/primero\/wp-json\/wp\/v2\/users\/4"}],"replies":[{"embeddable":true,"href":"http:\/\/www.pasadenahoy.com\/primero\/wp-json\/wp\/v2\/comments?post=14616"}],"version-history":[{"count":2,"href":"http:\/\/www.pasadenahoy.com\/primero\/wp-json\/wp\/v2\/posts\/14616\/revisions"}],"predecessor-version":[{"id":14619,"href":"http:\/\/www.pasadenahoy.com\/primero\/wp-json\/wp\/v2\/posts\/14616\/revisions\/14619"}],"wp:featuredmedia":[{"embeddable":true,"href":"http:\/\/www.pasadenahoy.com\/primero\/wp-json\/wp\/v2\/media\/14617"}],"wp:attachment":[{"href":"http:\/\/www.pasadenahoy.com\/primero\/wp-json\/wp\/v2\/media?parent=14616"}],"wp:term":[{"taxonomy":"category","embeddable":true,"href":"http:\/\/www.pasadenahoy.com\/primero\/wp-json\/wp\/v2\/categories?post=14616"},{"taxonomy":"post_tag","embeddable":true,"href":"http:\/\/www.pasadenahoy.com\/primero\/wp-json\/wp\/v2\/tags?post=14616"}],"curies":[{"name":"wp","href":"https:\/\/api.w.org\/{rel}","templated":true}]}}