{"id":14620,"date":"2022-02-21T15:12:26","date_gmt":"2022-02-21T15:12:26","guid":{"rendered":"http:\/\/www.pasadenahoy.com\/primero\/?p=14620"},"modified":"2022-02-21T15:12:27","modified_gmt":"2022-02-21T15:12:27","slug":"retrasado-por-el-aumento-de-covid-el-conteo-de-personas-sin-hogar-del-condado-de-los-angeles-de-2022-esta-en-marcha","status":"publish","type":"post","link":"http:\/\/www.pasadenahoy.com\/primero\/la-comunidad\/retrasado-por-el-aumento-de-covid-el-conteo-de-personas-sin-hogar-del-condado-de-los-angeles-de-2022-esta-en-marcha\/","title":{"rendered":"Retrasado por el aumento de COVID, el conteo de personas sin hogar del condado de Los \u00c1ngeles de 2022 est\u00e1 en marcha"},"content":{"rendered":"\n<figure class=\"wp-block-image alignnone size-large\"><figure class=\"alignnone\"><img loading=\"lazy\" width=\"700\" height=\"378\" src=\"http:\/\/www.pasadenahoy.com\/primero\/wp-content\/uploads\/2022\/02\/pic-3-8.jpg\" alt=\"\" class=\"wp-image-14621\" srcset=\"http:\/\/www.pasadenahoy.com\/primero\/wp-content\/uploads\/2022\/02\/pic-3-8.jpg 700w, http:\/\/www.pasadenahoy.com\/primero\/wp-content\/uploads\/2022\/02\/pic-3-8-300x162.jpg 300w, http:\/\/www.pasadenahoy.com\/primero\/wp-content\/uploads\/2022\/02\/pic-3-8-241x130.jpg 241w, http:\/\/www.pasadenahoy.com\/primero\/wp-content\/uploads\/2022\/02\/pic-3-8-333x180.jpg 333w, http:\/\/www.pasadenahoy.com\/primero\/wp-content\/uploads\/2022\/02\/pic-3-8-360x194.jpg 360w\" sizes=\"100vw\" \/><figcaption><span class=\"caption-text\">La polic\u00eda y miembros de organizaciones comunitarias llevan a cabo actividades de divulgaci\u00f3n para personas sin hogar en Pasadena en noviembre de 2020. [Cr\u00e9dito: Ciudad de Pasadena]<\/span><\/figcaption><\/figure><\/figure>\n\n\n\n<p>Luego de un aplazamiento de un mes debido al aumento en los casos de COVID-19 en el condado de Los \u00c1ngeles, el conteo de personas sin hogar en un punto en el tiempo del \u00e1rea metropolitana de Los \u00c1ngeles de 2022 comienza el martes por la noche, con voluntarios repartidos para obtener un conteo preciso del n\u00famero de personas sin vivienda en la zona.<br>El conteo se realizar\u00e1 durante tres noches a partir del martes, comenzando en los valles de San Gabriel y San Fernando.<\/p>\n\n\n\n<p>El esfuerzo es esencial para comprender cu\u00e1n grande se ha vuelto la crisis de personas sin hogar en la regi\u00f3n. Debe ser realizado por proveedores de Continuum of Care para recibir fondos federales a trav\u00e9s del Departamento de Vivienda y Desarrollo Urbano de EE. UU.<\/p>\n\n\n\n<p>El conteo de este a\u00f1o ser\u00e1 el primero del condado desde 2020, ya que el a\u00f1o pasado se cancel\u00f3 cuando LAHSA determin\u00f3 que no era seguro reunir a 8,000 voluntarios en medio de \u00f3rdenes de quedarse en casa y toques de queda debido a COVID-19.<\/p>\n\n\n\n<p>El condado recibi\u00f3 una exenci\u00f3n del Departamento de Vivienda y Desarrollo Urbano de EE. UU. y no estaba obligado a realizar un conteo en 2021.<\/p>\n\n\n\n<p>El conteo de este a\u00f1o se plane\u00f3 originalmente para el 25 al 27 de enero, pero el aumento de casos de COVID en el condado, impulsado por la variante Omicron, oblig\u00f3 a cambiar los planes.<\/p>\n\n\n\n<p>\u201cSi bien trabajamos para garantizar un recuento preciso de personas sin hogar, no podemos ignorar el creciente n\u00famero de casos positivos de COVID-19 en nuestra regi\u00f3n\u201d, dijo la directora ejecutiva de LAHSA, Heidi Marston, el 14 de enero, cuando se anunci\u00f3 el aplazamiento.<\/p>\n\n\n\n<p>\u201cEsta decisi\u00f3n es nuestro mejor camino para garantizar la precisi\u00f3n del recuento de personas sin hogar sin poner en riesgo la salud y la seguridad de las personas sin hogar, los voluntarios y la comunidad\u201d.<\/p>\n\n\n\n<p>LAHSA ya hab\u00eda realizado cambios de dise\u00f1o en el conteo de este a\u00f1o debido al COVID-19, incluso antes de que el aumento de la variante de Omicron forzara el aplazamiento.<\/p>\n\n\n\n<p>Los cambios incluyen mover los sitios de despliegue al aire libre, mover las sesiones de capacitaci\u00f3n de voluntarios en l\u00ednea, alentar a los voluntarios a minimizar las interacciones entre grupos, exigir m\u00e1scaras y alentar a los voluntarios a vacunarse.<\/p>\n\n\n\n<p>\u201cEl conteo de personas sin hogar es una herramienta esencial para darnos una instant\u00e1nea de un punto en el tiempo de la falta de vivienda. Los datos del recuento se utilizan para informar la prestaci\u00f3n de servicios y programas para personas sin hogar en Los \u00c1ngeles\u201d, dijo Marston.<\/p>\n\n\n\n<p>Seg\u00fan el recuento de 2020, la poblaci\u00f3n de personas sin hogar del condado aument\u00f3 un 12,7 % con respecto al a\u00f1o anterior, mientras que la poblaci\u00f3n de personas sin hogar de la ciudad de Los \u00c1ngeles aument\u00f3 un 14,2 %.<\/p>\n\n\n\n<p>En enero de 2019, el condado de Los \u00c1ngeles ten\u00eda 58 936 personas sin hogar, pero para enero de 2020, el n\u00famero aument\u00f3 a 66 433. La ciudad de Los \u00c1ngeles cont\u00f3 con 36.165 en 2019 y 41.290 en 2020.<\/p>\n\n\n\n<p>Se espera que LAHSA haga p\u00fablicos los resultados del conteo de 2022 durante el verano.<\/p>\n","protected":false},"excerpt":{"rendered":"<p>Luego de un aplazamiento de un mes debido al aumento en los casos de COVID-19 en el condado de Los \u00c1ngeles, el conteo de personas sin hogar en un punto en el tiempo del \u00e1rea metropolitana de Los \u00c1ngeles de 2022 comienza el martes por la noche, con voluntarios repartidos para obtener un conteo preciso del n\u00famero de personas sin vivienda en la zona.El conteo se realizar\u00e1 durante tres noches a partir del martes, comenzando en los valles de San [&hellip;]<\/p>\n","protected":false},"author":4,"featured_media":14621,"comment_status":"open","ping_status":"closed","sticky":false,"template":"","format":"standard","meta":[],"categories":[4],"tags":[],"acf":[],"_links":{"self":[{"href":"http:\/\/www.pasadenahoy.com\/primero\/wp-json\/wp\/v2\/posts\/14620"}],"collection":[{"href":"http:\/\/www.pasadenahoy.com\/primero\/wp-json\/wp\/v2\/posts"}],"about":[{"href":"http:\/\/www.pasadenahoy.com\/primero\/wp-json\/wp\/v2\/types\/post"}],"author":[{"embeddable":true,"href":"http:\/\/www.pasadenahoy.com\/primero\/wp-json\/wp\/v2\/users\/4"}],"replies":[{"embeddable":true,"href":"http:\/\/www.pasadenahoy.com\/primero\/wp-json\/wp\/v2\/comments?post=14620"}],"version-history":[{"count":2,"href":"http:\/\/www.pasadenahoy.com\/primero\/wp-json\/wp\/v2\/posts\/14620\/revisions"}],"predecessor-version":[{"id":14623,"href":"http:\/\/www.pasadenahoy.com\/primero\/wp-json\/wp\/v2\/posts\/14620\/revisions\/14623"}],"wp:featuredmedia":[{"embeddable":true,"href":"http:\/\/www.pasadenahoy.com\/primero\/wp-json\/wp\/v2\/media\/14621"}],"wp:attachment":[{"href":"http:\/\/www.pasadenahoy.com\/primero\/wp-json\/wp\/v2\/media?parent=14620"}],"wp:term":[{"taxonomy":"category","embeddable":true,"href":"http:\/\/www.pasadenahoy.com\/primero\/wp-json\/wp\/v2\/categories?post=14620"},{"taxonomy":"post_tag","embeddable":true,"href":"http:\/\/www.pasadenahoy.com\/primero\/wp-json\/wp\/v2\/tags?post=14620"}],"curies":[{"name":"wp","href":"https:\/\/api.w.org\/{rel}","templated":true}]}}